{"id":5183,"date":"2023-03-07T17:27:44","date_gmt":"2023-03-07T20:27:44","guid":{"rendered":"https:\/\/noticiasdestaque.com.br\/index.php\/2023\/03\/07\/em-atalaia-do-norte-populacao-convive-com-desemprego-e-violencia\/"},"modified":"2023-03-07T17:27:44","modified_gmt":"2023-03-07T20:27:44","slug":"em-atalaia-do-norte-populacao-convive-com-desemprego-e-violencia","status":"publish","type":"post","link":"https:\/\/noticiasdestaque.com.br\/index.php\/2023\/03\/07\/em-atalaia-do-norte-populacao-convive-com-desemprego-e-violencia\/","title":{"rendered":"Em Atalaia do Norte, popula\u00e7\u00e3o convive com desemprego e viol\u00eancia"},"content":{"rendered":"<style> bloco.meta {font-style: italic; color: #666;font-weight: 600;font-size: .8em; \/* line-height: .3em; *\/}  text h2 { font-weight: 700 !important;  color: #062f46 !important;} text img { width: none; left: none;}<\/style>\n<\/p>\n<p>Para ingressar no <a href=\"https:\/\/agenciabrasil.ebc.com.br\/direitos-humanos\/noticia\/2023-02\/comitiva-do-governo-e-forcas-de-seguranca-visitam-vale-do-javari\" target=\"_blank\" rel=\"noopener\">Vale do Javari<\/a>, o visitante precisa percorrer algumas cidades do Amazonas. Depois de chegar a <a href=\"https:\/\/agenciabrasil.ebc.com.br\/direitos-humanos\/noticia\/2023-03\/tabatinga-amazonas-cidade-mostra-negligencias-em-cada-esquina\" target=\"_blank\" rel=\"noopener\">Tabatinga<\/a>, onde fica o aeroporto mais pr\u00f3ximo, \u00e9 preciso pegar uma embarca\u00e7\u00e3o para Benjamin Constant e, de l\u00e1, um carro para Atalaia do Norte. Tudo isso em meio \u00e0 imensid\u00e3o da maior floresta tropical do mundo e pr\u00f3ximo \u00e0 Tr\u00edplice Fronteira Amaz\u00f4nica, regi\u00e3o de intensos conflitos por conta do tr\u00e1fico de drogas e de interesses fundi\u00e1rios.<\/p>\n<p>A dist\u00e2ncia entre os munic\u00edpios de Benjamin Constant e Atalaia do Norte, onde fica a sede da Uni\u00e3o dos Povos Ind\u00edgenas do Vale do Javari (Univaja), \u00e9 de cerca de meia hora de carro, quando n\u00e3o h\u00e1 chuva para atrasar a viagem.<\/p>\n<p>Nos arredores e na estrada que liga as duas cidades o que n\u00e3o faltam s\u00e3o s\u00edmbolos de quem det\u00e9m o poder: loja ma\u00e7\u00f4nica, unidade da Igreja Universal do Reino de Deus, da Assembleia de Deus e de outras congrega\u00e7\u00f5es religiosas est\u00e3o sempre presentes na paisagem. <\/p>\n<p>Ainda na estrada, um tuk-tuk, esp\u00e9cie de triciclo motorizado, esmaga latinhas de refrigerante e cerveja, na pista de sentido contr\u00e1rio. Uma escavadeira revolve lixo jogado sobre a grama, a c\u00e9u aberto, em meio a urubus. No extremo Norte do pa\u00eds, \u00e9 poss\u00edvel constatar que Atalaia divide alguns dos problemas vistos em grandes centros urbanos.<\/p>\n<p>A paisagem muda pouco, na compara\u00e7\u00e3o com Tabatinga, aonde chegam e de onde partem catraias, pequenas embarca\u00e7\u00f5es que parecem lanchas, rasgando o rio. Em Atalaia, a maioria de casas \u00e9 de madeira. Algumas s\u00e3o de palafita, que ficam sobre uma \u00e1gua escura. Perto do porto, quando o com\u00e9rcio vai dando as caras, h\u00e1 mais im\u00f3veis com vidros nas janelas, o que, depois de uma caminhada para o interior da cidade, mostra-se uma raridade. N\u00e3o h\u00e1 bueiros por onde se pode escoar a \u00e1gua das chuvas. E \u00e9 grande o n\u00famero de im\u00f3veis com constru\u00e7\u00e3o pela metade.<\/p>\n<p>Atalaia do Norte \u00e9 a cidade natal das irm\u00e3s Karla* e Patr\u00edcia*, que vivem na pele alguns dos dramas que atingem o munic\u00edpio. Karla \u00e9 v\u00edtima de viol\u00eancia dom\u00e9stica e conta que, quando convivia com o marido, era agredida de forma constante e impedida de trabalhar por ci\u00fames excessivos.<\/p>\n<p>Depois de diversos epis\u00f3dios, ela decidiu denunciar o companheiro, que foi levado pela pol\u00edcia \u00e0 delegacia. Na unidade, ele cometeu suic\u00eddio. Karla conta que tem dificuldade de aceitar o fato e que sentiu um julgamento, por parte da sociedade local, pela morte do marido.<\/p>\n<p>&#8220;No dia em que aconteceu, ele estava quebrando tudo dentro de casa, e as minhas duas crian\u00e7as presenciando tudo. Foi quando eu falei que ia ligar para a pol\u00edcia, porque ele n\u00e3o estava nem ouvindo a m\u00e3e dele, que tentou acalm\u00e1-lo. Foi quando vieram, ele estava detido\u201d, relembra.<\/p>\n<p>\u201cQuando voltaram, me deram a not\u00edcia de que ele tinha se suicidado, sendo que ningu\u00e9m viu. A gente saiu daqui [da cidade de Atalaia]. \u00c9 como se eu tivesse matado ele. \u00c0 noite, os policiais me levaram pra Benjamin, pelo rio, porque falaram que algumas fam\u00edlias estavam atr\u00e1s de mim, para me matar. Quando cheguei, minha tia me escondeu, como se eu realmente tivesse feito aquilo. J\u00e1 iam me mandar para o Peru. Eu vi pouca coisa do vel\u00f3rio dele&#8221;, relata.<\/p>\n<p>Karla comenta que tinha inten\u00e7\u00f5es de se separar do marido, quando fez a den\u00fancia, e que as agress\u00f5es tiveram in\u00edcio durante a gravidez do primeiro filho, que tem 8 anos de idade, quatro de diferen\u00e7a do mais novo. Ela afirma tamb\u00e9m que, na \u00e9poca, n\u00e3o tinha no\u00e7\u00e3o da dimens\u00e3o da viol\u00eancia a que o marido a sujeitava.<\/p>\n<p>&#8220;Minha m\u00e3e sabia, mas eu ligava e ela falava que isso s\u00f3 ia aumentando. A gente se separava, eu acabava voltando. Ela falava que aquilo ali, uma hora, ia dar em trag\u00e9dia&#8221;, acrescenta. &#8220;Aqui ainda acontece muito esse tipo de viol\u00eancia, por mais que seja inacredit\u00e1vel.&#8221;<\/p>\n<p>Depois da morte do marido, que completou 3 anos, Karla decidiu fazer um curso t\u00e9cnico de enfermagem. Contudo, ainda enfrenta obst\u00e1culos para conseguir um emprego \u2013 que ela atribui, em parte, ao imagin\u00e1rio da sociedade local de que ela seria a culpada pela tr\u00e1gica morte do companheiro. Pesam tamb\u00e9m fatores como o \u00edndice de desemprego da regi\u00e3o e a ocupa\u00e7\u00e3o de vagas por indica\u00e7\u00f5es pol\u00edticas.<\/p>\n<p>No curr\u00edculo de Karla, constam apenas bicos, nada de carteira assinada. Um retrato que tamb\u00e9m \u00e9 visto nos dados oficiais do pa\u00eds. Em 2022, o <a href=\"https:\/\/agenciabrasil.ebc.com.br\/economia\/noticia\/2023-02\/trabalhador-sem-carteira-assinada-atingiu-numero-recorde-em-2022\" target=\"_blank\" rel=\"noopener\">n\u00famero de pessoas sem carteira de trabalho assinada aumentou 14,9% em rela\u00e7\u00e3o a 2021<\/a> e chegou a 12,9 milh\u00f5es, segundo dados do Instituto Brasileiro de Geografia e Estat\u00edstica (IBGE). Em Atalaia do Norte, apenas 7% da popula\u00e7\u00e3o de 15 mil habitantes estava ocupada em 2020, segundo o IBGE. <\/p>\n<p>Para garantir comida na mesa aos dois filhos, ela recebe aux\u00edlio estadual. &#8220;Vontade de sair daqui, j\u00e1 tive&#8221;, desabafa. &#8220;Aqui \u00e9 muito sobre pol\u00edtica.&#8221;<\/p>\n<h2>Viol\u00eancia sexual<\/h2>\n<p>Enquanto aguarda um emprego para garantir autonomia financeira, Karla conta com o apoio da fam\u00edlia. Sua irm\u00e3, um ano mais nova, \u00e9 uma das pessoas que garantem esse suporte, mas que tamb\u00e9m enfrenta dificuldades para conseguir espa\u00e7o no mercado formal de trabalho.<\/p>\n<p>Patr\u00edcia foi para o Peru duas vezes em busca de oportunidades de emprego.<\/p>\n<p>A primeira vez, em 2014, durou pouco, por falta de uma rede de contatos no pa\u00eds vizinho. Na segunda tentativa, em 2019, ela conheceu o atual marido. Juntos, abriram uma confec\u00e7\u00e3o de roupas que foi \u00e0 fal\u00eancia. Para tentar salvar o neg\u00f3cio, pegaram dinheiro emprestado de um agiota, mas n\u00e3o conseguiram ter sucesso.<\/p>\n<p>Hoje, Patr\u00edcia tem como fonte de renda o dinheiro que junta com a venda de bolos. &#8220;\u00c9 dif\u00edcil ele [o marido] conseguir emprego aqui, ele n\u00e3o fala o idioma&#8221;, conta.<\/p>\n<p>Al\u00e9m da semelhan\u00e7a com rela\u00e7\u00e3o \u00e0 falta de perspectiva profissional, as irm\u00e3s dividem um triste hist\u00f3rico: s\u00e3o v\u00edtimas de viol\u00eancia de g\u00eanero. Patr\u00edcia conta que come\u00e7ou a sofrer abuso sexual, por parte de um vizinho, aos 8 anos. Mas n\u00e3o consegue se lembrar de quando as agress\u00f5es terminaram. Seu \u00fanico filho, de 11 anos, \u00e9 fruto de estupro.  <\/p>\n<p>Hoje, Patr\u00edcia faz acompanhamento psicol\u00f3gico. &#8220;Eu procurei ajuda porque chegou um tempo em que eu pensei em tirar a minha vida, por conta desse assunto, porque as pessoas sempre me fazem sentir culpada por isso.&#8221;<\/p>\n<p>Para ela, pol\u00edticas p\u00fablicas de prote\u00e7\u00e3o a crian\u00e7as e adolescentes s\u00e3o fundamentais para evitar que casos como o seu se repitam. &#8220;\u00c0s vezes, a pessoa n\u00e3o \u00e9 presa, por falta de provas. Mas que provas? A pessoa est\u00e1 ali contando a hist\u00f3ria dela. Ningu\u00e9m vai inventar isso&#8221;, acrescenta.<\/p>\n<p>Ao longo da \u00faltima d\u00e9cada (2012 a 2021), 583,1 mil pessoas foram v\u00edtimas de estupro e estupro de vulner\u00e1vel no Brasil, segundo os registros das pol\u00edcias. De acordo com o Anu\u00e1rio Brasileiro de Seguran\u00e7a P\u00fablica, apenas em 2021, 66.020 boletins de ocorr\u00eancia de estupro e estupro de vulner\u00e1vel foram registrados no Brasil, taxa de 30,9 por 100 mil e crescimento de 4,2% em rela\u00e7\u00e3o ao ano anterior.<\/p>\n<p>A viol\u00eancia sexual no Brasil \u00e9, na maioria das vezes, um crime perpetrado por algum conhecido da v\u00edtima, parente, colega ou mesmo o parceiro \u00edntimo: 8 em cada 10 casos registrados no ano passado foram de autoria de um conhecido, segundo o Anu\u00e1rio. O fato de o autor ser conhecido da v\u00edtima torna o crime ainda mais complexo e a den\u00fancia, um desafio para as v\u00edtimas.<\/p>\n<p>No Brasil, 9 em cada 10 v\u00edtimas de estupro tinham no m\u00e1ximo 29 anos quando sofreram a viol\u00eancia sexual. H\u00e1 ainda forte concentra\u00e7\u00e3o desse crime na inf\u00e2ncia: 61,3% de todas as v\u00edtimas eram crian\u00e7as e adolescentes entre 0 e 13 anos.<\/p>\n<p>Depois da publica\u00e7\u00e3o desta reportagem pela <strong>Ag\u00eancia Brasil<\/strong>, a prefeitura de Atalaia do Norte emitiu nota na qual repudia a mat\u00e9ria afirmando que utiliza &#8220;dados obsoletos e imprecisos e situa\u00e7\u00f5es pontuais para criar uma realidade que n\u00e3o \u00e9 verdadeira&#8221;. A nota, entretanto, n\u00e3o fornece dados atuais. <\/p>\n<p>&#8220;Todos sabem que Atalaia do Norte tem avan\u00e7ado significativamente nos \u00faltimos anos, desde que a atual gest\u00e3o assumiu a administra\u00e7\u00e3o do munic\u00edpio em janeiro de 2021. Atalaia do Norte foi recebida pelos gestores em situa\u00e7\u00e3o de abandono e paralisa\u00e7\u00e3o dos servi\u00e7os p\u00fablicos mais b\u00e1sicos, tomada pelo lixo nas ruas, vias esburacadas e sem pavimenta\u00e7\u00e3o, sem ilumina\u00e7\u00e3o p\u00fablica de qualidade, seguran\u00e7a p\u00fablica prec\u00e1ria, obras inacabadas, sal\u00e1rios em constante atraso, baixo investimento em cultura e turismo, sem pol\u00edticas p\u00fablicas para os ind\u00edgenas, dentre outras \u00e1reas desassistidas totalmente pelas gest\u00f5es anteriores. Vale ressaltar que os dados utilizados na mat\u00e9ria sobre desemprego se referem ao per\u00edodo anterior a atual gest\u00e3o&#8221;, afirma a nota.<\/p>\n<\/p>\n<p><em>*Nomes trocados para preservar a identidade das entrevistadas.   \/\/       *Mat\u00e9ria atualizada \u00e0s 17h15 do dia 6 de mar\u00e7o para inclus\u00e3o de posicionamento do munic\u00edpio de Atalaia do Norte. <\/em><\/p>\n<p class=\"alt-font font-italic my-2 small text-info\">\n                                                Edi\u00e7\u00e3o:   L\u00edlian Beraldo                    <\/p>\n<p>            <!-- blog End --><\/p>\n<p>            <!-- tag and share --><\/p>\n<p> Fonte: EBC <\/p>\n<\/div>\n<\/div>\n<\/div>\n<\/div>\n<\/div>\n<\/div>\n<\/div>\n<\/div>\n<input type=\"hidden\" id=\"baseurl\" value=\"https:\/\/noticiasdestaque.com.br\"><input type=\"hidden\" id=\"audio_nonce\" value=\"eb7638fb71\">","protected":false},"excerpt":{"rendered":"<p>Apenas 7% da popula\u00e7\u00e3o de 15 mil habitantes estava ocupada em 2020<\/p>\n","protected":false},"author":1,"featured_media":5184,"comment_status":"open","ping_status":"open","sticky":false,"template":"","format":"standard","meta":{"fifu_image_url":"","fifu_image_alt":"","footnotes":""},"categories":[48],"tags":[],"class_list":["post-5183","post","type-post","status-publish","format-standard","has-post-thumbnail","hentry","category-mundo"],"distributor_meta":false,"distributor_terms":false,"distributor_media":false,"distributor_original_site_name":"Portal de Recupera\u00e7\u00e3o","distributor_original_site_url":"https:\/\/portalderecuperacao.com","push-errors":false,"_links":{"self":[{"href":"https:\/\/noticiasdestaque.com.br\/index.php\/wp-json\/wp\/v2\/posts\/5183","targetHints":{"allow":["GET"]}}],"collection":[{"href":"https:\/\/noticiasdestaque.com.br\/index.php\/wp-json\/wp\/v2\/posts"}],"about":[{"href":"https:\/\/noticiasdestaque.com.br\/index.php\/wp-json\/wp\/v2\/types\/post"}],"author":[{"embeddable":true,"href":"https:\/\/noticiasdestaque.com.br\/index.php\/wp-json\/wp\/v2\/users\/1"}],"replies":[{"embeddable":true,"href":"https:\/\/noticiasdestaque.com.br\/index.php\/wp-json\/wp\/v2\/comments?post=5183"}],"version-history":[{"count":0,"href":"https:\/\/noticiasdestaque.com.br\/index.php\/wp-json\/wp\/v2\/posts\/5183\/revisions"}],"wp:featuredmedia":[{"embeddable":true,"href":"https:\/\/noticiasdestaque.com.br\/index.php\/wp-json\/wp\/v2\/media\/5184"}],"wp:attachment":[{"href":"https:\/\/noticiasdestaque.com.br\/index.php\/wp-json\/wp\/v2\/media?parent=5183"}],"wp:term":[{"taxonomy":"category","embeddable":true,"href":"https:\/\/noticiasdestaque.com.br\/index.php\/wp-json\/wp\/v2\/categories?post=5183"},{"taxonomy":"post_tag","embeddable":true,"href":"https:\/\/noticiasdestaque.com.br\/index.php\/wp-json\/wp\/v2\/tags?post=5183"}],"curies":[{"name":"wp","href":"https:\/\/api.w.org\/{rel}","templated":true}]}}