{"id":51818,"date":"2026-04-30T04:40:00","date_gmt":"2026-04-30T07:40:00","guid":{"rendered":"https:\/\/noticiasdestaque.com.br\/index.php\/2026\/04\/30\/para-confira-agenda-da-agencia-barco-ilha-do-marajo-e-prevbarco-para-maio\/"},"modified":"2026-04-30T04:40:00","modified_gmt":"2026-04-30T07:40:00","slug":"para-confira-agenda-da-agencia-barco-ilha-do-marajo-e-prevbarco-para-maio","status":"publish","type":"post","link":"https:\/\/noticiasdestaque.com.br\/index.php\/2026\/04\/30\/para-confira-agenda-da-agencia-barco-ilha-do-marajo-e-prevbarco-para-maio\/","title":{"rendered":"PAR\u00c1: confira agenda da Ag\u00eancia-Barco Ilha do Maraj\u00f3 e PrevBarco para maio"},"content":{"rendered":"<p>\t\t\t\t\t\t\t\t\t\t\t<audio controls class=\"b61_audio_player\" data-noticia=\"89193\" src=\"https:\/\/brasil61.com\/rails\/active_storage\/blobs\/eyJfcmFpbHMiOnsibWVzc2FnZSI6IkJBaHBBOE1iQkE9PSIsImV4cCI6bnVsbCwicHVyIjoiYmxvYl9pZCJ9fQ==--80877a0d1a82f106c924588daf1be25163cd84ef\/PCXA260744A\"><\/audio><\/p>\n<p><strong>A Ag\u00eancia-Barco Ilha do Maraj\u00f3 j\u00e1 tem data para atender a regi\u00e3o neste m\u00eas de maio. Os servi\u00e7os tamb\u00e9m ser\u00e3o oferecidos com apoio do PrevBarco, em uma parceria da CAIXA com o INSS.<\/strong><\/p>\n<p>Haver\u00e1 servi\u00e7os de desbloqueio de cart\u00f5es e cadastro de senhas para recebimento de benef\u00edcios sociais, como FGTS, Seguro-Desemprego, Bolsa Fam\u00edlia e INSS, entre outros servi\u00e7os. Aten\u00e7\u00e3o! No barco n\u00e3o tem movimenta\u00e7\u00e3o de dinheiro em esp\u00e9cie.\u00a0<\/p>\n<p>Confira o cronograma e anote a data e o local em que os atendimentos estar\u00e3o dispon\u00edveis.<\/p>\n<p><strong>A Ag\u00eancia-Barco Ilha do Maraj\u00f3 inicia os servi\u00e7os do m\u00eas em Limoeiro do Ajuru, entre os dias 4 e 5.<\/strong><\/p>\n<p>J\u00e1 em Breu Branco, os atendimentos ficar\u00e3o por conta do PrevBarco, do dia 4 ao dia 8.<\/p>\n<p>Em Ponta de Pedras, os moradores ser\u00e3o atendidos entre os dias 6 e 8 de maio.<\/p>\n<p>Entre os dias 11 e 13, a embarca\u00e7\u00e3o vai estar no munic\u00edpio de Curralinho. Tamb\u00e9m no dia 11, o PrevBarco chega a Bai\u00e3o, onde fica at\u00e9 o dia 15.<\/p>\n<p><strong>Nos dias 14 e 15 de maio, a Ag\u00eancia-Barco Ilha do Maraj\u00f3 atender\u00e1 os moradores de Oeiras do Par\u00e1. Depois segue para Anaj\u00e1s, onde fica de 18 a 20.<\/strong><\/p>\n<p>O PrevBarco atender\u00e1 a popula\u00e7\u00e3o de Mocajuba do dia 18 ao dia 22.<\/p>\n<p><strong>Entre os dias 21 e 22, os moradores de Afu\u00e1 ser\u00e3o atendidos com os servi\u00e7os da\u00a0Ag\u00eancia-Barco Ilha do Maraj\u00f3. A embarca\u00e7\u00e3o tamb\u00e9m vai para Bagre, onde fica do dia 25 ao dia 27.<\/strong><\/p>\n<p>A popula\u00e7\u00e3o de Limoeiro do Ajuru volta a ser atendida entre os dias 25 e 29, dessa vez com os servi\u00e7os disponibilizados pelo PrevBarco.<\/p>\n<p><strong>A \u00faltima parada do m\u00eas ser\u00e1 no munic\u00edpio de S\u00e3o Sebasti\u00e3o da Boa Vista, nos dias 28 e 29 de maio.<\/strong><\/p>\n<p>O hor\u00e1rio de atendimento \u00e9 das 9 horas da manh\u00e3 \u00e0s 3 horas da tarde.<\/p>\n<p>Para mais detalhes, acesse <a href=\"https:\/\/caixa.gov.br\/\" target=\"_blank\">caixa.gov.br<\/a>.<br \/>\n\u00a0<\/p>\n<p>\t\t\t\t\t\t\t\t\t\t<img loading=\"lazy\" decoding=\"async\" src=\"https:\/\/brasil61.com\/api\/v1\/serve_pixel\/17677\/89193\" alt=\"Pixel Brasil 61\" class=\"b61_pixel\" width=\"0\" height=\"0\"><\/p>\n<input type=\"hidden\" id=\"baseurl\" value=\"https:\/\/noticiasdestaque.com.br\"><input type=\"hidden\" id=\"audio_nonce\" value=\"62ca87eee3\">","protected":false},"excerpt":{"rendered":"<p>Haver\u00e1 servi\u00e7os de desbloqueio de cart\u00f5es e cadastro de senhas para recebimento de benef\u00edcios sociais<\/p>\n","protected":false},"author":1,"featured_media":51819,"comment_status":"open","ping_status":"open","sticky":false,"template":"","format":"standard","meta":{"fifu_image_url":"","fifu_image_alt":"","footnotes":""},"categories":[59],"tags":[],"class_list":["post-51818","post","type-post","status-publish","format-standard","has-post-thumbnail","hentry","category-economia"],"distributor_meta":false,"distributor_terms":false,"distributor_media":false,"distributor_original_site_name":"Noticias em Destaque","distributor_original_site_url":"https:\/\/noticiasdestaque.com.br","push-errors":false,"_links":{"self":[{"href":"https:\/\/noticiasdestaque.com.br\/index.php\/wp-json\/wp\/v2\/posts\/51818","targetHints":{"allow":["GET"]}}],"collection":[{"href":"https:\/\/noticiasdestaque.com.br\/index.php\/wp-json\/wp\/v2\/posts"}],"about":[{"href":"https:\/\/noticiasdestaque.com.br\/index.php\/wp-json\/wp\/v2\/types\/post"}],"author":[{"embeddable":true,"href":"https:\/\/noticiasdestaque.com.br\/index.php\/wp-json\/wp\/v2\/users\/1"}],"replies":[{"embeddable":true,"href":"https:\/\/noticiasdestaque.com.br\/index.php\/wp-json\/wp\/v2\/comments?post=51818"}],"version-history":[{"count":0,"href":"https:\/\/noticiasdestaque.com.br\/index.php\/wp-json\/wp\/v2\/posts\/51818\/revisions"}],"wp:featuredmedia":[{"embeddable":true,"href":"https:\/\/noticiasdestaque.com.br\/index.php\/wp-json\/wp\/v2\/media\/51819"}],"wp:attachment":[{"href":"https:\/\/noticiasdestaque.com.br\/index.php\/wp-json\/wp\/v2\/media?parent=51818"}],"wp:term":[{"taxonomy":"category","embeddable":true,"href":"https:\/\/noticiasdestaque.com.br\/index.php\/wp-json\/wp\/v2\/categories?post=51818"},{"taxonomy":"post_tag","embeddable":true,"href":"https:\/\/noticiasdestaque.com.br\/index.php\/wp-json\/wp\/v2\/tags?post=51818"}],"curies":[{"name":"wp","href":"https:\/\/api.w.org\/{rel}","templated":true}]}}