{"id":51814,"date":"2026-04-30T04:15:00","date_gmt":"2026-04-30T07:15:00","guid":{"rendered":"https:\/\/noticiasdestaque.com.br\/index.php\/2026\/04\/30\/cooperativas-podem-ganhar-acesso-a-fundos-estrategicos-de-desenvolvimento-regional\/"},"modified":"2026-04-30T04:15:00","modified_gmt":"2026-04-30T07:15:00","slug":"cooperativas-podem-ganhar-acesso-a-fundos-estrategicos-de-desenvolvimento-regional","status":"publish","type":"post","link":"https:\/\/noticiasdestaque.com.br\/index.php\/2026\/04\/30\/cooperativas-podem-ganhar-acesso-a-fundos-estrategicos-de-desenvolvimento-regional\/","title":{"rendered":"Cooperativas podem ganhar acesso a fundos estrat\u00e9gicos de desenvolvimento regional"},"content":{"rendered":"<p>\t\t\t\t\t\t\t\t\t\t\t<audio controls class=\"b61_audio_player\" data-noticia=\"89190\" src=\"https:\/\/brasil61.com\/rails\/active_storage\/blobs\/eyJfcmFpbHMiOnsibWVzc2FnZSI6IkJBaHBBemdjQkE9PSIsImV4cCI6bnVsbCwicHVyIjoiYmxvYl9pZCJ9fQ==--7099ec83a76824ba18b15ffda775fa0cbc4e66f6\/BRAS2616322A\"><\/audio><\/p>\n<p>A amplia\u00e7\u00e3o do acesso a cr\u00e9dito e investimentos para as cooperativas brasileiras pode avan\u00e7ar com uma nova medida em tramita\u00e7\u00e3o no Congresso Nacional. A Comiss\u00e3o de Constitui\u00e7\u00e3o e Justi\u00e7a e de Cidadania (<a href=\"https:\/\/www2.camara.leg.br\/atividade-legislativa\/comissoes\/comissoes-permanentes\/ccjc\" target=\"_blank\">CCJC<\/a>) da <a href=\"https:\/\/www.camara.leg.br\/\" target=\"_blank\">C\u00e2mara dos Deputados<\/a>\u00a0aprovou, na ter\u00e7a-feira (28), o <a href=\"https:\/\/www.camara.leg.br\/proposicoesWeb\/fichadetramitacao?idProposicao=2447983\" target=\"_blank\">Projeto de Lei Complementar 262\/2019<\/a>, que inclui essas entidades entre as benefici\u00e1rias de fundos estrat\u00e9gicos destinados ao desenvolvimento regional.<\/p>\n<p>Agora, o texto ser\u00e1 analisado no Plen\u00e1rio da Casa. A proposta, de autoria do senador <a href=\"https:\/\/www25.senado.leg.br\/web\/senadores\/senador\/-\/perfil\/345\" target=\"_blank\">Fl\u00e1vio Arns (PSB-PR)<\/a> e relatada pela deputada <a href=\"https:\/\/www.camara.leg.br\/deputados\/204374\" target=\"_blank\">Bia Kicis (PL-DF)<\/a>, abre caminho para que cooperativas formalmente constitu\u00eddas passem a acessar recursos do Fundo de Desenvolvimento do Nordeste (FDNE), do Fundo de Desenvolvimento da Amaz\u00f4nia (FDA) e do Fundo de Desenvolvimento do Centro-Oeste (FDCO).<\/p>\n<p>Na pr\u00e1tica, a medida busca ampliar a oferta de financiamento para iniciativas produtivas, alcan\u00e7ando principalmente pequenos e m\u00e9dios produtores organizados em cooperativas. A expectativa \u00e9 que o acesso a esses recursos contribua para dinamizar economias regionais e reduzir desigualdades hist\u00f3ricas entre diferentes regi\u00f5es do pa\u00eds.<\/p>\n<h2>Contribui\u00e7\u00e3o para projetos estruturantes\u00a0<\/h2>\n<p>Fl\u00e1vio Arns destacou o papel desses fundos no financiamento de projetos estruturantes. \u201cOs fundos t\u00eam recursos para projetos importantes nas \u00e1reas de infraestrutura, servi\u00e7os p\u00fablicos e empreendimentos produtivos, capazes de impulsionar novos neg\u00f3cios e atividades econ\u00f4micas\u201d, afirmou.<\/p>\n<p><strong>VEJA MAIS:<\/strong><\/p>\n<ul>\n<li><a href=\"https:\/\/brasil61.com\/n\/fpm-municipios-partilham-r-5-6-bi-nesta-quinta-feira-30-valor-representa-alta-de-17-em-relacao-a-2025-bras2616317\" target=\"_blank\">FPM: munic\u00edpios partilham R$ 5,6 bi nesta quinta-feira (30); valor representa alta de 17% em rela\u00e7\u00e3o a 2025<\/a><\/li>\n<li><a href=\"https:\/\/brasil61.com\/n\/brasil-e-alemanha-firmam-acordo-para-producao-de-hidrogenio-verde-no-rio-grande-do-norte-pind264743\" target=\"_blank\">Brasil e Alemanha firmam acordo para produ\u00e7\u00e3o de hidrog\u00eanio verde no Rio Grande do Norte<\/a><\/li>\n<\/ul>\n<p>Para a relatora\u00a0Bia Kicis\u00a0a proposta preenche uma lacuna, ao incluir as cooperativas no rol de benefici\u00e1rias. \u201cEstamos garantindo que as cooperativas tamb\u00e9m possam acessar esses recursos, levando investimento, emprego e desenvolvimento para quem produz e gera renda em todo o Brasil\u201d, pontuou.<\/p>\n<p>A deputada tamb\u00e9m destacou que o texto segue a legisla\u00e7\u00e3o vigente e n\u00e3o implica aumento de despesas p\u00fablicas. Segundo a Comiss\u00e3o de Finan\u00e7as e Tributa\u00e7\u00e3o, a proposta tem car\u00e1ter normativo e n\u00e3o gera impacto fiscal, nem em forma de novos gastos, nem de ren\u00fancia de receitas.<br \/>\n\u00a0<\/p>\n<p>\t\t\t\t\t\t\t\t\t\t<img loading=\"lazy\" decoding=\"async\" src=\"https:\/\/brasil61.com\/api\/v1\/serve_pixel\/17677\/89190\" alt=\"Pixel Brasil 61\" class=\"b61_pixel\" width=\"0\" height=\"0\"><\/p>\n<input type=\"hidden\" id=\"baseurl\" value=\"https:\/\/noticiasdestaque.com.br\"><input type=\"hidden\" id=\"audio_nonce\" value=\"62ca87eee3\">","protected":false},"excerpt":{"rendered":"<p>Projeto aprovado na CCJC da C\u00e2mara permite que entidades acessem recursos voltados ao Nordeste, Amaz\u00f4nia e Centro-Oeste<\/p>\n","protected":false},"author":1,"featured_media":51815,"comment_status":"open","ping_status":"open","sticky":false,"template":"","format":"standard","meta":{"fifu_image_url":"","fifu_image_alt":"","footnotes":""},"categories":[59],"tags":[],"class_list":["post-51814","post","type-post","status-publish","format-standard","has-post-thumbnail","hentry","category-economia"],"distributor_meta":false,"distributor_terms":false,"distributor_media":false,"distributor_original_site_name":"Noticias em Destaque","distributor_original_site_url":"https:\/\/noticiasdestaque.com.br","push-errors":false,"_links":{"self":[{"href":"https:\/\/noticiasdestaque.com.br\/index.php\/wp-json\/wp\/v2\/posts\/51814","targetHints":{"allow":["GET"]}}],"collection":[{"href":"https:\/\/noticiasdestaque.com.br\/index.php\/wp-json\/wp\/v2\/posts"}],"about":[{"href":"https:\/\/noticiasdestaque.com.br\/index.php\/wp-json\/wp\/v2\/types\/post"}],"author":[{"embeddable":true,"href":"https:\/\/noticiasdestaque.com.br\/index.php\/wp-json\/wp\/v2\/users\/1"}],"replies":[{"embeddable":true,"href":"https:\/\/noticiasdestaque.com.br\/index.php\/wp-json\/wp\/v2\/comments?post=51814"}],"version-history":[{"count":0,"href":"https:\/\/noticiasdestaque.com.br\/index.php\/wp-json\/wp\/v2\/posts\/51814\/revisions"}],"wp:featuredmedia":[{"embeddable":true,"href":"https:\/\/noticiasdestaque.com.br\/index.php\/wp-json\/wp\/v2\/media\/51815"}],"wp:attachment":[{"href":"https:\/\/noticiasdestaque.com.br\/index.php\/wp-json\/wp\/v2\/media?parent=51814"}],"wp:term":[{"taxonomy":"category","embeddable":true,"href":"https:\/\/noticiasdestaque.com.br\/index.php\/wp-json\/wp\/v2\/categories?post=51814"},{"taxonomy":"post_tag","embeddable":true,"href":"https:\/\/noticiasdestaque.com.br\/index.php\/wp-json\/wp\/v2\/tags?post=51814"}],"curies":[{"name":"wp","href":"https:\/\/api.w.org\/{rel}","templated":true}]}}