{"id":51806,"date":"2026-04-29T21:35:00","date_gmt":"2026-04-30T00:35:00","guid":{"rendered":"https:\/\/noticiasdestaque.com.br\/index.php\/2026\/04\/29\/ibovespa-fecha-ultima-sessao-em-baixa-aos-184-750-pontos\/"},"modified":"2026-04-29T21:35:00","modified_gmt":"2026-04-30T00:35:00","slug":"ibovespa-fecha-ultima-sessao-em-baixa-aos-184-750-pontos","status":"publish","type":"post","link":"https:\/\/noticiasdestaque.com.br\/index.php\/2026\/04\/29\/ibovespa-fecha-ultima-sessao-em-baixa-aos-184-750-pontos\/","title":{"rendered":"Ibovespa fecha \u00faltima sess\u00e3o em baixa, aos 184.750 pontos"},"content":{"rendered":"<p>\t\t\t\t\t\t\t\t\t\t\t<audio controls class=\"b61_audio_player\" data-noticia=\"89212\" src=\"https:\/\/brasil61.com\/rails\/active_storage\/blobs\/eyJfcmFpbHMiOnsibWVzc2FnZSI6IkJBaHBBMXdjQkE9PSIsImV4cCI6bnVsbCwicHVyIjoiYmxvYl9pZCJ9fQ==--fe5598510c355e3a9b5a0f947763406684342b47\/BRAS2616323A\"><\/audio><\/p>\n<p>O principal <strong>\u00edndice da bolsa brasileira\u00a0(Ibovespa)<\/strong>, encerrou o preg\u00e3o desta quarta-feira (29)\u00a0com uma <strong>queda de 2,05%<\/strong>, estabelecendo sua <strong>cota\u00e7\u00e3o atual em 184.750 pontos<\/strong>. Este resultado marca o <strong>sexto preg\u00e3o consecutivo de baixa para o \u00edndice<\/strong>.<\/p>\n<p>O <strong>principal motivo para a desvaloriza\u00e7\u00e3o foi a combina\u00e7\u00e3o de fatores corporativos e macroecon\u00f4micos<\/strong>. No \u00e2mbito dom\u00e9stico, o mercado reagiu negativamente aos balan\u00e7os do primeiro trimestre de 2026 (1T26); as a\u00e7\u00f5es da Vale (VALE3) recuaram cerca de 4%, ap\u00f3s a mineradora reportar lucros que, embora altos, vieram acompanhados de um aumento significativo nos custos operacionais, enquanto a WEG (WEGE3) liderou as perdas do \u00edndice com uma queda superior a 5% ap\u00f3s apresentar recuo no lucro l\u00edquido. Al\u00e9m disso, a cautela prevaleceu antes da decis\u00e3o do Copom sobre a taxa Selic e da divulga\u00e7\u00e3o do IGP-M de abril, que registrou alta de 2,73% \u2014 a maior em cinco anos \u2014 elevando os juros futuros.<\/p>\n<h2>Maiores altas e quedas do Ibovespa<\/h2>\n<p>Confira as a\u00e7\u00f5es com melhor e pior desempenho no \u00faltimo fechamento:<\/p>\n<p><strong>A\u00e7\u00f5es em alta no Ibovespa<\/strong><\/p>\n<ul>\n<li>Allianca Saude e Participacoes (AALR3): +9,37%<\/li>\n<li>Azevedo &amp; Travassos\u00a0(AZEV4): +7,69%<\/li>\n<\/ul>\n<p><strong>A\u00e7\u00f5es em queda no Ibovespa<\/strong><\/p>\n<ul>\n<li>Oi S.A\u00a0(OIBR3): \u221215,38%<\/li>\n<li>Recrusul\u00a0(RCSL4): \u221211,27%<\/li>\n<\/ul>\n<p><strong>O volume total negociado na B3 foi de R$ 28.455.165.738, em meio a 3.763.797\u00a0neg\u00f3cios.<\/strong><\/p>\n<p>Os dados da bolsa podem ser consultados no <a href=\"https:\/\/www.b3.com.br\/pt_br\/market-data-e-indices\/servicos-de-dados\/market-data\/cotacoes\/\" target=\"_blank\">site da B3<\/a>. \u00a0<\/p>\n<h2>O que \u00e9 o Ibovespa e como ele funciona?<\/h2>\n<p><strong>O Ibovespa (\u00cdndice Bovespa) \u00e9 o principal indicador do mercado acion\u00e1rio brasileiro. Calculado pela B3, ele reflete a m\u00e9dia do desempenho das a\u00e7\u00f5es mais negociadas na bolsa, com base em crit\u00e9rios de volume e liquidez. O \u00edndice \u00e9 composto por uma carteira te\u00f3rica de ativos, que representa cerca de 80% do volume financeiro total negociado no mercado.<\/strong><\/p>\n<h2>O que \u00e9 a B3, a bolsa de valores do Brasil?<\/h2>\n<p>A B3 (Brasil, Bolsa, Balc\u00e3o) \u00e9 a bolsa de valores oficial do Brasil, sediada em S\u00e3o Paulo. \u00c9 respons\u00e1vel pela negocia\u00e7\u00e3o de a\u00e7\u00f5es, derivativos, t\u00edtulos p\u00fablicos e privados, c\u00e2mbio e outros ativos financeiros. A B3 est\u00e1 entre as maiores bolsas do mundo em infraestrutura e valor de mercado. \u00a0<br \/>\n\u00a0<\/p>\n<p>\t\t\t\t\t\t\t\t\t\t<img loading=\"lazy\" decoding=\"async\" src=\"https:\/\/brasil61.com\/api\/v1\/serve_pixel\/17677\/89212\" alt=\"Pixel Brasil 61\" class=\"b61_pixel\" width=\"0\" height=\"0\"><\/p>\n<input type=\"hidden\" id=\"baseurl\" value=\"https:\/\/noticiasdestaque.com.br\"><input type=\"hidden\" id=\"audio_nonce\" value=\"62ca87eee3\">","protected":false},"excerpt":{"rendered":"<p>O volume total negociado na B3 foi de R$ 28.455.165.738, em meio a 3.763.797\u00a0neg\u00f3cios<\/p>\n","protected":false},"author":1,"featured_media":51807,"comment_status":"open","ping_status":"open","sticky":false,"template":"","format":"standard","meta":{"fifu_image_url":"","fifu_image_alt":"","footnotes":""},"categories":[59],"tags":[],"class_list":["post-51806","post","type-post","status-publish","format-standard","has-post-thumbnail","hentry","category-economia"],"distributor_meta":false,"distributor_terms":false,"distributor_media":false,"distributor_original_site_name":"Noticias em Destaque","distributor_original_site_url":"https:\/\/noticiasdestaque.com.br","push-errors":false,"_links":{"self":[{"href":"https:\/\/noticiasdestaque.com.br\/index.php\/wp-json\/wp\/v2\/posts\/51806","targetHints":{"allow":["GET"]}}],"collection":[{"href":"https:\/\/noticiasdestaque.com.br\/index.php\/wp-json\/wp\/v2\/posts"}],"about":[{"href":"https:\/\/noticiasdestaque.com.br\/index.php\/wp-json\/wp\/v2\/types\/post"}],"author":[{"embeddable":true,"href":"https:\/\/noticiasdestaque.com.br\/index.php\/wp-json\/wp\/v2\/users\/1"}],"replies":[{"embeddable":true,"href":"https:\/\/noticiasdestaque.com.br\/index.php\/wp-json\/wp\/v2\/comments?post=51806"}],"version-history":[{"count":0,"href":"https:\/\/noticiasdestaque.com.br\/index.php\/wp-json\/wp\/v2\/posts\/51806\/revisions"}],"wp:featuredmedia":[{"embeddable":true,"href":"https:\/\/noticiasdestaque.com.br\/index.php\/wp-json\/wp\/v2\/media\/51807"}],"wp:attachment":[{"href":"https:\/\/noticiasdestaque.com.br\/index.php\/wp-json\/wp\/v2\/media?parent=51806"}],"wp:term":[{"taxonomy":"category","embeddable":true,"href":"https:\/\/noticiasdestaque.com.br\/index.php\/wp-json\/wp\/v2\/categories?post=51806"},{"taxonomy":"post_tag","embeddable":true,"href":"https:\/\/noticiasdestaque.com.br\/index.php\/wp-json\/wp\/v2\/tags?post=51806"}],"curies":[{"name":"wp","href":"https:\/\/api.w.org\/{rel}","templated":true}]}}