{"id":51796,"date":"2026-04-29T04:55:00","date_gmt":"2026-04-29T07:55:00","guid":{"rendered":"https:\/\/noticiasdestaque.com.br\/index.php\/2026\/04\/29\/brasil-e-alemanha-firmam-acordo-para-producao-de-hidrogenio-verde-no-rio-grande-do-norte\/"},"modified":"2026-04-29T04:55:00","modified_gmt":"2026-04-29T07:55:00","slug":"brasil-e-alemanha-firmam-acordo-para-producao-de-hidrogenio-verde-no-rio-grande-do-norte","status":"publish","type":"post","link":"https:\/\/noticiasdestaque.com.br\/index.php\/2026\/04\/29\/brasil-e-alemanha-firmam-acordo-para-producao-de-hidrogenio-verde-no-rio-grande-do-norte\/","title":{"rendered":"Brasil e Alemanha firmam acordo para produ\u00e7\u00e3o de hidrog\u00eanio verde no Rio Grande do Norte"},"content":{"rendered":"<p>\t\t\t\t\t\t\t\t\t\t\t<audio controls class=\"b61_audio_player\" data-noticia=\"89184\" src=\"https:\/\/brasil61.com\/rails\/active_storage\/blobs\/eyJfcmFpbHMiOnsibWVzc2FnZSI6IkJBaHBBNE1iQkE9PSIsImV4cCI6bnVsbCwicHVyIjoiYmxvYl9pZCJ9fQ==--3f1896a3d99bf7ce74b982f980a57baa54181672\/PIND264743A\"><\/audio><\/p>\n<p>Durante a miss\u00e3o empresarial liderada pela <a href=\"https:\/\/cni.portaldaindustria.com.br\/home\" target=\"_blank\">Confedera\u00e7\u00e3o Nacional da Ind\u00fastria (CNI)<\/a> na Alemanha, realizada na \u00faltima semana, a <strong>ind\u00fastria brasileira e o pa\u00eds alem\u00e3o firmaram um acordo para a cria\u00e7\u00e3o do empreendimento Morro Pintado<\/strong>, da empresa <strong>Brazil Green Energy<\/strong>. O projeto prev\u00ea a instala\u00e7\u00e3o de uma<strong> f\u00e1brica de produ\u00e7\u00e3o de hidrog\u00eanio verde e am\u00f4nia no Rio Grande do Norte<\/strong>.<\/p>\n<p>Segundo a CNI, a iniciativa representa um exemplo concreto do potencial de expans\u00e3o dos neg\u00f3cios entre Brasil e Alemanha e refor\u00e7a a <a href=\"https:\/\/brasil61.com\/n\/missao-empresarial-a-alemanha-busca-ampliar-parcerias-e-dobrar-comercio-bilateral-pind264738\" target=\"_blank\"><strong>meta de duplicar o com\u00e9rcio bilateral em cinco anos<\/strong><\/a>.<\/p>\n<p>O presidente da <a href=\"https:\/\/www.fiern.org.br\/\" target=\"_blank\">Federa\u00e7\u00e3o das Ind\u00fastrias do Estado do Rio Grande do Norte (FIERN)<\/a>,<strong> Roberto Serquiz<\/strong>, disse que o acordo marca um avan\u00e7o decisivo na produ\u00e7\u00e3o de hidrog\u00eanio e am\u00f4nia no Rio Grande do Norte.<\/p>\n<p>\u201cO Rio Grande do Norte tem um <strong>grande potencial de energias renov\u00e1veis<\/strong>. Na semana passada n\u00f3s mapeamos os principais o\u00e1sis de vento ou as \u00e1reas priorit\u00e1rias onde esse potencial estava para a gera\u00e7\u00e3o de hidrog\u00eanio. E esse potencial foi definido em <strong>89 milh\u00f5es de toneladas [por ano] <\/strong>\u2014 um dos maiores potenciais que existem no Brasil\u201d, afirmou.<\/p>\n<p>Serquiz tamb\u00e9m destacou a import\u00e2ncia do acordo para o fortalecimento da rela\u00e7\u00e3o entre os dois pa\u00edses.<\/p>\n<p>\u201cA rela\u00e7\u00e3o com a Alemanha, um dos l\u00edderes na industrializa\u00e7\u00e3o mundial, traz <strong>confian\u00e7a, inova\u00e7\u00e3o e compromisso com o desenvolvimento sustent\u00e1vel<\/strong>. N\u00f3s temos esse olhar muito positivo para essas parcerias, sobretudo com pa\u00edses como a Alemanha\u201d, ressaltou.<\/p>\n<p>Al\u00e9m do presidente da FIERN, participaram da solenidade de assinatura do acordo o presidente da CNI, <strong>Ricardo Alban<\/strong>, e o presidente da <a href=\"https:\/\/apexbrasil.com.br\/\" target=\"_blank\">Ag\u00eancia Brasileira de Promo\u00e7\u00e3o de Exporta\u00e7\u00f5es e Investimentos (ApexBrasil)<\/a>, <strong>Laudemir M\u00fcller<\/strong>.\u00a0<\/p>\n<h2>Oportunidades de parcerias para federa\u00e7\u00f5es industriais brasileiras<\/h2>\n<p>Tamb\u00e9m na semana passada, o presidente da CNI, <strong>Ricardo Alban<\/strong>, o diretor de Desenvolvimento Industrial da entidade, <strong>Jefferson Gomes<\/strong>, e o assessor internacional da CNI, <strong>Frederico Lamego<\/strong>, juntamente com <strong>nove presidentes de federa\u00e7\u00f5es estaduais das ind\u00fastrias<\/strong>, participaram de uma reuni\u00e3o com a <strong>C\u00e2mara Brasil-Alemanha (AHK)<\/strong>, durante a Feira de Hannover.<\/p>\n<p>Na ocasi\u00e3o, a institui\u00e7\u00e3o apresentou \u00e0 CNI <strong>oportunidades de parcerias para federa\u00e7\u00f5es industriais brasileiras <\/strong>em projetos com estados alem\u00e3es, como Baviera, Baden-W\u00fcrttemberg e Baixa Sax\u00f4nia, onde est\u00e1 localizada a cidade de Hannover.\u00a0<\/p>\n<p>Alban ressaltou a import\u00e2ncia de <strong>miss\u00f5es empresariais <\/strong>como a realizada na Alemanha para <strong>aproximar as empresas brasileiras dos ambientes internacionais de promo\u00e7\u00e3o de neg\u00f3cios<\/strong>.\u00a0<\/p>\n<p><strong>VEJA MAIS:<\/strong><\/p>\n<ul>\n<li><a href=\"https:\/\/brasil61.com\/n\/industria-debate-oportunidades-do-acordo-mercosul-ue-em-encontro-na-italia-pind264741\" target=\"_blank\">Ind\u00fastria debate oportunidades do acordo Mercosul\u2013UE em encontro na It\u00e1lia<\/a><\/li>\n<li><a href=\"https:\/\/brasil61.com\/n\/hannover-messe-2026-brasil-aposta-em-tecnologia-energia-limpa-e-novos-mercados-confira-agenda-apex260122\" target=\"_blank\">Hannover Messe 2026: Brasil aposta em tecnologia, energia limpa e novos mercados; confira agenda<\/a><\/li>\n<\/ul>\n<p>\t\t\t\t\t\t\t\t\t\t<img loading=\"lazy\" decoding=\"async\" src=\"https:\/\/brasil61.com\/api\/v1\/serve_pixel\/17677\/89184\" alt=\"Pixel Brasil 61\" class=\"b61_pixel\" width=\"0\" height=\"0\"><\/p>\n<input type=\"hidden\" id=\"baseurl\" value=\"https:\/\/noticiasdestaque.com.br\"><input type=\"hidden\" id=\"audio_nonce\" value=\"9fd43fe80e\">","protected":false},"excerpt":{"rendered":"<p>Durante miss\u00e3o empresarial, representantes discutiram com a C\u00e2mara Brasil-Alemanha oportunidades de parcerias para federa\u00e7\u00f5es industriais brasileiras <\/p>\n","protected":false},"author":1,"featured_media":51797,"comment_status":"open","ping_status":"open","sticky":false,"template":"","format":"standard","meta":{"fifu_image_url":"","fifu_image_alt":"","footnotes":""},"categories":[48],"tags":[],"class_list":["post-51796","post","type-post","status-publish","format-standard","has-post-thumbnail","hentry","category-mundo"],"distributor_meta":false,"distributor_terms":false,"distributor_media":false,"distributor_original_site_name":"Noticias em Destaque","distributor_original_site_url":"https:\/\/noticiasdestaque.com.br","push-errors":false,"_links":{"self":[{"href":"https:\/\/noticiasdestaque.com.br\/index.php\/wp-json\/wp\/v2\/posts\/51796","targetHints":{"allow":["GET"]}}],"collection":[{"href":"https:\/\/noticiasdestaque.com.br\/index.php\/wp-json\/wp\/v2\/posts"}],"about":[{"href":"https:\/\/noticiasdestaque.com.br\/index.php\/wp-json\/wp\/v2\/types\/post"}],"author":[{"embeddable":true,"href":"https:\/\/noticiasdestaque.com.br\/index.php\/wp-json\/wp\/v2\/users\/1"}],"replies":[{"embeddable":true,"href":"https:\/\/noticiasdestaque.com.br\/index.php\/wp-json\/wp\/v2\/comments?post=51796"}],"version-history":[{"count":0,"href":"https:\/\/noticiasdestaque.com.br\/index.php\/wp-json\/wp\/v2\/posts\/51796\/revisions"}],"wp:featuredmedia":[{"embeddable":true,"href":"https:\/\/noticiasdestaque.com.br\/index.php\/wp-json\/wp\/v2\/media\/51797"}],"wp:attachment":[{"href":"https:\/\/noticiasdestaque.com.br\/index.php\/wp-json\/wp\/v2\/media?parent=51796"}],"wp:term":[{"taxonomy":"category","embeddable":true,"href":"https:\/\/noticiasdestaque.com.br\/index.php\/wp-json\/wp\/v2\/categories?post=51796"},{"taxonomy":"post_tag","embeddable":true,"href":"https:\/\/noticiasdestaque.com.br\/index.php\/wp-json\/wp\/v2\/tags?post=51796"}],"curies":[{"name":"wp","href":"https:\/\/api.w.org\/{rel}","templated":true}]}}