{"id":51774,"date":"2026-04-28T18:20:00","date_gmt":"2026-04-28T21:20:00","guid":{"rendered":"https:\/\/noticiasdestaque.com.br\/index.php\/2026\/04\/28\/o-tempo-e-a-temperatura-chuvas-continuam-em-sp-quarta-feira-29\/"},"modified":"2026-04-28T18:20:00","modified_gmt":"2026-04-28T21:20:00","slug":"o-tempo-e-a-temperatura-chuvas-continuam-em-sp-quarta-feira-29","status":"publish","type":"post","link":"https:\/\/noticiasdestaque.com.br\/index.php\/2026\/04\/28\/o-tempo-e-a-temperatura-chuvas-continuam-em-sp-quarta-feira-29\/","title":{"rendered":"O TEMPO E A TEMPERATURA: chuvas continuam em SP quarta-feira (29)"},"content":{"rendered":"<p>\t\t\t\t\t\t\t\t\t\t\t<audio controls class=\"b61_audio_player\" data-noticia=\"89167\" src=\"https:\/\/brasil61.com\/rails\/active_storage\/blobs\/eyJfcmFpbHMiOnsibWVzc2FnZSI6IkJBaHBBMk1iQkE9PSIsImV4cCI6bnVsbCwicHVyIjoiYmxvYl9pZCJ9fQ==--74dff5a4371aa370d7aadd190e4ea9abdc42c0b4\/PTSD264420A\"><\/audio><\/p>\n<p>A <strong>previs\u00e3o do tempo para a Regi\u00e3o Sudeste nesta quarta-feira (29)<\/strong> de acordo com o\u00a0Instituto Nacional de Meteorologia (<a href=\"https:\/\/portal.inmet.gov.br\/\" target=\"_blank\">INMET<\/a>), \u00e9 de pancadas de chuva no estado de <strong>S\u00e3o Paulo<\/strong>\u00a0ao longo de todo o dia, ganhando for\u00e7a durante a tarde e noite. No litoral do <strong>Rio de Janeiro<\/strong> e do <strong>Esp\u00edrito Santo<\/strong>, o dia\u00a0\u00e9 de muitas nuvens com aberturas de sol e sem previs\u00e3o de chuva na maior parte da costa capixaba e fluminense.<\/p>\n<p>No interior da regi\u00e3o, o tempo permanece firme. Em grande parte de <strong>Minas Gerais<\/strong> e no centro-norte do Esp\u00edrito Santo, predomina o c\u00e9u com poucas nuvens e sol. J\u00e1 na capital mineira, em \u00e1reas do Tri\u00e2ngulo Mineiro e no Rio de Janeiro, o cen\u00e1rio \u00e9 de muitas nuvens durante todo o per\u00edodo, por\u00e9m sem chuva.\u00a0<\/p>\n<p>Entre as capitais, m\u00ednima\u00a0de 17\u00baC em Belo Horizonte. A m\u00e1xima deve chegar a 36\u00baC no Rio de Janeiro.\u00a0A umidade relativa do ar varia entre 30% e 100%.\u00a0<\/p>\n<h2>5 motivos para acompanhar as previs\u00f5es do tempo<\/h2>\n<ul>\n<li>Agricultura: garantia de uma boa colheita;<\/li>\n<li>Marinha: prote\u00e7\u00e3o de marinheiros, navios e passageiros;<\/li>\n<li>Aeron\u00e1utica: seguran\u00e7a de pilotos, aeronaves e passageiros;<\/li>\n<li>Pesca: condi\u00e7\u00f5es favor\u00e1veis e seguras para a atividade;<\/li>\n<li>Turismo: garantia de passeios e viagens tranquilas e agrad\u00e1veis.<\/li>\n<\/ul>\n<h2>Import\u00e2ncia das observa\u00e7\u00f5es meteorol\u00f3gicas no INMET<\/h2>\n<p>As observa\u00e7\u00f5es meteorol\u00f3gicas do INMET s\u00e3o essenciais para previs\u00f5es em tempo real, estat\u00edsticas clim\u00e1ticas e coopera\u00e7\u00e3o internacional. Esses dados precisos ajudam a estudar o clima passado e a produzir Normais Climatol\u00f3gicas conforme a Organiza\u00e7\u00e3o Meteorol\u00f3gica Mundial (<a href=\"https:\/\/worldweather.wmo.int\/pt\/home.html\">OMM<\/a>).<\/p>\n<p>As informa\u00e7\u00f5es s\u00e3o do Instituto Nacional de Meteorologia (<a href=\"https:\/\/portal.inmet.gov.br\">Inmet<\/a>).<\/p>\n<p>\u00a0<\/p>\n<p>\t\t\t\t\t\t\t\t\t\t<img loading=\"lazy\" decoding=\"async\" src=\"https:\/\/brasil61.com\/api\/v1\/serve_pixel\/17677\/89167\" alt=\"Pixel Brasil 61\" class=\"b61_pixel\" width=\"0\" height=\"0\"><\/p>\n<input type=\"hidden\" id=\"baseurl\" value=\"https:\/\/noticiasdestaque.com.br\"><input type=\"hidden\" id=\"audio_nonce\" value=\"35cc8f9b14\">","protected":false},"excerpt":{"rendered":"<p>Entre as capitais, m\u00ednima de 17\u00baC em Belo Horizonte. A m\u00e1xima deve chegar a 36\u00baC no Rio de Janeiro.\u00a0A umidade relativa do ar varia entre 30% e 100%<\/p>\n","protected":false},"author":1,"featured_media":51775,"comment_status":"open","ping_status":"open","sticky":false,"template":"","format":"standard","meta":{"fifu_image_url":"","fifu_image_alt":"","footnotes":""},"categories":[58],"tags":[],"class_list":["post-51774","post","type-post","status-publish","format-standard","has-post-thumbnail","hentry","category-cotidiano"],"distributor_meta":false,"distributor_terms":false,"distributor_media":false,"distributor_original_site_name":"Noticias em Destaque","distributor_original_site_url":"https:\/\/noticiasdestaque.com.br","push-errors":false,"_links":{"self":[{"href":"https:\/\/noticiasdestaque.com.br\/index.php\/wp-json\/wp\/v2\/posts\/51774","targetHints":{"allow":["GET"]}}],"collection":[{"href":"https:\/\/noticiasdestaque.com.br\/index.php\/wp-json\/wp\/v2\/posts"}],"about":[{"href":"https:\/\/noticiasdestaque.com.br\/index.php\/wp-json\/wp\/v2\/types\/post"}],"author":[{"embeddable":true,"href":"https:\/\/noticiasdestaque.com.br\/index.php\/wp-json\/wp\/v2\/users\/1"}],"replies":[{"embeddable":true,"href":"https:\/\/noticiasdestaque.com.br\/index.php\/wp-json\/wp\/v2\/comments?post=51774"}],"version-history":[{"count":0,"href":"https:\/\/noticiasdestaque.com.br\/index.php\/wp-json\/wp\/v2\/posts\/51774\/revisions"}],"wp:featuredmedia":[{"embeddable":true,"href":"https:\/\/noticiasdestaque.com.br\/index.php\/wp-json\/wp\/v2\/media\/51775"}],"wp:attachment":[{"href":"https:\/\/noticiasdestaque.com.br\/index.php\/wp-json\/wp\/v2\/media?parent=51774"}],"wp:term":[{"taxonomy":"category","embeddable":true,"href":"https:\/\/noticiasdestaque.com.br\/index.php\/wp-json\/wp\/v2\/categories?post=51774"},{"taxonomy":"post_tag","embeddable":true,"href":"https:\/\/noticiasdestaque.com.br\/index.php\/wp-json\/wp\/v2\/tags?post=51774"}],"curies":[{"name":"wp","href":"https:\/\/api.w.org\/{rel}","templated":true}]}}