{"id":51770,"date":"2026-04-28T18:00:00","date_gmt":"2026-04-28T21:00:00","guid":{"rendered":"https:\/\/noticiasdestaque.com.br\/index.php\/2026\/04\/28\/o-tempo-e-a-temperatura-chuvas-continuam-em-areas-do-nordeste-nesta-quarta-feira-29\/"},"modified":"2026-04-28T18:00:00","modified_gmt":"2026-04-28T21:00:00","slug":"o-tempo-e-a-temperatura-chuvas-continuam-em-areas-do-nordeste-nesta-quarta-feira-29","status":"publish","type":"post","link":"https:\/\/noticiasdestaque.com.br\/index.php\/2026\/04\/28\/o-tempo-e-a-temperatura-chuvas-continuam-em-areas-do-nordeste-nesta-quarta-feira-29\/","title":{"rendered":"O TEMPO E A TEMPERATURA: chuvas continuam em \u00e1reas do Nordeste nesta quarta-feira (29)"},"content":{"rendered":"<p>\t\t\t\t\t\t\t\t\t\t\t<audio controls class=\"b61_audio_player\" data-noticia=\"89164\" src=\"https:\/\/brasil61.com\/rails\/active_storage\/blobs\/eyJfcmFpbHMiOnsibWVzc2FnZSI6IkJBaHBBMkViQkE9PSIsImV4cCI6bnVsbCwicHVyIjoiYmxvYl9pZCJ9fQ==--f6fa425f60408465f096f86bb3c52647edcba5b5\/PTND265030A\"><\/audio><\/p>\n<p><strong>A previs\u00e3o do tempo para esta quarta-feira (29)\u00a0no Nordeste<\/strong> de acordo com dados do\u00a0<strong>Instituto Nacional de Meteorologia (<a href=\"https:\/\/portal.inmet.gov.br\/\" target=\"_blank\">INMET<\/a>),\u00a0<\/strong>\u00e9 de pancadas de chuva e trovoadas, principalmente na faixa norte da regi\u00e3o, abrangendo todo o estado do <strong>Maranh\u00e3o<\/strong>, o centro-norte do <strong>Piau\u00ed <\/strong>e o litoral do <strong>Cear\u00e1<\/strong>. No litoral leste, entre o <strong>Rio Grande do Norte e Alagoas<\/strong>, o dia deve registrar pancadas de chuva intercaladas com per\u00edodos de muitas nuvens, enquanto em <strong>Sergipe <\/strong>e no litoral da <strong>Bahia <\/strong>a possibilidade \u00e9 de chuvas isoladas.<\/p>\n<p>J\u00e1 no interior da regi\u00e3o, o tempo segue sem chuvas. Grande parte do sert\u00e3o e o centro-sul da Bahia apresentam c\u00e9u com muitas nuvens, mas sem previs\u00e3o de chuva, enquanto o extremo sul baiano deve registrar poucas nuvens ao longo do dia.\u00a0<\/p>\n<p>Entre as <b>capitais<\/b>, a <b>temperatura m\u00ednima<\/b> prevista \u00e9 de <b>23\u00b0C<\/b> em <strong>Macei\u00f3 <\/strong>e<b>\u00a0S\u00e3o Lu\u00eds<\/b>. J\u00e1 a <b>m\u00e1xima<\/b> pode chegar at\u00e9 <b>32\u00b0C<\/b>, em<b> Natal<\/b>. A <b>umidade relativa do ar <\/b>varia entre <b>50%<\/b> e <b>95%<\/b>.<\/p>\n<h2>5 motivos para acompanhar as previs\u00f5es do tempo<\/h2>\n<ul>\n<li>Agricultura: garantia de uma boa colheita;<\/li>\n<li>Marinha: prote\u00e7\u00e3o de marinheiros, navios e passageiros;<\/li>\n<li>Aeron\u00e1utica: seguran\u00e7a de pilotos, aeronaves e passageiros;<\/li>\n<li>Pesca: condi\u00e7\u00f5es favor\u00e1veis e seguras para a atividade;<\/li>\n<li>Turismo: garantia de passeios e viagens tranquilas e agrad\u00e1veis.<\/li>\n<\/ul>\n<h2>Import\u00e2ncia das observa\u00e7\u00f5es meteorol\u00f3gicas no INMET<\/h2>\n<p>As observa\u00e7\u00f5es meteorol\u00f3gicas do INMET s\u00e3o essenciais para previs\u00f5es em tempo real, estat\u00edsticas clim\u00e1ticas e coopera\u00e7\u00e3o internacional. Esses dados precisos ajudam a estudar o clima passado e a produzir Normais Climatol\u00f3gicas conforme a Organiza\u00e7\u00e3o Meteorol\u00f3gica Mundial (<a href=\"https:\/\/worldweather.wmo.int\/pt\/home.html\">OMM<\/a>).<\/p>\n<p>As informa\u00e7\u00f5es s\u00e3o do <a href=\"https:\/\/portal.inmet.gov.br\/\">Instituto Nacional de Meteorologia.<\/a><\/p>\n<p>\t\t\t\t\t\t\t\t\t\t<img loading=\"lazy\" decoding=\"async\" src=\"https:\/\/brasil61.com\/api\/v1\/serve_pixel\/17677\/89164\" alt=\"Pixel Brasil 61\" class=\"b61_pixel\" width=\"0\" height=\"0\"><\/p>\n<input type=\"hidden\" id=\"baseurl\" value=\"https:\/\/noticiasdestaque.com.br\"><input type=\"hidden\" id=\"audio_nonce\" value=\"35cc8f9b14\">","protected":false},"excerpt":{"rendered":"<p>Entre as capitais, a temperatura m\u00ednima prevista \u00e9 de 23\u00b0C em Macei\u00f3 e\u00a0S\u00e3o Lu\u00eds. J\u00e1 a m\u00e1xima pode chegar at\u00e9 32\u00b0C, em Natal. A umidade relativa do ar varia entre 50% e 95%.<\/p>\n","protected":false},"author":1,"featured_media":51771,"comment_status":"open","ping_status":"open","sticky":false,"template":"","format":"standard","meta":{"fifu_image_url":"","fifu_image_alt":"","footnotes":""},"categories":[58],"tags":[],"class_list":["post-51770","post","type-post","status-publish","format-standard","has-post-thumbnail","hentry","category-cotidiano"],"distributor_meta":false,"distributor_terms":false,"distributor_media":false,"distributor_original_site_name":"Noticias em Destaque","distributor_original_site_url":"https:\/\/noticiasdestaque.com.br","push-errors":false,"_links":{"self":[{"href":"https:\/\/noticiasdestaque.com.br\/index.php\/wp-json\/wp\/v2\/posts\/51770","targetHints":{"allow":["GET"]}}],"collection":[{"href":"https:\/\/noticiasdestaque.com.br\/index.php\/wp-json\/wp\/v2\/posts"}],"about":[{"href":"https:\/\/noticiasdestaque.com.br\/index.php\/wp-json\/wp\/v2\/types\/post"}],"author":[{"embeddable":true,"href":"https:\/\/noticiasdestaque.com.br\/index.php\/wp-json\/wp\/v2\/users\/1"}],"replies":[{"embeddable":true,"href":"https:\/\/noticiasdestaque.com.br\/index.php\/wp-json\/wp\/v2\/comments?post=51770"}],"version-history":[{"count":0,"href":"https:\/\/noticiasdestaque.com.br\/index.php\/wp-json\/wp\/v2\/posts\/51770\/revisions"}],"wp:featuredmedia":[{"embeddable":true,"href":"https:\/\/noticiasdestaque.com.br\/index.php\/wp-json\/wp\/v2\/media\/51771"}],"wp:attachment":[{"href":"https:\/\/noticiasdestaque.com.br\/index.php\/wp-json\/wp\/v2\/media?parent=51770"}],"wp:term":[{"taxonomy":"category","embeddable":true,"href":"https:\/\/noticiasdestaque.com.br\/index.php\/wp-json\/wp\/v2\/categories?post=51770"},{"taxonomy":"post_tag","embeddable":true,"href":"https:\/\/noticiasdestaque.com.br\/index.php\/wp-json\/wp\/v2\/tags?post=51770"}],"curies":[{"name":"wp","href":"https:\/\/api.w.org\/{rel}","templated":true}]}}