{"id":51743,"date":"2026-04-27T18:40:00","date_gmt":"2026-04-27T21:40:00","guid":{"rendered":"https:\/\/noticiasdestaque.com.br\/index.php\/2026\/04\/27\/o-tempo-e-a-temperatura-frente-fria-mantem-chuva-no-parana-e-geada-no-rio-grande-do-sul-nesta-terca-feira-28\/"},"modified":"2026-04-27T18:40:00","modified_gmt":"2026-04-27T21:40:00","slug":"o-tempo-e-a-temperatura-frente-fria-mantem-chuva-no-parana-e-geada-no-rio-grande-do-sul-nesta-terca-feira-28","status":"publish","type":"post","link":"https:\/\/noticiasdestaque.com.br\/index.php\/2026\/04\/27\/o-tempo-e-a-temperatura-frente-fria-mantem-chuva-no-parana-e-geada-no-rio-grande-do-sul-nesta-terca-feira-28\/","title":{"rendered":"O TEMPO E A TEMPERATURA: Frente fria mant\u00e9m chuva no Paran\u00e1 e geada no Rio Grande do Sul nesta ter\u00e7a-feira (28)"},"content":{"rendered":"<p>\t\t\t\t\t\t\t\t\t\t\t<audio controls class=\"b61_audio_player\" data-noticia=\"89155\" src=\"https:\/\/brasil61.com\/rails\/active_storage\/blobs\/eyJfcmFpbHMiOnsibWVzc2FnZSI6IkJBaHBBMmdhQkE9PSIsImV4cCI6bnVsbCwicHVyIjoiYmxvYl9pZCJ9fQ==--543ac77fbaceae79d6c04074cdf818c9eca0e286\/PTRS264301A\"><\/audio><\/p>\n<p><strong>Uma frente fria atua na Regi\u00e3o Sul neste in\u00edcio de semana. <\/strong>Nesta ter\u00e7a-feira (28), a previs\u00e3o \u00e9 de poucas nuvens e geada pela manh\u00e3 em \u00e1reas do Rio Grande do Sul.<\/p>\n<p>Em Santa Catarina, o c\u00e9u varia entre poucas e muitas nuvens, com pancadas de chuva no norte do estado.<\/p>\n<p>No Paran\u00e1, h\u00e1 previs\u00e3o de chuva. O Inmet emitiu alerta de perigo potencial para chuvas intensas em \u00e1reas do Norte Pioneiro, Oeste, Noroeste e Regi\u00e3o Metropolitana de Curitiba.<\/p>\n<p>Entre as capitais, m\u00ednimas de 6\u00baC em Porto Alegre (RS) e 14\u00baC em Curitiba (PR). A m\u00e1xima deve chegar a 20\u00baC em Florian\u00f3polis (SC).<\/p>\n<p>As informa\u00e7\u00f5es s\u00e3o do <a href=\"https:\/\/portal.inmet.gov.br\/\">Instituto Nacional de Meteorologia (Inmet)<\/a>.<\/p>\n<p>\t\t\t\t\t\t\t\t\t\t<img loading=\"lazy\" decoding=\"async\" src=\"https:\/\/brasil61.com\/api\/v1\/serve_pixel\/17677\/89155\" alt=\"Pixel Brasil 61\" class=\"b61_pixel\" width=\"0\" height=\"0\"><\/p>\n<input type=\"hidden\" id=\"baseurl\" value=\"https:\/\/noticiasdestaque.com.br\"><input type=\"hidden\" id=\"audio_nonce\" value=\"35cc8f9b14\">","protected":false},"excerpt":{"rendered":"<p>Em Santa Catarina, o c\u00e9u varia entre poucas e muitas nuvens, com pancadas de chuva no norte do estado<\/p>\n","protected":false},"author":1,"featured_media":51744,"comment_status":"open","ping_status":"open","sticky":false,"template":"","format":"standard","meta":{"fifu_image_url":"","fifu_image_alt":"","footnotes":""},"categories":[58],"tags":[],"class_list":["post-51743","post","type-post","status-publish","format-standard","has-post-thumbnail","hentry","category-cotidiano"],"distributor_meta":false,"distributor_terms":false,"distributor_media":false,"distributor_original_site_name":"Noticias em Destaque","distributor_original_site_url":"https:\/\/noticiasdestaque.com.br","push-errors":false,"_links":{"self":[{"href":"https:\/\/noticiasdestaque.com.br\/index.php\/wp-json\/wp\/v2\/posts\/51743","targetHints":{"allow":["GET"]}}],"collection":[{"href":"https:\/\/noticiasdestaque.com.br\/index.php\/wp-json\/wp\/v2\/posts"}],"about":[{"href":"https:\/\/noticiasdestaque.com.br\/index.php\/wp-json\/wp\/v2\/types\/post"}],"author":[{"embeddable":true,"href":"https:\/\/noticiasdestaque.com.br\/index.php\/wp-json\/wp\/v2\/users\/1"}],"replies":[{"embeddable":true,"href":"https:\/\/noticiasdestaque.com.br\/index.php\/wp-json\/wp\/v2\/comments?post=51743"}],"version-history":[{"count":0,"href":"https:\/\/noticiasdestaque.com.br\/index.php\/wp-json\/wp\/v2\/posts\/51743\/revisions"}],"wp:featuredmedia":[{"embeddable":true,"href":"https:\/\/noticiasdestaque.com.br\/index.php\/wp-json\/wp\/v2\/media\/51744"}],"wp:attachment":[{"href":"https:\/\/noticiasdestaque.com.br\/index.php\/wp-json\/wp\/v2\/media?parent=51743"}],"wp:term":[{"taxonomy":"category","embeddable":true,"href":"https:\/\/noticiasdestaque.com.br\/index.php\/wp-json\/wp\/v2\/categories?post=51743"},{"taxonomy":"post_tag","embeddable":true,"href":"https:\/\/noticiasdestaque.com.br\/index.php\/wp-json\/wp\/v2\/tags?post=51743"}],"curies":[{"name":"wp","href":"https:\/\/api.w.org\/{rel}","templated":true}]}}