{"id":51741,"date":"2026-04-27T18:30:00","date_gmt":"2026-04-27T21:30:00","guid":{"rendered":"https:\/\/noticiasdestaque.com.br\/index.php\/2026\/04\/27\/o-tempo-e-a-temperatura-previsao-de-chuva-em-mt-e-ms-nesta-terca-feira-28\/"},"modified":"2026-04-27T18:30:00","modified_gmt":"2026-04-27T21:30:00","slug":"o-tempo-e-a-temperatura-previsao-de-chuva-em-mt-e-ms-nesta-terca-feira-28","status":"publish","type":"post","link":"https:\/\/noticiasdestaque.com.br\/index.php\/2026\/04\/27\/o-tempo-e-a-temperatura-previsao-de-chuva-em-mt-e-ms-nesta-terca-feira-28\/","title":{"rendered":"O TEMPO E A TEMPERATURA: previs\u00e3o de chuva em MT e MS nesta ter\u00e7a-feira (28)"},"content":{"rendered":"<p>\t\t\t\t\t\t\t\t\t\t\t<audio controls class=\"b61_audio_player\" data-noticia=\"89153\" src=\"https:\/\/brasil61.com\/rails\/active_storage\/blobs\/eyJfcmFpbHMiOnsibWVzc2FnZSI6IkJBaHBBMnNhQkE9PSIsImV4cCI6bnVsbCwicHVyIjoiYmxvYl9pZCJ9fQ==--d226bbe5a606de6686ce1ce69d3c68343e79831e\/PTCO264437A\"><\/audio><\/p>\n<p><strong>A previs\u00e3o para esta ter\u00e7a-feira (28) indica chuva em Mato Grosso e Mato Grosso do Sul. No Distrito Federal e em Goi\u00e1s, o tempo permanece est\u00e1vel.<\/strong><\/p>\n<p>O Inmet emitiu alerta de perigo potencial para chuvas intensas em \u00e1reas de Mato Grosso do Sul e Mato Grosso. O aviso vale para munic\u00edpios do Pantanal e leste sul-mato-grossense, al\u00e9m do norte e nordeste mato-grossense.<\/p>\n<p>A previs\u00e3o indica acumulados de at\u00e9 50 mm por dia.<\/p>\n<p>Entre as capitais, m\u00ednimas de 16\u00baC em Bras\u00edlia (DF) e 18\u00baC em Campo Grande (MS). As m\u00e1ximas devem chegar a 32\u00baC em Cuiab\u00e1 (MT) e Goi\u00e2nia (GO).<\/p>\n<p>As informa\u00e7\u00f5es s\u00e3o do <a href=\"https:\/\/portal.inmet.gov.br\/\"><strong>Instituto Nacional de Meteorologia (Inmet)<\/strong><\/a>.<\/p>\n<p>\t\t\t\t\t\t\t\t\t\t<img loading=\"lazy\" decoding=\"async\" src=\"https:\/\/brasil61.com\/api\/v1\/serve_pixel\/17677\/89153\" alt=\"Pixel Brasil 61\" class=\"b61_pixel\" width=\"0\" height=\"0\"><\/p>\n<input type=\"hidden\" id=\"baseurl\" value=\"https:\/\/noticiasdestaque.com.br\"><input type=\"hidden\" id=\"audio_nonce\" value=\"35cc8f9b14\">","protected":false},"excerpt":{"rendered":"<p>O Inmet emitiu alerta de perigo potencial para chuvas intensas em \u00e1reas dos dois estados<\/p>\n","protected":false},"author":1,"featured_media":51742,"comment_status":"open","ping_status":"open","sticky":false,"template":"","format":"standard","meta":{"fifu_image_url":"","fifu_image_alt":"","footnotes":""},"categories":[58],"tags":[],"class_list":["post-51741","post","type-post","status-publish","format-standard","has-post-thumbnail","hentry","category-cotidiano"],"distributor_meta":false,"distributor_terms":false,"distributor_media":false,"distributor_original_site_name":"Noticias em Destaque","distributor_original_site_url":"https:\/\/noticiasdestaque.com.br","push-errors":false,"_links":{"self":[{"href":"https:\/\/noticiasdestaque.com.br\/index.php\/wp-json\/wp\/v2\/posts\/51741","targetHints":{"allow":["GET"]}}],"collection":[{"href":"https:\/\/noticiasdestaque.com.br\/index.php\/wp-json\/wp\/v2\/posts"}],"about":[{"href":"https:\/\/noticiasdestaque.com.br\/index.php\/wp-json\/wp\/v2\/types\/post"}],"author":[{"embeddable":true,"href":"https:\/\/noticiasdestaque.com.br\/index.php\/wp-json\/wp\/v2\/users\/1"}],"replies":[{"embeddable":true,"href":"https:\/\/noticiasdestaque.com.br\/index.php\/wp-json\/wp\/v2\/comments?post=51741"}],"version-history":[{"count":0,"href":"https:\/\/noticiasdestaque.com.br\/index.php\/wp-json\/wp\/v2\/posts\/51741\/revisions"}],"wp:featuredmedia":[{"embeddable":true,"href":"https:\/\/noticiasdestaque.com.br\/index.php\/wp-json\/wp\/v2\/media\/51742"}],"wp:attachment":[{"href":"https:\/\/noticiasdestaque.com.br\/index.php\/wp-json\/wp\/v2\/media?parent=51741"}],"wp:term":[{"taxonomy":"category","embeddable":true,"href":"https:\/\/noticiasdestaque.com.br\/index.php\/wp-json\/wp\/v2\/categories?post=51741"},{"taxonomy":"post_tag","embeddable":true,"href":"https:\/\/noticiasdestaque.com.br\/index.php\/wp-json\/wp\/v2\/tags?post=51741"}],"curies":[{"name":"wp","href":"https:\/\/api.w.org\/{rel}","templated":true}]}}