{"id":51737,"date":"2026-04-27T04:15:00","date_gmt":"2026-04-27T07:15:00","guid":{"rendered":"https:\/\/noticiasdestaque.com.br\/index.php\/2026\/04\/27\/resolucao-redefine-prazos-do-simples-nacional-para-o-ano-calendario-de-2027\/"},"modified":"2026-04-27T04:15:00","modified_gmt":"2026-04-27T07:15:00","slug":"resolucao-redefine-prazos-do-simples-nacional-para-o-ano-calendario-de-2027","status":"publish","type":"post","link":"https:\/\/noticiasdestaque.com.br\/index.php\/2026\/04\/27\/resolucao-redefine-prazos-do-simples-nacional-para-o-ano-calendario-de-2027\/","title":{"rendered":"Resolu\u00e7\u00e3o redefine prazos do Simples Nacional para o ano-calend\u00e1rio de 2027"},"content":{"rendered":"<p>\t\t\t\t\t\t\t\t\t\t\t<audio controls class=\"b61_audio_player\" data-noticia=\"89048\" src=\"https:\/\/brasil61.com\/rails\/active_storage\/blobs\/eyJfcmFpbHMiOnsibWVzc2FnZSI6IkJBaHBBL1lYQkE9PSIsImV4cCI6bnVsbCwicHVyIjoiYmxvYl9pZCJ9fQ==--aae08fddb33e64a3be9fada9502b15636205253e\/BRAS2616292A\"><\/audio><\/p>\n<p>O per\u00edodo de <strong>transi\u00e7\u00e3o da Reforma Tribut\u00e1ria <\/strong>j\u00e1 come\u00e7ou e, assim como os contribuintes, as<strong> administra\u00e7\u00f5es municipais tamb\u00e9m precisam redobrar a aten\u00e7\u00e3o \u00e0s novas normas<\/strong>.<\/p>\n<p>O<strong> Comit\u00ea Gestor do Simples Nacional <\/strong>(CGSN) publicou uma<strong> resolu\u00e7\u00e3o (<a href=\"https:\/\/normasinternet2.receita.fazenda.gov.br\/#\/consulta\/externa\/150653\" target=\"_blank\">n\u00ba 186\/2026<\/a>)<\/strong>, que estabelece <strong>prazos e condi\u00e7\u00f5es para a op\u00e7\u00e3o pelo Simples Nacional<\/strong> no ano-calend\u00e1rio de 2027, com o objetivo de<strong> alinhar o sistema \u00e0 implementa\u00e7\u00e3o gradual do Imposto sobre Bens e Servi\u00e7os (IBS) e da Contribui\u00e7\u00e3o Social sobre Bens e Servi\u00e7os (CBS)<\/strong>.<\/p>\n<p>Apesar de n\u00e3o haver impacto direto e imediato na arrecada\u00e7\u00e3o, a mudan\u00e7a da norma indica uma <strong>transforma\u00e7\u00e3o estrutural na gest\u00e3o tribut\u00e1ria<\/strong>, impulsionada pela <strong>futura substitui\u00e7\u00e3o do Imposto Sobre Servi\u00e7os (ISS)<\/strong>.<\/p>\n<h2>Op\u00e7\u00e3o antecipada em setembro de 2026<\/h2>\n<p>De acordo com a resolu\u00e7\u00e3o, a <strong>op\u00e7\u00e3o pelo Simples Nacional <\/strong>para o ano-calend\u00e1rio de 2027 dever\u00e1 ser formalizada entre <strong>1\u00ba e 30 de setembro de 2026<\/strong>, por meio do <a href=\"https:\/\/www8.receita.fazenda.gov.br\/simplesnacional\/\" target=\"_blank\">Portal do Simples Nacional<\/a>.<\/p>\n<p>A antecipa\u00e7\u00e3o decorre da necessidade de compatibilizar o regime simplificado com a nova sistem\u00e1tica do IBS e da CBS. Al\u00e9m disso, a medida permite que as <strong>empresas realizem planejamento tribut\u00e1rio<\/strong> <strong>com maior previsibilidade<\/strong>, considerando os impactos do novo modelo.<\/p>\n<h2>Cancelamento definitivo e prazo para regulariza\u00e7\u00e3o<\/h2>\n<p>A op\u00e7\u00e3o pelo Simples Nacional <strong>poder\u00e1 ser cancelada em definitivo at\u00e9 30 de novembro de 2026<\/strong>, garantindo margem de decis\u00e3o caso ocorram altera\u00e7\u00f5es no faturamento ou no enquadramento societ\u00e1rio.<\/p>\n<p>Caso a <strong>solicita\u00e7\u00e3o de cancelamento seja negada<\/strong>, a empresa ter\u00e1 <strong>prazo de at\u00e9 30 dias para regularizar<\/strong> eventuais pend\u00eancias impeditivas, incluindo d\u00e9bitos tribut\u00e1rios, contados a partir do conhecimento do termo de indeferimento. Ap\u00f3s a regulariza\u00e7\u00e3o das pend\u00eancias, a op\u00e7\u00e3o ser\u00e1 aprovada.<\/p>\n<h2>Op\u00e7\u00e3o pelo regime regular do IBS e da CBS<\/h2>\n<p>Segundo a Resolu\u00e7\u00e3o CGSN n\u00ba 186\/2026, as empresas poder\u00e3o <strong>escolher apurar e recolher o IBS e a CBS pelo regime regular <\/strong>(fora da guia unificada do Simples) exclusivamente no per\u00edodo de <strong>janeiro a junho de 2027<\/strong>.<\/p>\n<p>Essa escolha dever\u00e1 ser feita no mesmo per\u00edodo da op\u00e7\u00e3o pelo Simples Nacional \u2014 de<strong> 1\u00ba a 30 de setembro de 2026<\/strong> \u2014 e produzir\u00e1 efeitos a partir de <strong>1\u00ba de janeiro de 2027<\/strong>. Nessa hip\u00f3tese, as parcelas relativas ao IBS e \u00e0 CBS n\u00e3o ser\u00e3o recolhidas pelo Simples Nacional, <strong>sem que isso implique exclus\u00e3o do contribuinte do regime<\/strong>.<\/p>\n<p>A op\u00e7\u00e3o pelo regime regular do IBS e da CBS tamb\u00e9m poder\u00e1 ser cancelada em definitivo at\u00e9 o \u00faltimo dia de novembro de 2026.<\/p>\n<h2>Empresas em in\u00edcio de atividade<\/h2>\n<p>A resolu\u00e7\u00e3o estabelece <strong>regras espec\u00edficas para empresas que iniciarem as atividades entre 1\u00ba de outubro e 31 de dezembro de 2026<\/strong>. Nesses casos, n\u00e3o ser\u00e1 necess\u00e1ria a antecipa\u00e7\u00e3o da op\u00e7\u00e3o, que dever\u00e1 ser realizada no momento da inscri\u00e7\u00e3o do CNPJ.<\/p>\n<p>Nessas situa\u00e7\u00f5es:<\/p>\n<ul>\n<li>a <strong>op\u00e7\u00e3o pelo Simples Nacional<\/strong> produzir\u00e1 efeitos a partir da <strong>data de inscri\u00e7\u00e3o<\/strong> e valer\u00e1 para <strong>todo o ano-calend\u00e1rio de 2027<\/strong>;<\/li>\n<li>a <strong>op\u00e7\u00e3o pela apura\u00e7\u00e3o do IBS e da CBS<\/strong> pelo regime regular produzir\u00e1 efeitos para os meses de <strong>janeiro a junho de 2027<\/strong>.<\/li>\n<\/ul>\n<h2>Exclus\u00e3o do SIMEI<\/h2>\n<p>As novas regras <strong>n\u00e3o se aplicam ao Sistema de Recolhimento em Valores Fixos Mensais (SIMEI)<\/strong>, que continuar\u00e1 seguindo seu regramento pr\u00f3prio de valores fixos. Assim, o<strong> microempreendedor individual (MEI)<\/strong> continuar\u00e1 seguindo as normas espec\u00edficas j\u00e1 previstas para essa categoria.<\/p>\n<h2>Desafio para o munic\u00edpios<\/h2>\n<p>Com a maior integra\u00e7\u00e3o entre os fiscos da<strong> Uni\u00e3o, estados e munic\u00edpios<\/strong> e o aumento do <strong>compartilhamento de dados<\/strong>, a atua\u00e7\u00e3o das administra\u00e7\u00f5es municipais depender\u00e1 cada vez mais de <strong>sistemas digitais modernos<\/strong>. Por isso, a <a href=\"https:\/\/cnm.org.br\/\" target=\"_blank\">Confedera\u00e7\u00e3o Nacional dos Munic\u00edpios (CNM)<\/a> alerta que <strong>\u201ca moderniza\u00e7\u00e3o n\u00e3o \u00e9 opcional\u201d<\/strong>.<\/p>\n<p>A entidade recomenda que <strong>gestores <\/strong>\u2014 especialmente em munic\u00edpios com elevada depend\u00eancia do ISS \u2014 iniciem <strong>an\u00e1lises internas de impacto<\/strong> <strong>e invistam em solu\u00e7\u00f5es tecnol\u00f3gicas<\/strong> compat\u00edveis com os novos padr\u00f5es nacionais para <strong>evitar perdas de efici\u00eancia na arrecada\u00e7\u00e3o<\/strong>.<\/p>\n<p><strong>VEJA MAIS:<\/strong><\/p>\n<ul>\n<li><a href=\"https:\/\/brasil61.com\/n\/simples-nacional-representantes-do-setor-produtivo-e-parlamentar-do-mt-defendem-aumento-para-todas-as-faixas-enquadradas-cacb260153\" target=\"_blank\">Simples Nacional: representantes do setor produtivo e parlamentar do MT defendem aumento para todas as faixas enquadradas<\/a><\/li>\n<li><a href=\"https:\/\/brasil61.com\/n\/pequenos-empresarios-pressionam-congresso-por-reajuste-do-simples-nacional-cacb260141\" target=\"_blank\">Pequenos empres\u00e1rios pressionam Congresso por reajuste do Simples Nacional<\/a><\/li>\n<\/ul>\n<p>\t\t\t\t\t\t\t\t\t\t<img loading=\"lazy\" decoding=\"async\" src=\"https:\/\/brasil61.com\/api\/v1\/serve_pixel\/17677\/89048\" alt=\"Pixel Brasil 61\" class=\"b61_pixel\" width=\"0\" height=\"0\"><\/p>\n<input type=\"hidden\" id=\"baseurl\" value=\"https:\/\/noticiasdestaque.com.br\"><input type=\"hidden\" id=\"audio_nonce\" value=\"35cc8f9b14\">","protected":false},"excerpt":{"rendered":"<p>Mudan\u00e7as acompanham a implementa\u00e7\u00e3o gradual do IBS e da CBS e exigem ajustes nos sistemas municipais<\/p>\n","protected":false},"author":1,"featured_media":51738,"comment_status":"open","ping_status":"open","sticky":false,"template":"","format":"standard","meta":{"fifu_image_url":"","fifu_image_alt":"","footnotes":""},"categories":[48],"tags":[],"class_list":["post-51737","post","type-post","status-publish","format-standard","has-post-thumbnail","hentry","category-mundo"],"distributor_meta":false,"distributor_terms":false,"distributor_media":false,"distributor_original_site_name":"Noticias em Destaque","distributor_original_site_url":"https:\/\/noticiasdestaque.com.br","push-errors":false,"_links":{"self":[{"href":"https:\/\/noticiasdestaque.com.br\/index.php\/wp-json\/wp\/v2\/posts\/51737","targetHints":{"allow":["GET"]}}],"collection":[{"href":"https:\/\/noticiasdestaque.com.br\/index.php\/wp-json\/wp\/v2\/posts"}],"about":[{"href":"https:\/\/noticiasdestaque.com.br\/index.php\/wp-json\/wp\/v2\/types\/post"}],"author":[{"embeddable":true,"href":"https:\/\/noticiasdestaque.com.br\/index.php\/wp-json\/wp\/v2\/users\/1"}],"replies":[{"embeddable":true,"href":"https:\/\/noticiasdestaque.com.br\/index.php\/wp-json\/wp\/v2\/comments?post=51737"}],"version-history":[{"count":0,"href":"https:\/\/noticiasdestaque.com.br\/index.php\/wp-json\/wp\/v2\/posts\/51737\/revisions"}],"wp:featuredmedia":[{"embeddable":true,"href":"https:\/\/noticiasdestaque.com.br\/index.php\/wp-json\/wp\/v2\/media\/51738"}],"wp:attachment":[{"href":"https:\/\/noticiasdestaque.com.br\/index.php\/wp-json\/wp\/v2\/media?parent=51737"}],"wp:term":[{"taxonomy":"category","embeddable":true,"href":"https:\/\/noticiasdestaque.com.br\/index.php\/wp-json\/wp\/v2\/categories?post=51737"},{"taxonomy":"post_tag","embeddable":true,"href":"https:\/\/noticiasdestaque.com.br\/index.php\/wp-json\/wp\/v2\/tags?post=51737"}],"curies":[{"name":"wp","href":"https:\/\/api.w.org\/{rel}","templated":true}]}}