{"id":51721,"date":"2026-04-26T04:55:00","date_gmt":"2026-04-26T07:55:00","guid":{"rendered":"https:\/\/noticiasdestaque.com.br\/index.php\/2026\/04\/26\/tv-digital-59-municipios-em-16-estados-vao-receber-sinal-da-rede-publica-e-legislativa\/"},"modified":"2026-04-27T23:07:15","modified_gmt":"2026-04-28T02:07:15","slug":"tv-digital-59-municipios-em-16-estados-vao-receber-sinal-da-rede-publica-e-legislativa","status":"publish","type":"post","link":"https:\/\/noticiasdestaque.com.br\/index.php\/2026\/04\/26\/tv-digital-59-municipios-em-16-estados-vao-receber-sinal-da-rede-publica-e-legislativa\/","title":{"rendered":"TV Digital: 59 munic\u00edpios em 16 estados v\u00e3o receber sinal da Rede P\u00fablica e Legislativa"},"content":{"rendered":"<p>\t\t\t\t\t\t\t\t\t\t<audio controls class=\"b61_audio_player\" data-noticia=\"89129\" src=\"https:\/\/brasil61.com\/rails\/active_storage\/blobs\/eyJfcmFpbHMiOnsibWVzc2FnZSI6IkJBaHBBNmdaQkE9PSIsImV4cCI6bnVsbCwicHVyIjoiYmxvYl9pZCJ9fQ==--9402d2653ac5b85bc84b9c08bff55543eb5a2da7\/MCOM260358A\"><\/audio><\/p>\n<p>O <a href=\"https:\/\/www.gov.br\/mcom\/pt-br\"><strong>Minist\u00e9rio das Comunica\u00e7\u00f5es <\/strong><\/a>ampliou a lista de localidades beneficiadas pelo <strong>programa Brasil Digital<\/strong>. <strong>Ao todo, 59 munic\u00edpios distribu\u00eddos em 16 estados foram selecionados para a instala\u00e7\u00e3o de esta\u00e7\u00f5es de TV digital. Veja a lista abaixo.<\/strong><\/p>\n<p><strong>A iniciativa visa transmitir a programa\u00e7\u00e3o da Rede Nacional de Comunica\u00e7\u00e3o P\u00fablica (RNCP) e da Rede Legislativa.<\/strong><\/p>\n<p>De acordo com o minist\u00e9rio, com a nova fase, o programa ultrapassa a marca de 1 milh\u00e3o de pessoas beneficiadas com acesso gratuito a conte\u00fados de cidadania e transpar\u00eancia. A prioridade da expans\u00e3o s\u00e3o as regi\u00f5es que ainda n\u00e3o possuem cobertura de TV p\u00fablica.<\/p>\n<p>Para o ministro das Comunica\u00e7\u00f5es, Frederico de Siqueira Filho, o avan\u00e7o do programa refor\u00e7a o compromisso com a democratiza\u00e7\u00e3o do acesso \u00e0 informa\u00e7\u00e3o. \u201cEstamos levando sinal de TV p\u00fablica de qualidade para regi\u00f5es que historicamente n\u00e3o tinham acesso a esse tipo de conte\u00fado. Isso significa mais cidadania, mais transpar\u00eancia e mais oportunidades para a popula\u00e7\u00e3o\u201d, destacou.<\/p>\n<p>O foco do programa \u00e9 democratizar o acesso \u00e0 informa\u00e7\u00e3o de qualidade. A meta \u00e9 instalar novas esta\u00e7\u00f5es em aproximadamente 50 cidades ainda no primeiro semestre de 2026. Atualmente, estruturas j\u00e1 est\u00e3o sendo implantadas em cerca de 150 localidades brasileiras.<\/p>\n<p>A parceria para a viabiliza\u00e7\u00e3o do sinal ocorre entre o Governo do Brasil e \u00f3rg\u00e3os da administra\u00e7\u00e3o p\u00fablica direta ou indireta, como prefeituras e c\u00e2maras municipais, assembleias legislativas, empresas p\u00fablicas e sociedades de economia mista.<\/p>\n<p>O programa seleciona institui\u00e7\u00f5es parceiras para a gest\u00e3o do local de instala\u00e7\u00e3o e da infraestrutura b\u00e1sica necess\u00e1ria para a oferta do servi\u00e7o de televis\u00e3o digital e na aquisi\u00e7\u00e3o e implanta\u00e7\u00e3o de esta\u00e7\u00f5es de televis\u00e3o digital e doa\u00e7\u00e3o de equipamentos transmissores para institui\u00e7\u00f5es benefici\u00e1rias para a transmiss\u00e3o da programa\u00e7\u00e3o.<\/p>\n<h2>Brasil Digital: rela\u00e7\u00e3o de cidades contempladas por estado<\/h2>\n<p>Confira abaixo os munic\u00edpios que receber\u00e3o as novas esta\u00e7\u00f5es de transmiss\u00e3o:<\/p>\n<ul>\n<li>Bahia: Barra do Mendes, Canavieiras, Guanambi, Po\u00e7\u00f5es e Santo Ant\u00f4nio de Jesus.<\/li>\n<li>Cear\u00e1: Cari\u00fas, Juc\u00e1s, Limoeiro do Norte, Paracuru, Quixad\u00e1 e Sobral.<\/li>\n<li>Esp\u00edrito Santo: Barra de S\u00e3o Francisco e Castelo.<\/li>\n<li>Goi\u00e1s: Cocalzinho de Goi\u00e1s, Cristalina, Formosa, Inhumas, Itumbiara, Luzi\u00e2nia e Padre Bernardo.<\/li>\n<li>Minas Gerais: Araguari, Cataguases, Curvelo, Manhua\u00e7u, Monte Si\u00e3o, Paracatu e Patroc\u00ednio.<\/li>\n<li>Mato Grosso do Sul: Corumb\u00e1 e Ponta Por\u00e3.<\/li>\n<li>Mato Grosso: Alta Floresta, Barra do Gar\u00e7as e C\u00e1ceres.<\/li>\n<li>Par\u00e1: Paragominas, Santar\u00e9m e Tail\u00e2ndia.<\/li>\n<li>Pernambuco: Carpina e Ipojuca.<\/li>\n<li>Piau\u00ed: Castelo do Piau\u00ed e Curimat\u00e1.<\/li>\n<li>Paran\u00e1: Apucarana, Fazenda Rio Grande, Irati, Ivaipor\u00e3 e Rio Negro.<\/li>\n<li>Rio de Janeiro: Paraty e Resende.<\/li>\n<li>Rio Grande do Norte: Nova Cruz e Parelhas.<\/li>\n<li>Rio Grande do Sul: Bento Gon\u00e7alves, Cruz Alta e Santa Cruz do Sul.<\/li>\n<li>S\u00e3o Paulo: Americana, Atibaia, Catanduva, Presidente Prudente, Salto e Tatu\u00ed.<\/li>\n<li>Tocantins: Araguatins e Porto Nacional.<br \/>\n\t\u00a0<\/li>\n<\/ul>\n<p>\t\t\t\t\t\t\t\t\t<img loading=\"lazy\" decoding=\"async\" src=\"https:\/\/brasil61.com\/api\/v1\/serve_pixel\/17677\/89129\" alt=\"Pixel Brasil 61\" class=\"b61_pixel\" width=\"0\" height=\"0\"><\/p>\n<input type=\"hidden\" id=\"baseurl\" value=\"https:\/\/noticiasdestaque.com.br\"><input type=\"hidden\" id=\"audio_nonce\" value=\"35cc8f9b14\">","protected":false},"excerpt":{"rendered":"<p>Programa Brasil Digital, do Minist\u00e9rio das Comunica\u00e7\u00f5es, amplia oferta de TV Digital para transmiss\u00e3o da programa\u00e7\u00e3o da Rede Nacional de Comunica\u00e7\u00e3o P\u00fablica (RNCP) e da Rede Legislativa (RL)<\/p>\n","protected":false},"author":1,"featured_media":51755,"comment_status":"open","ping_status":"open","sticky":false,"template":"","format":"standard","meta":{"fifu_image_url":"","fifu_image_alt":"","footnotes":""},"categories":[48],"tags":[],"class_list":["post-51721","post","type-post","status-publish","format-standard","has-post-thumbnail","hentry","category-mundo"],"distributor_meta":false,"distributor_terms":false,"distributor_media":false,"distributor_original_site_name":"Noticias em Destaque","distributor_original_site_url":"https:\/\/noticiasdestaque.com.br","push-errors":false,"_links":{"self":[{"href":"https:\/\/noticiasdestaque.com.br\/index.php\/wp-json\/wp\/v2\/posts\/51721","targetHints":{"allow":["GET"]}}],"collection":[{"href":"https:\/\/noticiasdestaque.com.br\/index.php\/wp-json\/wp\/v2\/posts"}],"about":[{"href":"https:\/\/noticiasdestaque.com.br\/index.php\/wp-json\/wp\/v2\/types\/post"}],"author":[{"embeddable":true,"href":"https:\/\/noticiasdestaque.com.br\/index.php\/wp-json\/wp\/v2\/users\/1"}],"replies":[{"embeddable":true,"href":"https:\/\/noticiasdestaque.com.br\/index.php\/wp-json\/wp\/v2\/comments?post=51721"}],"version-history":[{"count":1,"href":"https:\/\/noticiasdestaque.com.br\/index.php\/wp-json\/wp\/v2\/posts\/51721\/revisions"}],"predecessor-version":[{"id":51754,"href":"https:\/\/noticiasdestaque.com.br\/index.php\/wp-json\/wp\/v2\/posts\/51721\/revisions\/51754"}],"wp:featuredmedia":[{"embeddable":true,"href":"https:\/\/noticiasdestaque.com.br\/index.php\/wp-json\/wp\/v2\/media\/51755"}],"wp:attachment":[{"href":"https:\/\/noticiasdestaque.com.br\/index.php\/wp-json\/wp\/v2\/media?parent=51721"}],"wp:term":[{"taxonomy":"category","embeddable":true,"href":"https:\/\/noticiasdestaque.com.br\/index.php\/wp-json\/wp\/v2\/categories?post=51721"},{"taxonomy":"post_tag","embeddable":true,"href":"https:\/\/noticiasdestaque.com.br\/index.php\/wp-json\/wp\/v2\/tags?post=51721"}],"curies":[{"name":"wp","href":"https:\/\/api.w.org\/{rel}","templated":true}]}}