{"id":5172,"date":"2023-03-06T15:55:41","date_gmt":"2023-03-06T18:55:41","guid":{"rendered":"https:\/\/noticiasdestaque.com.br\/index.php\/2023\/03\/06\/vacina-contra-dengue-deve-estar-disponivel-no-segundo-semestre\/"},"modified":"2023-03-06T15:55:41","modified_gmt":"2023-03-06T18:55:41","slug":"vacina-contra-dengue-deve-estar-disponivel-no-segundo-semestre","status":"publish","type":"post","link":"https:\/\/noticiasdestaque.com.br\/index.php\/2023\/03\/06\/vacina-contra-dengue-deve-estar-disponivel-no-segundo-semestre\/","title":{"rendered":"Vacina contra dengue deve estar dispon\u00edvel no segundo semestre"},"content":{"rendered":"<p>A vacina contra a dengue deve estar dispon\u00edvel para a popula\u00e7\u00e3o brasileira no segundo semestre deste ano. Essa \u00e9 a previs\u00e3o da Associa\u00e7\u00e3o Brasileira das Cl\u00ednicas de Vacinas. A Ag\u00eancia Nacional de Vigil\u00e2ncia Sanit\u00e1ria (Anvisa) aprovou o registro do imunizante na \u00faltima quinta-feira (2).<\/p>\n<p>Produzida pela empresa Takeda Pharma, a Qdenga \u00e9 indicada para popula\u00e7\u00e3o entre 4 e 60 anos e aplicada por via subcut\u00e2nea em esquema de duas doses, com intervalo de tr\u00eas meses entre as aplica\u00e7\u00f5es. \u201cUma vacina que mostrou alt\u00edssima efic\u00e1cia, mais de 80% na preven\u00e7\u00e3o da dengue, 90% na preven\u00e7\u00e3o da dengue grave, aplicada em duas e muito segura\u201d, celebra Renato Kfouri, infectologista vice-presidente da Sociedade Brasileira de Imuniza\u00e7\u00f5es (SBIm).<\/p>\n<p>O pr\u00f3ximo passo, segundo o m\u00e9dico, \u00e9 a defini\u00e7\u00e3o da t\u00e1tica mais efetiva para a vacina\u00e7\u00e3o da popula\u00e7\u00e3o, uma vez que n\u00e3o h\u00e1 doses dispon\u00edveis para todos. \u201c\u00c9 preciso agora um grande estudo para que n\u00f3s possamos determinar qual ser\u00e1 a melhor estrat\u00e9gia, de melhor impacto em programa p\u00fablico j\u00e1 que n\u00e3o ser\u00e1 poss\u00edvel vacinar toda a popula\u00e7\u00e3o. Introduzir a vacina na popula\u00e7\u00e3o de maior risco, naquelas que adoecem com mais gravidade, nas regi\u00f5es onde a doen\u00e7a afeta com mais intensidade, parece ser a melhor estrat\u00e9gia\u201d, afirma Kfouri.<\/p>\n<p>No pa\u00eds, j\u00e1 existia uma vacina contra a doen\u00e7a transmitida pelo mosquito <em>Aedes aegypti<\/em>, mas estava dispon\u00edvel somente para quem j\u00e1 tinha sido infectado com o v\u00edrus. O Minist\u00e9rio da Sa\u00fade anunciou na sexta-feira (3) que vai pedir \u00e0 Comiss\u00e3o Nacional de Incorpora\u00e7\u00e3o de Tecnologias no Sistema \u00danico de Sa\u00fade (Conitec) que avalie a vacina Qdenga para inclus\u00e3o no Programa Nacional de Imuniza\u00e7\u00e3o (PNI).<\/p>\n<p>At\u00e9 a aplica\u00e7\u00e3o da vacina, a forma mais eficaz de preven\u00e7\u00e3o \u00e9 o combate ao mosquito <em>Aedes aegypti<\/em>. Para isso, h\u00e1 cuidados que podem ser tomados pela popula\u00e7\u00e3o, como verificar se a caixa d\u2019\u00e1gua est\u00e1 bem tampada, colocar areia nos pratos de plantas, recolher e acondicionar o lixo do quintal, limpar as calhar, cobrir bem piscinas e todos os reservat\u00f3rios de \u00e1gua.<\/p>\n<h2>Dengue end\u00eamica<\/h2>\n<p>Ao menos 1.016 pessoas morreram devido \u00e0 dengue no Brasil em 2022, um n\u00famero quatro vezes maior do que no ano anterior. Isso equivale a quase tr\u00eas v\u00edtimas diariamente no pa\u00eds, segundo dados do Minist\u00e9rio da Sa\u00fade. O total \u00e9 o maior na s\u00e9rie hist\u00f3rica dos \u00faltimos 10 anos, superando as 985 mortes provocadas pelo v\u00edrus em 2015.<\/p>\n<p>S\u00e3o Paulo lidera o ranking, com 282 mortos \u2013 equivalente a 27,7% do total. Em seguida, Goi\u00e1s contabiliza 162 v\u00edtimas (15,9%). Paran\u00e1 soma 109 v\u00edtimas e Santa Catarina e Rio Grande do Sul, 88 e 66, respectivamente. O montante, por\u00e9m, pode ser ainda maior que as estat\u00edsticas oficiais, j\u00e1 que outros 109 \u00f3bitos permanecem em investiga\u00e7\u00e3o em todo o pa\u00eds.<\/p>\n<p>A pasta registrou 1.450.270 casos de dengue no ano passado, o que leva a uma taxa de incid\u00eancia de 679,9 casos a cada 100 mil habitantes \u2013 um salto de 162,5% em rela\u00e7\u00e3o ao mesmo per\u00edodo de 2021. Bras\u00edlia e Goi\u00e2nia despontam como as cidades com maior n\u00famero de diagn\u00f3sticos.<\/p>\n<p> Fonte: Brasil61<\/p>\n<input type=\"hidden\" id=\"baseurl\" value=\"https:\/\/noticiasdestaque.com.br\"><input type=\"hidden\" id=\"audio_nonce\" value=\"eb7638fb71\">","protected":false},"excerpt":{"rendered":"<p>Minist\u00e9rio da Sa\u00fade avalia inclus\u00e3o do imunizante no Programa Nacional de Imuniza\u00e7\u00e3o (PNI), mas ser\u00e1 necess\u00e1rio definir estrat\u00e9gia devido \u00e0 escassez de doses<\/p>\n","protected":false},"author":1,"featured_media":0,"comment_status":"open","ping_status":"open","sticky":false,"template":"","format":"standard","meta":{"fifu_image_url":"","fifu_image_alt":"","footnotes":""},"categories":[51],"tags":[],"class_list":["post-5172","post","type-post","status-publish","format-standard","hentry","category-saude"],"distributor_meta":false,"distributor_terms":false,"distributor_media":false,"distributor_original_site_name":"Portal de Recupera\u00e7\u00e3o","distributor_original_site_url":"https:\/\/portalderecuperacao.com","push-errors":false,"_links":{"self":[{"href":"https:\/\/noticiasdestaque.com.br\/index.php\/wp-json\/wp\/v2\/posts\/5172","targetHints":{"allow":["GET"]}}],"collection":[{"href":"https:\/\/noticiasdestaque.com.br\/index.php\/wp-json\/wp\/v2\/posts"}],"about":[{"href":"https:\/\/noticiasdestaque.com.br\/index.php\/wp-json\/wp\/v2\/types\/post"}],"author":[{"embeddable":true,"href":"https:\/\/noticiasdestaque.com.br\/index.php\/wp-json\/wp\/v2\/users\/1"}],"replies":[{"embeddable":true,"href":"https:\/\/noticiasdestaque.com.br\/index.php\/wp-json\/wp\/v2\/comments?post=5172"}],"version-history":[{"count":0,"href":"https:\/\/noticiasdestaque.com.br\/index.php\/wp-json\/wp\/v2\/posts\/5172\/revisions"}],"wp:attachment":[{"href":"https:\/\/noticiasdestaque.com.br\/index.php\/wp-json\/wp\/v2\/media?parent=5172"}],"wp:term":[{"taxonomy":"category","embeddable":true,"href":"https:\/\/noticiasdestaque.com.br\/index.php\/wp-json\/wp\/v2\/categories?post=5172"},{"taxonomy":"post_tag","embeddable":true,"href":"https:\/\/noticiasdestaque.com.br\/index.php\/wp-json\/wp\/v2\/tags?post=5172"}],"curies":[{"name":"wp","href":"https:\/\/api.w.org\/{rel}","templated":true}]}}