{"id":5170,"date":"2023-03-06T15:44:32","date_gmt":"2023-03-06T18:44:32","guid":{"rendered":"https:\/\/noticiasdestaque.com.br\/index.php\/2023\/03\/06\/estacoes-de-transporte-em-sp-terao-programacao-para-o-dia-da-mulher\/"},"modified":"2023-03-06T15:44:32","modified_gmt":"2023-03-06T18:44:32","slug":"estacoes-de-transporte-em-sp-terao-programacao-para-o-dia-da-mulher","status":"publish","type":"post","link":"https:\/\/noticiasdestaque.com.br\/index.php\/2023\/03\/06\/estacoes-de-transporte-em-sp-terao-programacao-para-o-dia-da-mulher\/","title":{"rendered":"Esta\u00e7\u00f5es de transporte em SP ter\u00e3o programa\u00e7\u00e3o para o Dia da Mulher"},"content":{"rendered":"<style> bloco.meta {font-style: italic; color: #666;font-weight: 600;font-size: .8em; \/* line-height: .3em; *\/}  text h2 { font-weight: 700 !important;  color: #062f46 !important;} text img { width: none; left: none;}<\/style>\n<\/p>\n<p>A Companhia Paulista de Trens Metropolitanos (CPTM), a Empresa Metropolitana de Transportes Urbanos (EMTU) e o Metr\u00f4 de S\u00e3o Paulo ter\u00e3o uma programa\u00e7\u00e3o especial para o Dia Internacional da Mulher, comemorado na quarta-feira (8).<\/p>\n<p>No Metr\u00f4, na ter\u00e7a-feira (7), a Esta\u00e7\u00e3o Santana ser\u00e1 palco da exposi\u00e7\u00e3o Viver \u00e9 Morrer, com 48 imagens da artista Silvia Husek, que convida \u00e0 reflex\u00e3o sobre o envelhecimento e a invisibilidade da mulher acima dos 50 anos de idade.<\/p>\n<p>Na quarta-feira, na Esta\u00e7\u00e3o Br\u00e1s do Metr\u00f4, haver\u00e1 uma roda de conversa entre ferrovi\u00e1rias e estudantes do ensino fundamental e m\u00e9dio para falar sobre profiss\u00f5es. O Servi\u00e7o Brasileiro de Apoio \u00e0s Micro e Pequenas Empresas (Sebrae) levar\u00e1 \u00e0 Esta\u00e7\u00e3o Tatuap\u00e9 a a\u00e7\u00e3o Descubra-se, que abordar\u00e1 temas como intelig\u00eancia emocional e empoderamento feminino nos neg\u00f3cios. E no Terminal Metropolitano da EMTU, passageiras ter\u00e3o \u00e0 disposi\u00e7\u00e3o oficina de costura e orienta\u00e7\u00f5es sobre empreendedorismo.<\/p>\n<p>Ainda na quarta-feira, na Esta\u00e7\u00e3o Rep\u00fablica, ocorre uma a\u00e7\u00e3o organizada pelo Centro de Reestrutura\u00e7\u00e3o para a Vida, que promover\u00e1 o di\u00e1logo sobre gravidez inesperada, viol\u00eancia e abuso contra a mulher, entre outros assuntos debatidos pela institui\u00e7\u00e3o.<\/p>\n<p>Para refor\u00e7ar o combate ao ass\u00e9dio sexual, as agentes femininas do Metr\u00f4 entrar\u00e3o nos vag\u00f5es para mostrar que qualquer mulher pode contar com a ajuda delas em caso de ass\u00e9dio. Al\u00e9m disso, a a\u00e7\u00e3o divulgar\u00e1 o X na m\u00e3o, campanha mundial que orienta a mulher a sinalizar que est\u00e1 em perigo.<\/p>\n<p>J\u00e1 a CPTM promove a apresenta\u00e7\u00e3o da Banda 710, formada por maquinistas das linhas 7-Rubi, 10-Turquesa e 11-Coral, na Esta\u00e7\u00e3o Barra Funda. Na Esta\u00e7\u00e3o Jardim Helena-Vila Mara, a companhia inaugura mais um Espa\u00e7o Acolher para atender mulheres que sofrem importuna\u00e7\u00e3o sexual.<\/p>\n<p>Na quinta-feira (9), a Esta\u00e7\u00e3o Santa Cec\u00edlia do Metr\u00f4 contar\u00e1 com sess\u00e3o de cinema, em parceria com a Academia Internacional de Cinema, para exibi\u00e7\u00e3o de curtas-metragens que apoiam iniciativas focadas no tratamento terap\u00eautico das mulheres presas.<\/p>\n<p>Na quarta-feira (22), um grupo de grafiteiras, composto por mulheres brasileiras e refugiadas, vai revitalizar a Esta\u00e7\u00e3o Jardim Romano da CPTM, em uma parceria com o artista pl\u00e1stico Ziza, o Centro de Integra\u00e7\u00e3o e Cidadania do Imigrante e a Secretaria de Cultura.<\/p>\n<p>A programa\u00e7\u00e3o completa pode ser encontrada <a href=\"https:\/\/www.saopaulo.sp.gov.br\/wp-content\/uploads\/2023\/03\/Tabela-eventos-Dia-da-Mulher-2023-1.pdf\" target=\"_blank\" rel=\"noopener\">site do governo de S\u00e3o Paulo<\/a>.<\/p>\n<p class=\"alt-font font-italic my-2 small text-info\">\n                                                Edi\u00e7\u00e3o:   Fernando Fraga                    <\/p>\n<p>            <!-- blog End --><\/p>\n<p>            <!-- tag and share --><\/p>\n<p> Fonte: EBC <\/p>\n<input type=\"hidden\" id=\"baseurl\" value=\"https:\/\/noticiasdestaque.com.br\"><input type=\"hidden\" id=\"audio_nonce\" value=\"eb7638fb71\">","protected":false},"excerpt":{"rendered":"<p>Est\u00e3o programados di\u00e1logos, palestras, filmes e show<\/p>\n","protected":false},"author":1,"featured_media":5171,"comment_status":"open","ping_status":"open","sticky":false,"template":"","format":"standard","meta":{"fifu_image_url":"","fifu_image_alt":"","footnotes":""},"categories":[48],"tags":[],"class_list":["post-5170","post","type-post","status-publish","format-standard","has-post-thumbnail","hentry","category-mundo"],"distributor_meta":false,"distributor_terms":false,"distributor_media":false,"distributor_original_site_name":"Portal de Recupera\u00e7\u00e3o","distributor_original_site_url":"https:\/\/portalderecuperacao.com","push-errors":false,"_links":{"self":[{"href":"https:\/\/noticiasdestaque.com.br\/index.php\/wp-json\/wp\/v2\/posts\/5170","targetHints":{"allow":["GET"]}}],"collection":[{"href":"https:\/\/noticiasdestaque.com.br\/index.php\/wp-json\/wp\/v2\/posts"}],"about":[{"href":"https:\/\/noticiasdestaque.com.br\/index.php\/wp-json\/wp\/v2\/types\/post"}],"author":[{"embeddable":true,"href":"https:\/\/noticiasdestaque.com.br\/index.php\/wp-json\/wp\/v2\/users\/1"}],"replies":[{"embeddable":true,"href":"https:\/\/noticiasdestaque.com.br\/index.php\/wp-json\/wp\/v2\/comments?post=5170"}],"version-history":[{"count":0,"href":"https:\/\/noticiasdestaque.com.br\/index.php\/wp-json\/wp\/v2\/posts\/5170\/revisions"}],"wp:featuredmedia":[{"embeddable":true,"href":"https:\/\/noticiasdestaque.com.br\/index.php\/wp-json\/wp\/v2\/media\/5171"}],"wp:attachment":[{"href":"https:\/\/noticiasdestaque.com.br\/index.php\/wp-json\/wp\/v2\/media?parent=5170"}],"wp:term":[{"taxonomy":"category","embeddable":true,"href":"https:\/\/noticiasdestaque.com.br\/index.php\/wp-json\/wp\/v2\/categories?post=5170"},{"taxonomy":"post_tag","embeddable":true,"href":"https:\/\/noticiasdestaque.com.br\/index.php\/wp-json\/wp\/v2\/tags?post=5170"}],"curies":[{"name":"wp","href":"https:\/\/api.w.org\/{rel}","templated":true}]}}