{"id":51699,"date":"2026-04-25T04:05:00","date_gmt":"2026-04-25T07:05:00","guid":{"rendered":"https:\/\/noticiasdestaque.com.br\/index.php\/2026\/04\/25\/industria-debate-oportunidades-do-acordo-mercosul-ue-em-encontro-na-italia\/"},"modified":"2026-04-27T22:37:18","modified_gmt":"2026-04-28T01:37:18","slug":"industria-debate-oportunidades-do-acordo-mercosul-ue-em-encontro-na-italia","status":"publish","type":"post","link":"https:\/\/noticiasdestaque.com.br\/index.php\/2026\/04\/25\/industria-debate-oportunidades-do-acordo-mercosul-ue-em-encontro-na-italia\/","title":{"rendered":"Ind\u00fastria debate oportunidades do acordo Mercosul\u2013UE em encontro na It\u00e1lia"},"content":{"rendered":"<p>\t\t\t\t\t\t\t\t\t\t<audio controls class=\"b61_audio_player\" data-noticia=\"89126\" src=\"https:\/\/brasil61.com\/rails\/active_storage\/blobs\/eyJfcmFpbHMiOnsibWVzc2FnZSI6IkJBaHBBNGNaQkE9PSIsImV4cCI6bnVsbCwicHVyIjoiYmxvYl9pZCJ9fQ==--f8070f6bc367a7819381b2c0ac62bda8b6b4ccd7\/PIND264741A\"><\/audio><\/p>\n<p>Na \u00faltima quinta-feira (23), a Confedera\u00e7\u00e3o Geral da Ind\u00fastria Italiana (Confindustria) sediou, em Roma, o <strong>1\u00ba Encontro de Alto N\u00edvel sobre Rela\u00e7\u00f5es Econ\u00f4micas It\u00e1lia\u2013Mercosul<\/strong>. O evento reuniu lideran\u00e7as industriais da It\u00e1lia e dos pa\u00edses do Mercosul, incluindo a <a href=\"https:\/\/cni.portaldaindustria.com.br\/home\" target=\"_blank\">Confedera\u00e7\u00e3o Nacional da Ind\u00fastria (CNI)<\/a>, a poucos dias da aplica\u00e7\u00e3o provis\u00f3ria do acordo entre o bloco sul-americano e a Uni\u00e3o Europeia (UE).<\/p>\n<p>Presente no encontro, o presidente da CNI, <strong>Ricardo Alban<\/strong>, destacou que o di\u00e1logo entre lideran\u00e7as industriais \u00e9 essencial para transformar o acordo comercial em <strong>resultados concretos<\/strong>.<\/p>\n<p>\u201cA entrada em vigor do acordo Mercosul-UE abre uma janela hist\u00f3rica de oportunidades. O di\u00e1logo direto entre as ind\u00fastrias \u00e9 fundamental para que possamos<strong> identificar prioridades, superar desafios <\/strong>e garantir que os benef\u00edcios previstos no tratado se traduzam em <strong>mais investimentos, com\u00e9rcio e competitividade para nossas economias<\/strong>\u201d, avalia. \u00a0<\/p>\n<p>Al\u00e9m de fortalecer o di\u00e1logo estrat\u00e9gico entre o Mercosul e a It\u00e1lia, o encontro tamb\u00e9m ampliou a <strong>coopera\u00e7\u00e3o institucional entre entidades industriais<\/strong>. Entre as iniciativas discutidas est\u00e1 a parceria com o <strong><a href=\"https:\/\/www.senai.portaldaindustria.com.br\/\" target=\"_blank\">Servi\u00e7o Nacional de Aprendizagem Industrial (SENAI)<\/a><\/strong>, voltada \u00e0 <strong>qualifica\u00e7\u00e3o profissional em setores como t\u00eaxtil, moda e couro<\/strong>.<\/p>\n<p>Os participantes tamb\u00e9m debateram oportunidades de<strong> integra\u00e7\u00e3o produtiva<\/strong>, avan\u00e7os na <strong>transi\u00e7\u00e3o verde<\/strong> e na<strong> transforma\u00e7\u00e3o digital<\/strong>, al\u00e9m da cria\u00e7\u00e3o de mecanismos de<strong> coopera\u00e7\u00e3o entre empresas<\/strong>.<\/p>\n<h2>Rela\u00e7\u00e3o comercial Brasil e It\u00e1lia<\/h2>\n<p>O encontro evidenciou ainda a relev\u00e2ncia da <strong>rela\u00e7\u00e3o bilateral entre Brasil e It\u00e1lia<\/strong>. Segundo levantamento da CNI com base em dados do <a href=\"https:\/\/www.gov.br\/mdic\/pt-br\" target=\"_blank\">Minist\u00e9rio do Desenvolvimento, Ind\u00fastria, Com\u00e9rcio e Servi\u00e7os (MDIC)<\/a>, em 2025, o fluxo comercial entre os dois pa\u00edses somou <strong>US$ 12,4 bilh\u00f5es<\/strong>, um <strong>aumento de 14,4% em rela\u00e7\u00e3o a 2024<\/strong>.<\/p>\n<p>A <strong>ind\u00fastria de transforma\u00e7\u00e3o<\/strong> desempenha papel central nessa parceria, respondendo por<strong> quase metade das exporta\u00e7\u00f5es brasileiras<\/strong> e pela<strong> maior parte das importa\u00e7\u00f5es provenientes da It\u00e1lia<\/strong>.<\/p>\n<h2>Acordo Mercosul-UE<\/h2>\n<p>Segundo dados do <a href=\"https:\/\/www.imf.org\/en\/home\" target=\"_blank\">Fundo Monet\u00e1rio Internacional (FMI)<\/a> e da <a href=\"https:\/\/ec.europa.eu\/eurostat\" target=\"_blank\">Eurostat<\/a>, o acordo comercial entre Mercosul e Uni\u00e3o Europeia, previsto para entrar em vigor no pr\u00f3ximo m\u00eas de maio, dever\u00e1 abranger um mercado com mais de<strong> 718 milh\u00f5es de pessoas <\/strong>e um <strong>Produto Interno Bruto (PIB)<\/strong> estimado em cerca de <strong>US$ 22,4 trilh\u00f5es<\/strong>.<\/p>\n<p>Na pr\u00e1tica, o tratado prev\u00ea a <strong>elimina\u00e7\u00e3o de tarifas sobre cerca de 95% dos bens exportados para a UE<\/strong>, al\u00e9m de avan\u00e7os em \u00e1reas como <strong>desenvolvimento sustent\u00e1vel, facilita\u00e7\u00e3o de com\u00e9rcio e propriedade intelectual<\/strong>.<\/p>\n<p>A expectativa \u00e9 que<strong> 82,7% das exporta\u00e7\u00f5es brasileiras para o bloco europeu<\/strong> passem a ser<strong> isentas de imposto de importa\u00e7\u00e3o<\/strong> j\u00e1 a partir do pr\u00f3ximo m\u00eas.<\/p>\n<h2>Miss\u00e3o empresarial segue na Alemanha<\/h2>\n<p>Tamb\u00e9m na quinta-feira (23), a <strong>miss\u00e3o empresarial<\/strong> liderada pela CNI e pela <a href=\"https:\/\/apexbrasil.com.br\/\" target=\"_blank\">ApexBrasil<\/a>, na <strong>Alemanha, visitou a f\u00e1brica da <a href=\"https:\/\/www.airbus.com\/en\" target=\"_blank\">Airbus<\/a>, em Hamburgo<\/strong>. A unidade \u00e9 uma das principais plantas da fabricante europeia de aeronaves e produz, em m\u00e9dia, <strong>60 avi\u00f5es por m\u00eas<\/strong>, dos modelos <strong>A321 <\/strong>e <strong>A319<\/strong>.<\/p>\n<p>O grupo, formado por 48 empres\u00e1rios, acompanhou todo o processo de fabrica\u00e7\u00e3o e montagem das aeronaves, desde as etapas finais de produ\u00e7\u00e3o at\u00e9 a entrega aos principais clientes, que s\u00e3o as <strong>grandes companhias a\u00e9reas<\/strong>.<\/p>\n<p>Mais de<strong> 260 representantes da ind\u00fastria brasileira<\/strong>, entre empres\u00e1rios e executivos, permanecem na Alemanha at\u00e9 sexta-feira (24), quando se encerra a <strong>Hannover Messe<\/strong>, considerada a <strong>maior feira de tecnologia industrial do mundo<\/strong>.<\/p>\n<p><strong>VEJA MAIS:<\/strong><\/p>\n<ul>\n<li><a href=\"https:\/\/brasil61.com\/n\/missao-empresarial-a-alemanha-busca-ampliar-parcerias-e-dobrar-comercio-bilateral-pind264738\" target=\"_blank\">Miss\u00e3o empresarial \u00e0 Alemanha busca ampliar parcerias e dobrar com\u00e9rcio bilateral<\/a><\/li>\n<li><a href=\"https:\/\/brasil61.com\/n\/hannover-messe-2026-brasil-aposta-em-tecnologia-energia-limpa-e-novos-mercados-confira-agenda-apex260122\" target=\"_blank\">Hannover Messe 2026: Brasil aposta em tecnologia, energia limpa e novos mercados; confira agenda<\/a><\/li>\n<\/ul>\n<p>\t\t\t\t\t\t\t\t\t<img loading=\"lazy\" decoding=\"async\" src=\"https:\/\/brasil61.com\/api\/v1\/serve_pixel\/17677\/89126\" alt=\"Pixel Brasil 61\" class=\"b61_pixel\" width=\"0\" height=\"0\"><\/p>\n<input type=\"hidden\" id=\"baseurl\" value=\"https:\/\/noticiasdestaque.com.br\"><input type=\"hidden\" id=\"audio_nonce\" value=\"9fd43fe80e\">","protected":false},"excerpt":{"rendered":"<p>Fluxo comercial entre Brasil e It\u00e1lia alcan\u00e7ou US$ 12,4 bilh\u00f5es em 2025 e tende a crescer com novo acordo<\/p>\n","protected":false},"author":1,"featured_media":51749,"comment_status":"open","ping_status":"open","sticky":false,"template":"","format":"standard","meta":{"fifu_image_url":"","fifu_image_alt":"","footnotes":""},"categories":[48],"tags":[],"class_list":["post-51699","post","type-post","status-publish","format-standard","has-post-thumbnail","hentry","category-mundo"],"distributor_meta":false,"distributor_terms":false,"distributor_media":false,"distributor_original_site_name":"Noticias em Destaque","distributor_original_site_url":"https:\/\/noticiasdestaque.com.br","push-errors":false,"_links":{"self":[{"href":"https:\/\/noticiasdestaque.com.br\/index.php\/wp-json\/wp\/v2\/posts\/51699","targetHints":{"allow":["GET"]}}],"collection":[{"href":"https:\/\/noticiasdestaque.com.br\/index.php\/wp-json\/wp\/v2\/posts"}],"about":[{"href":"https:\/\/noticiasdestaque.com.br\/index.php\/wp-json\/wp\/v2\/types\/post"}],"author":[{"embeddable":true,"href":"https:\/\/noticiasdestaque.com.br\/index.php\/wp-json\/wp\/v2\/users\/1"}],"replies":[{"embeddable":true,"href":"https:\/\/noticiasdestaque.com.br\/index.php\/wp-json\/wp\/v2\/comments?post=51699"}],"version-history":[{"count":1,"href":"https:\/\/noticiasdestaque.com.br\/index.php\/wp-json\/wp\/v2\/posts\/51699\/revisions"}],"predecessor-version":[{"id":51748,"href":"https:\/\/noticiasdestaque.com.br\/index.php\/wp-json\/wp\/v2\/posts\/51699\/revisions\/51748"}],"wp:featuredmedia":[{"embeddable":true,"href":"https:\/\/noticiasdestaque.com.br\/index.php\/wp-json\/wp\/v2\/media\/51749"}],"wp:attachment":[{"href":"https:\/\/noticiasdestaque.com.br\/index.php\/wp-json\/wp\/v2\/media?parent=51699"}],"wp:term":[{"taxonomy":"category","embeddable":true,"href":"https:\/\/noticiasdestaque.com.br\/index.php\/wp-json\/wp\/v2\/categories?post=51699"},{"taxonomy":"post_tag","embeddable":true,"href":"https:\/\/noticiasdestaque.com.br\/index.php\/wp-json\/wp\/v2\/tags?post=51699"}],"curies":[{"name":"wp","href":"https:\/\/api.w.org\/{rel}","templated":true}]}}