{"id":5168,"date":"2023-03-06T13:25:16","date_gmt":"2023-03-06T16:25:16","guid":{"rendered":"https:\/\/noticiasdestaque.com.br\/index.php\/2023\/03\/06\/sesc-rj-lanca-edital-de-r-milhoes-para-projetos-culturais\/"},"modified":"2023-03-06T13:25:16","modified_gmt":"2023-03-06T16:25:16","slug":"sesc-rj-lanca-edital-de-r-milhoes-para-projetos-culturais","status":"publish","type":"post","link":"https:\/\/noticiasdestaque.com.br\/index.php\/2023\/03\/06\/sesc-rj-lanca-edital-de-r-milhoes-para-projetos-culturais\/","title":{"rendered":"Sesc RJ lan\u00e7a edital de R$ 30 milh\u00f5es para projetos culturais"},"content":{"rendered":"<style> bloco.meta {font-style: italic; color: #666;font-weight: 600;font-size: .8em; \/* line-height: .3em; *\/}  text h2 { font-weight: 700 !important;  color: #062f46 !important;} text img { width: none; left: none;}<\/style>\n<\/p>\n<p>Foi lan\u00e7ado essa semana o 3\u00b0Edital de Cultura Sesc RJ Pulsar, que se consolida como uma das principais ferramentas de incentivo \u00e0 cultura do estado do Rio de Janeiro, segundo a institui\u00e7\u00e3o.  Em sua terceira edi\u00e7\u00e3o, o processo seletivo simplificado foi ampliado tamb\u00e9m para produ\u00e7\u00f5es audiovisuais e apresenta\u00e7\u00f5es em espa\u00e7os p\u00fablicos e escolares. As inscri\u00e7\u00f5es est\u00e3o abertas a projetos de todo o pa\u00eds.<\/p>\n<p>A cerim\u00f4nia ocorreu na sede do Sistema Fecom\u00e9rcio RJ, na zona sul do Rio, conduzida pela atriz Cris Vianna, e contou com a presen\u00e7a de toda a diretoria e da equipe da Ger\u00eancia de Cultura da entidade, al\u00e9m de <em>pocket show<\/em> da cantora Julia Mestre (vocalista da banda Bala Desejo) e do violonista Gabriel Quinto.<\/p>\n<p>O presidente do Sesc RJ e Fecom\u00e9rcio RJ, Antonio Florencio de Queiroz Junior, ressaltou a import\u00e2ncia da cultura para a sociedade e quanto o setor afeta o dia a dia de todos. De acordo com ele, o futuro do pa\u00eds depende cada vez mais do papel da cultura junto \u00e0 popula\u00e7\u00e3o como um grito de liberdade. Em conversa com a <strong>Ag\u00eancia Brasil<\/strong>, Queiroz destacou que este novo edital j\u00e1 \u00e9 uma crian\u00e7a com alguma forma\u00e7\u00e3o, e que seus desejos est\u00e3o muito mais concretos.<\/p>\n<p>&#8220;Quando tivemos a ideia da 1\u00aa edi\u00e7\u00e3o, foi um momento em que a cultura e todo esse universo que comp\u00f5e a cultura estava passando por diversas dificuldades, e nos sentimos respons\u00e1veis por resgatar isso&#8221;, afirmou. Queiroz destacou que, no in\u00edcio, o edital teve um valor menor, chegando a R$ 30 milh\u00f5es no ano passado e se repetindo este ano.<\/p>\n<p>&#8220;O objetivo \u00e9 dar voz a quem precisa, dar voz ao artista que precisa de uma oportunidade para mostrar o seu trabalho. O Brasil \u00e9 rico nessas forma\u00e7\u00f5es, \u00e9 rico na sua cultura e nosso papel \u00e9 dar oportunidade para que a popula\u00e7\u00e3o tenha acesso a essa cultura, ent\u00e3o, nos propomos a visitar espa\u00e7os p\u00fablicos exatamente para libertar, sairmos de dentro das paredes do nosso mundo e irmos para um mundo maior e mais amplo, com isso proporcionando a oportunidade a in\u00fameras pessoas que gostariam de ter acesso a pe\u00e7as de teatro, <em>shows<\/em>, enfim, \u00e0s mais diversas formas de manifesta\u00e7\u00f5es culturais e por vezes n\u00e3o tem oportunidade. Nosso papel \u00e9 esse&#8221;, explicou.<\/p>\n<h2>Reativa\u00e7\u00e3o do setor<\/h2>\n<p>Criado em 2021, o Edital de Cultura Sesc RJ Pulsar nasceu com o objetivo de reativar o setor cultural ap\u00f3s o impacto da covid-19. A edi\u00e7\u00e3o de 2022 recebeu inscri\u00e7\u00f5es de 3.330 projetos de sete estados: Rio de Janeiro, S\u00e3o Paulo, Minas Gerais, Bahia, Rio Grande do Sul, Pernambuco e Paran\u00e1.<\/p>\n<p>De acordo com o Sesc, esta edi\u00e7\u00e3o \u00e9 amparada em tr\u00eas pilares estrat\u00e9gicos: conectar o artista com o palco, movimentar a classe art\u00edstica com o p\u00fablico e impulsionar o fazer art\u00edstico em todas as suas esferas. Os R$ 30 milh\u00f5es ser\u00e3o distribu\u00eddos entre atra\u00e7\u00f5es de diversas linguagens, como teatro, dan\u00e7a, circo, exposi\u00e7\u00e3o, audiovisual, literatura, m\u00fasica, interven\u00e7\u00f5es art\u00edsticas volantes, a programa\u00e7\u00e3o regular das unidades do Sesc RJ e os projetos estrat\u00e9gicos O Corpo Negro, Baixada em Foco, Nova M\u00fasica Convida e Palavra L\u00edquida, j\u00e1 desenvolvidos pela institui\u00e7\u00e3o.<\/p>\n<p>As novidades deste ano s\u00e3o a subcategoria \u201cProdu\u00e7\u00e3o Audiovisual\u201d, que destinar\u00e1 recursos para realizadores transformarem seus roteiros em produ\u00e7\u00f5es e a possibilidade de submiss\u00e3o de projetos a serem apresentados em espa\u00e7os p\u00fablicos e escolares, e n\u00e3o apenas nas unidades do Sesc RJ, com o objetivo de democratizar e diversificar ainda mais a programa\u00e7\u00e3o cultural da institui\u00e7\u00e3o.<\/p>\n<h2>Inscri\u00e7\u00f5es<\/h2>\n<p>As inscri\u00e7\u00f5es de projetos v\u00e3o de 9 de mar\u00e7o at\u00e9 6 de abril, atrav\u00e9s de ferramenta <em>online<\/em> disponibilizada no <em>site<\/em> do<a href=\"http:\/\/www.sescrio.org.br\" target=\"_blank\" rel=\"noopener\"> Sesc RJ<\/a>. Cada proponente poder\u00e1 inscrever at\u00e9 tr\u00eas projetos, podendo ser selecionado apenas um por categoria. A sele\u00e7\u00e3o \u00e9 aberta a projetos de todo o pa\u00eds, que podem ser submetidos por empresas legalmente constitu\u00eddas como de atividade art\u00edstica e Microempreendedores Individuais (MEI). O edital est\u00e1 dispon\u00edvel no<em> <a href=\"https:\/\/www.sescrio.org.br\/edital-de-cultura-sesc-rj-2022-23\/\" target=\"_blank\" rel=\"noopener\">site<\/a><\/em> e a divulga\u00e7\u00e3o do resultado final est\u00e1 prevista para 29\/09\/2023.<\/p>\n<p>*Estagi\u00e1rio sob supervis\u00e3o de Akemi Nitahara<\/p>\n<p class=\"alt-font font-italic my-2 small text-info\">\n                                                Edi\u00e7\u00e3o:   Val\u00e9ria Aguiar                    <\/p>\n<p>            <!-- blog End --><\/p>\n<p>            <!-- tag and share --><\/p>\n<p> Fonte: EBC <\/p>\n<input type=\"hidden\" id=\"baseurl\" value=\"https:\/\/noticiasdestaque.com.br\"><input type=\"hidden\" id=\"audio_nonce\" value=\"eb7638fb71\">","protected":false},"excerpt":{"rendered":"<p>Inscri\u00e7\u00f5es est\u00e3o abertas para todo pa\u00eds<\/p>\n","protected":false},"author":1,"featured_media":5169,"comment_status":"open","ping_status":"open","sticky":false,"template":"","format":"standard","meta":{"fifu_image_url":"","fifu_image_alt":"","footnotes":""},"categories":[52],"tags":[],"class_list":["post-5168","post","type-post","status-publish","format-standard","has-post-thumbnail","hentry","category-entretenimento"],"distributor_meta":false,"distributor_terms":false,"distributor_media":false,"distributor_original_site_name":"Portal de Recupera\u00e7\u00e3o","distributor_original_site_url":"https:\/\/portalderecuperacao.com","push-errors":false,"_links":{"self":[{"href":"https:\/\/noticiasdestaque.com.br\/index.php\/wp-json\/wp\/v2\/posts\/5168","targetHints":{"allow":["GET"]}}],"collection":[{"href":"https:\/\/noticiasdestaque.com.br\/index.php\/wp-json\/wp\/v2\/posts"}],"about":[{"href":"https:\/\/noticiasdestaque.com.br\/index.php\/wp-json\/wp\/v2\/types\/post"}],"author":[{"embeddable":true,"href":"https:\/\/noticiasdestaque.com.br\/index.php\/wp-json\/wp\/v2\/users\/1"}],"replies":[{"embeddable":true,"href":"https:\/\/noticiasdestaque.com.br\/index.php\/wp-json\/wp\/v2\/comments?post=5168"}],"version-history":[{"count":0,"href":"https:\/\/noticiasdestaque.com.br\/index.php\/wp-json\/wp\/v2\/posts\/5168\/revisions"}],"wp:featuredmedia":[{"embeddable":true,"href":"https:\/\/noticiasdestaque.com.br\/index.php\/wp-json\/wp\/v2\/media\/5169"}],"wp:attachment":[{"href":"https:\/\/noticiasdestaque.com.br\/index.php\/wp-json\/wp\/v2\/media?parent=5168"}],"wp:term":[{"taxonomy":"category","embeddable":true,"href":"https:\/\/noticiasdestaque.com.br\/index.php\/wp-json\/wp\/v2\/categories?post=5168"},{"taxonomy":"post_tag","embeddable":true,"href":"https:\/\/noticiasdestaque.com.br\/index.php\/wp-json\/wp\/v2\/tags?post=5168"}],"curies":[{"name":"wp","href":"https:\/\/api.w.org\/{rel}","templated":true}]}}