{"id":51679,"date":"2026-04-24T04:15:00","date_gmt":"2026-04-24T07:15:00","guid":{"rendered":"https:\/\/noticiasdestaque.com.br\/index.php\/2026\/04\/24\/semana-de-vacinacao-mobiliza-1049-mil-escolas-para-atualizar-cadernetas-de-criancas-e-jovens\/"},"modified":"2026-04-27T22:08:29","modified_gmt":"2026-04-28T01:08:29","slug":"semana-de-vacinacao-mobiliza-1049-mil-escolas-para-atualizar-cadernetas-de-criancas-e-jovens","status":"publish","type":"post","link":"https:\/\/noticiasdestaque.com.br\/index.php\/2026\/04\/24\/semana-de-vacinacao-mobiliza-1049-mil-escolas-para-atualizar-cadernetas-de-criancas-e-jovens\/","title":{"rendered":"Semana de Vacina\u00e7\u00e3o mobiliza 104,9 mil escolas para atualizar cadernetas de crian\u00e7as e jovens"},"content":{"rendered":"<p>\t\t\t\t\t\t\t\t\t\t<audio controls class=\"b61_audio_player\" data-noticia=\"89094\" src=\"https:\/\/brasil61.com\/rails\/active_storage\/blobs\/eyJfcmFpbHMiOnsibWVzc2FnZSI6IkJBaHBBOHNZQkE9PSIsImV4cCI6bnVsbCwicHVyIjoiYmxvYl9pZCJ9fQ==--7b3c408c003096bf07ff51a23cf2d99d8200055b\/BRAS2616299A\"><\/audio><\/p>\n<p>Come\u00e7a nesta sexta-feira (24) a <a href=\"https:\/\/www.gov.br\/saude\/pt-br\/campanhas-da-saude\/2026\/vacinacao-nas-escolas\" target=\"_blank\">Semana de Vacina\u00e7\u00e3o nas Escola<\/a>s voltada a <strong>atualizar as cadernetas de vacina\u00e7\u00e3o de crian\u00e7as e jovens.<\/strong> A mobiliza\u00e7\u00e3o vai ocorrer em quase todos os munic\u00edpios brasileiros com o objetivo de\u00a0<strong>atingir 104,9 mil escolas e alcan\u00e7ar 27 milh\u00f5es de estudantes de 9 a 15 anos<\/strong>. A semana de vacina\u00e7\u00e3o vai<strong> at\u00e9 30 de abril.<\/strong><\/p>\n<p>O objetivo da iniciativa da Sa\u00fade e da Educa\u00e7\u00e3o \u00e9 elevar os \u00edndices de imuniza\u00e7\u00e3o nas institui\u00e7\u00f5es de ensino de <strong>5.544 munic\u00edpios<\/strong>. A iniciativa integra o Programa Sa\u00fade na Escola (PSE) e tem como foco atualizar a imuniza\u00e7\u00e3o desse p\u00fablico contra doen\u00e7as como <strong>meningite, sarampo, HPV e covid-19.\u00a0<\/strong><\/p>\n<p><strong>A vacina\u00e7\u00e3o dos estudantes vai ocorrer mediante autoriza\u00e7\u00e3o dos pais ou respons\u00e1veis.<\/strong><\/p>\n<p>Al\u00e9m do calend\u00e1rio regular, a estrat\u00e9gia inclui a vacina contra o HPV para jovens de 15 a 19 anos que ainda n\u00e3o receberam as doses recomendadas. Nestes casos, a a\u00e7\u00e3o contempla alunos do ensino m\u00e9dio e da Educa\u00e7\u00e3o de Jovens e Adultos (EJA).<\/p>\n<h2>Incentivo \u00e0 vacina\u00e7\u00e3o\u00a0<\/h2>\n<p>O Minist\u00e9rio da Sa\u00fade tamb\u00e9m usa a tecnologia para lembrar as fam\u00edlias quando \u00e9 a hora de vacinar as crian\u00e7as por meio de lembretes (push) pelo app da<a href=\"https:\/\/www.gov.br\/saude\/pt-br\/assuntos\/saude-de-a-a-z\/s\/saude-da-crianca\/caderneta-digital-da-crianca\" target=\"_blank\"> Caderneta Digital de Vacina\u00e7\u00e3o da Crian\u00e7a.<\/a> Os lembretes aparecem no app conforme a idade das crian\u00e7as.<\/p>\n<p><strong>Pela Caderneta Digital de Sa\u00fade da Crian\u00e7a no aplicativo<a href=\"https:\/\/www.gov.br\/saude\/pt-br\/composicao\/seidigi\/meususdigital\" target=\"_blank\"> Meu SUS Digital <\/a>\u00e9 poss\u00edvel acompanhar, em tempo real, o hist\u00f3rico de vacinas e\u00a0consultar a previs\u00e3o das pr\u00f3ximas doses.<\/strong><\/p>\n<p>O Governo do Brasil tamb\u00e9m tem intensificado o incentivo \u00e0 vacina\u00e7\u00e3o pelo whatsapp e pelo Meu SUS Digital, com 39 milh\u00f5es de disparos apenas este ano, sendo 10,2 milh\u00f5es via whatsapp.<\/p>\n<p>\t\t\t\t\t\t\t\t\t<img loading=\"lazy\" decoding=\"async\" src=\"https:\/\/brasil61.com\/api\/v1\/serve_pixel\/17677\/89094\" alt=\"Pixel Brasil 61\" class=\"b61_pixel\" width=\"0\" height=\"0\"><\/p>\n<input type=\"hidden\" id=\"baseurl\" value=\"https:\/\/noticiasdestaque.com.br\"><input type=\"hidden\" id=\"audio_nonce\" value=\"35cc8f9b14\">","protected":false},"excerpt":{"rendered":"<p>Equipes de sa\u00fade estar\u00e3o nas escolas p\u00fablicas entre 24 e 30 de abril; imuniza\u00e7\u00e3o tem foco em doen\u00e7as como meningite, sarampo, HPV e covid-19<\/p>\n","protected":false},"author":1,"featured_media":51747,"comment_status":"open","ping_status":"open","sticky":false,"template":"","format":"standard","meta":{"fifu_image_url":"","fifu_image_alt":"","footnotes":""},"categories":[51],"tags":[],"class_list":["post-51679","post","type-post","status-publish","format-standard","has-post-thumbnail","hentry","category-saude"],"distributor_meta":false,"distributor_terms":false,"distributor_media":false,"distributor_original_site_name":"Noticias em Destaque","distributor_original_site_url":"https:\/\/noticiasdestaque.com.br","push-errors":false,"_links":{"self":[{"href":"https:\/\/noticiasdestaque.com.br\/index.php\/wp-json\/wp\/v2\/posts\/51679","targetHints":{"allow":["GET"]}}],"collection":[{"href":"https:\/\/noticiasdestaque.com.br\/index.php\/wp-json\/wp\/v2\/posts"}],"about":[{"href":"https:\/\/noticiasdestaque.com.br\/index.php\/wp-json\/wp\/v2\/types\/post"}],"author":[{"embeddable":true,"href":"https:\/\/noticiasdestaque.com.br\/index.php\/wp-json\/wp\/v2\/users\/1"}],"replies":[{"embeddable":true,"href":"https:\/\/noticiasdestaque.com.br\/index.php\/wp-json\/wp\/v2\/comments?post=51679"}],"version-history":[{"count":1,"href":"https:\/\/noticiasdestaque.com.br\/index.php\/wp-json\/wp\/v2\/posts\/51679\/revisions"}],"predecessor-version":[{"id":51697,"href":"https:\/\/noticiasdestaque.com.br\/index.php\/wp-json\/wp\/v2\/posts\/51679\/revisions\/51697"}],"wp:featuredmedia":[{"embeddable":true,"href":"https:\/\/noticiasdestaque.com.br\/index.php\/wp-json\/wp\/v2\/media\/51747"}],"wp:attachment":[{"href":"https:\/\/noticiasdestaque.com.br\/index.php\/wp-json\/wp\/v2\/media?parent=51679"}],"wp:term":[{"taxonomy":"category","embeddable":true,"href":"https:\/\/noticiasdestaque.com.br\/index.php\/wp-json\/wp\/v2\/categories?post=51679"},{"taxonomy":"post_tag","embeddable":true,"href":"https:\/\/noticiasdestaque.com.br\/index.php\/wp-json\/wp\/v2\/tags?post=51679"}],"curies":[{"name":"wp","href":"https:\/\/api.w.org\/{rel}","templated":true}]}}