{"id":5167,"date":"2023-03-06T13:24:20","date_gmt":"2023-03-06T16:24:20","guid":{"rendered":"https:\/\/noticiasdestaque.com.br\/index.php\/2023\/03\/06\/presidente-do-instituto-mises-brasil-diz-que-rever-autonomia-do-banco-central-e-uma-decisao-muito-ruim\/"},"modified":"2023-03-06T13:24:20","modified_gmt":"2023-03-06T16:24:20","slug":"presidente-do-instituto-mises-brasil-diz-que-rever-autonomia-do-banco-central-e-uma-decisao-muito-ruim","status":"publish","type":"post","link":"https:\/\/noticiasdestaque.com.br\/index.php\/2023\/03\/06\/presidente-do-instituto-mises-brasil-diz-que-rever-autonomia-do-banco-central-e-uma-decisao-muito-ruim\/","title":{"rendered":"Presidente do Instituto Mises Brasil diz que rever autonomia do Banco Central \u00e9 uma \u201cdecis\u00e3o muito ruim\u201d"},"content":{"rendered":"<p>&#8220;\u00c9 uma inten\u00e7\u00e3o muito ruim essa de rever a independ\u00eancia do Banco Central&#8221;. Helio Beltr\u00e3o, presidente do Instituto Mises Brasil, tamb\u00e9m argumenta em favor do protagonismo do Bacen na condu\u00e7\u00e3o da pol\u00edtica monet\u00e1ria. Quando o Bacen n\u00e3o \u00e9 aut\u00f4nomo, o presidente da Rep\u00fablica pode interferir nos juros visando apenas popularidade sem se preocupar com as consequ\u00eancias de tal decis\u00e3o, alerta o especialista. <\/p>\n<p>O economista diz que baixar a taxa de juros sem embasamento t\u00e9cnico pode ser bom para a economia no curto prazo, mas ter\u00e1 efeitos negativos no futuro. &#8220;Isso pode ser muito destrutivo, porque a despeito de um crescimento inicial que essa redu\u00e7\u00e3o de taxa de juros ocasiona, isso \u00e9 insustent\u00e1vel e gera infla\u00e7\u00e3o e recess\u00e3o depois de um tempo&#8221;. <\/p>\n<p>Helio Beltr\u00e3o lembra de outros momentos em que esse efeito pode ser observado. &#8220;Se voc\u00ea diminui as taxas de juros de forma artificial, isso, inicialmente, gera uma anima\u00e7\u00e3o econ\u00f4mica, que n\u00e3o tem sustenta\u00e7\u00e3o. Vai gerar infla\u00e7\u00e3o e recess\u00e3o em seguida. Foi o que aconteceu entre 2010 e 2015, quando o Tombini [ex-presidente do Bacen] \u2013 muito pressionado pela [ex-presidente] Dilma \u2013 baixou a Selic de 14% para 7%, e causou aquela anima\u00e7\u00e3o e depois a gente pagou a conta com a pior recess\u00e3o da hist\u00f3ria do Brasil.&#8221; <\/p>\n<p>O presidente da Frente Parlamentar pelo Brasil Competitivo, o deputado Arnaldo Jardim (Cidadania-SP), concorda com a avalia\u00e7\u00e3o do economista sobre os riscos de submeter a pol\u00edtica monet\u00e1ria do pa\u00eds ao governo do momento. <\/p>\n<p>\u201cA autonomia do Banco Central tem a nossa convic\u00e7\u00e3o de que d\u00e1 estabilidade ao trato da quest\u00e3o monet\u00e1ria. Fixa, portanto, refer\u00eancias que possam transcender governos. Imagine se n\u00f3s, a cada mudan\u00e7a do governo, mud\u00e1ssemos o presidente do Banco Central, como se ele fosse um ministro do governo. Como se fosse algu\u00e9m que pudesse ser demitido no dia seguinte. Esses mandatos n\u00e3o coincidentes foram pensados no sentido de caracterizar bem a autonomia e de dar esse per\u00edodo de transi\u00e7\u00e3o\u201d, acredita. <\/p>\n<h2>O que est\u00e1 por tr\u00e1s da pol\u00eamica<\/h2>\n<p>O presidente Lula e integrantes do governo fizeram cr\u00edticas \u00e0 autonomia do Banco Central e ao presidente da institui\u00e7\u00e3o, Roberto Campos Neto. Em mais de uma oportunidade, o chefe do Executivo se mostrou insatisfeito com a decis\u00e3o do Bacen de manter a Selic em 13,75%. Lula chegou a sinalizar que poderia rever a autonomia do Banco Central ap\u00f3s o fim do mandato de Campos Neto, em 2024. <\/p>\n<p>O especialista em gest\u00e3o e desenvolvimento p\u00fablico e privado, o administrador e economista Eduardo Fayet explica como a taxa de juros impacta a atividade econ\u00f4mica do pa\u00eds, o que ajuda a explicar a campanha governista pela queda da Selic. Fayet explica que, quando o pre\u00e7o dos produtos e servi\u00e7os come\u00e7a a subir por causa do excesso de demanda da popula\u00e7\u00e3o e da incapacidade das empresas de atender a isso, a sa\u00edda \u00e9 desestimular o consumo. <\/p>\n<p>&#8220;Se o juro est\u00e1 muito alto, o pre\u00e7o final dos bens e servi\u00e7os fica muito caro. Elas passam a reduzir o consumo para economizar, porque esse gasto n\u00e3o cabe dentro do or\u00e7amento das fam\u00edlias e da receita geral das pr\u00f3prias empresas. Portanto, isso vai gerar um desaquecimento da economia&#8221;. <\/p>\n<p>O economista defende a revis\u00e3o da taxa de juros para baixo para que a economia se aque\u00e7a novamente, mas diz que isso n\u00e3o pode ser feito de qualquer jeito. &#8220;N\u00e3o \u00e9 uma conta simples. O Banco Central n\u00e3o pode fazer uma redu\u00e7\u00e3o brusca dos juros, porque isso impacta na previsibilidade, \u00e9 ruim para o mercado financeiro e, tamb\u00e9m, para as ind\u00fastrias e investidores da economia real. V\u00e1rios economistas t\u00eam feito uma conta que a taxa Selic poderia estar entre 8% e 9%, mesmo com a infla\u00e7\u00e3o que temos hoje&#8221;. <\/p>\n<p>Segundo a economista Deborah Bizarria, a independ\u00eancia do Bacen deve ser preservada, justamente porque dificulta inger\u00eancias pol\u00edticas na defini\u00e7\u00e3o dos juros, que deve ser guiada por decis\u00e3o t\u00e9cnica. &#8220;A perman\u00eancia da autonomia do Banco Central significa que o Brasil est\u00e1 avan\u00e7ando na melhoria das institui\u00e7\u00f5es, tirando ou, pelo menos, blindando essas institui\u00e7\u00f5es da inger\u00eancia pol\u00edtico-partid\u00e1ria&#8221;, afirma.<\/p>\n<\/p>\n<p> Fonte: Brasil61<\/p>\n<input type=\"hidden\" id=\"baseurl\" value=\"https:\/\/noticiasdestaque.com.br\"><input type=\"hidden\" id=\"audio_nonce\" value=\"eb7638fb71\">","protected":false},"excerpt":{"rendered":"<p>O economista Helio Beltr\u00e3o tamb\u00e9m argumenta em favor do protagonismo do Bacen na condu\u00e7\u00e3o da pol\u00edtica monet\u00e1ria<\/p>\n","protected":false},"author":1,"featured_media":0,"comment_status":"open","ping_status":"open","sticky":false,"template":"","format":"standard","meta":{"fifu_image_url":"","fifu_image_alt":"","footnotes":""},"categories":[59],"tags":[],"class_list":["post-5167","post","type-post","status-publish","format-standard","hentry","category-economia"],"distributor_meta":false,"distributor_terms":false,"distributor_media":false,"distributor_original_site_name":"Portal de Recupera\u00e7\u00e3o","distributor_original_site_url":"https:\/\/portalderecuperacao.com","push-errors":false,"_links":{"self":[{"href":"https:\/\/noticiasdestaque.com.br\/index.php\/wp-json\/wp\/v2\/posts\/5167","targetHints":{"allow":["GET"]}}],"collection":[{"href":"https:\/\/noticiasdestaque.com.br\/index.php\/wp-json\/wp\/v2\/posts"}],"about":[{"href":"https:\/\/noticiasdestaque.com.br\/index.php\/wp-json\/wp\/v2\/types\/post"}],"author":[{"embeddable":true,"href":"https:\/\/noticiasdestaque.com.br\/index.php\/wp-json\/wp\/v2\/users\/1"}],"replies":[{"embeddable":true,"href":"https:\/\/noticiasdestaque.com.br\/index.php\/wp-json\/wp\/v2\/comments?post=5167"}],"version-history":[{"count":0,"href":"https:\/\/noticiasdestaque.com.br\/index.php\/wp-json\/wp\/v2\/posts\/5167\/revisions"}],"wp:attachment":[{"href":"https:\/\/noticiasdestaque.com.br\/index.php\/wp-json\/wp\/v2\/media?parent=5167"}],"wp:term":[{"taxonomy":"category","embeddable":true,"href":"https:\/\/noticiasdestaque.com.br\/index.php\/wp-json\/wp\/v2\/categories?post=5167"},{"taxonomy":"post_tag","embeddable":true,"href":"https:\/\/noticiasdestaque.com.br\/index.php\/wp-json\/wp\/v2\/tags?post=5167"}],"curies":[{"name":"wp","href":"https:\/\/api.w.org\/{rel}","templated":true}]}}