{"id":51663,"date":"2026-04-23T14:05:00","date_gmt":"2026-04-23T17:05:00","guid":{"rendered":"https:\/\/noticiasdestaque.com.br\/index.php\/2026\/04\/23\/missao-empresarial-a-alemanha-busca-ampliar-parcerias-e-dobrar-comercio-bilateral\/"},"modified":"2026-04-23T22:37:17","modified_gmt":"2026-04-24T01:37:17","slug":"missao-empresarial-a-alemanha-busca-ampliar-parcerias-e-dobrar-comercio-bilateral","status":"publish","type":"post","link":"https:\/\/noticiasdestaque.com.br\/index.php\/2026\/04\/23\/missao-empresarial-a-alemanha-busca-ampliar-parcerias-e-dobrar-comercio-bilateral\/","title":{"rendered":"Miss\u00e3o empresarial \u00e0 Alemanha busca ampliar parcerias e dobrar com\u00e9rcio bilateral"},"content":{"rendered":"<p>\t\t\t\t\t\t\t\t\t\t<audio controls class=\"b61_audio_player\" data-noticia=\"89090\" src=\"https:\/\/brasil61.com\/rails\/active_storage\/blobs\/eyJfcmFpbHMiOnsibWVzc2FnZSI6IkJBaHBBMVlZQkE9PSIsImV4cCI6bnVsbCwicHVyIjoiYmxvYl9pZCJ9fQ==--b01556cfd7cf675e507460afd5d09d0dc4fc98a3\/PIND264738A\"><\/audio><\/p>\n<p><strong>A <a href=\"https:\/\/cni.portaldaindustria.com.br\/home\" target=\"_blank\">Confedera\u00e7\u00e3o Nacional da Ind\u00fastria (CNI)<\/a> lidera uma miss\u00e3o empresarial \u00e0 Alemanha<\/strong> entre os dias 19 e 24 de abril, reunindo <strong>mais de 260 representantes da ind\u00fastria brasileira<\/strong>, entre empres\u00e1rios e executivos. A iniciativa inclui a participa\u00e7\u00e3o na <strong>Hannover Messe<\/strong>, considerada a <strong>maior feira de tecnologia industrial do mundo<\/strong>, e a realiza\u00e7\u00e3o do <strong>42\u00ba Encontro Econ\u00f4mico Brasil-Alemanha, principal f\u00f3rum bilateral do setor produtivo dos dois pa\u00edses.<\/strong><\/p>\n<p>A programa\u00e7\u00e3o \u00e9 voltada para <strong>resultados pr\u00e1ticos<\/strong> e inclui <strong>reuni\u00f5es de neg\u00f3cios, mesas redondas empresariais e visitas t\u00e9cnicas a ind\u00fastrias como Airbus, Mercedes-Benz e Volkswagen<\/strong>. A miss\u00e3o empresarial \u00e9 realizada em parceria com a<strong> Ag\u00eancia Brasileira de Promo\u00e7\u00e3o de Exporta\u00e7\u00f5es e Investimentos (<a href=\"https:\/\/apexbrasil.com.br\/\" target=\"_blank\">ApexBrasil<\/a>)<\/strong>.<\/p>\n<p>A empreitada ocorre em um contexto de fortalecimento das rela\u00e7\u00f5es entre Brasil e Alemanha. Segundo levantamento da CNI, em <strong>2025 o com\u00e9rcio bilateral entre os pa\u00edses alcan\u00e7ou US$ 20,9 bilh\u00f5es<\/strong>. Desse total, <strong>US$ 6,5 bilh\u00f5es correspondem \u00e0s exporta\u00e7\u00f5es brasileiras<\/strong> para o mercado alem\u00e3o \u2014 crescimento de 11,6% \u2014 enquanto as <strong>importa\u00e7\u00f5es somaram US$ 14,4 bilh\u00f5es<\/strong>. A <strong>Alemanha<\/strong> tamb\u00e9m ocupa a posi\u00e7\u00e3o de <strong>oitavo maior investidor estrangeiro no Brasil<\/strong>, com estoque de <strong>US$ 38,5 bilh\u00f5es em 2024<\/strong>.<\/p>\n<h2>CNI prop\u00f5e dobrar com\u00e9rcio bilateral em cinco anos<\/h2>\n<p>No primeiro dia da miss\u00e3o, representantes dos governos e das ind\u00fastrias brasileira e alem\u00e3 participaram da <strong>52\u00aa Comiss\u00e3o Mista de Coopera\u00e7\u00e3o Econ\u00f4mica Brasil-Alemanha (Comista)<\/strong>, realizada em Hannover, para discutir temas centrais da agenda bilateral. Na ocasi\u00e3o, a CNI apresentou a proposta de <strong>intensificar esfor\u00e7os para dobrar o volume do com\u00e9rcio entre os pa\u00edses nos pr\u00f3ximos cinco anos<\/strong>.<\/p>\n<p>O presidente da entidade, <strong>Ricardo Alban<\/strong>, afirmou que o Brasil pode se consolidar como <strong>parceiro estrat\u00e9gico<\/strong> da Alemanha ao oferecer <strong>previsibilidade, estabilidade democr\u00e1tica e seguran\u00e7a energ\u00e9tica<\/strong>. Segundo ele, os brasileiros buscam ampliar sua participa\u00e7\u00e3o na cadeia produtiva, deixando de atuar apenas como fornecedor de insumos e passando a se posicionar como <strong>parceiro na agrega\u00e7\u00e3o de valor e no desenvolvimento tecnol\u00f3gico<\/strong>.\u00a0<\/p>\n<p>Nesse contexto, Alban destacou a <strong>matriz energ\u00e9tica brasileira<\/strong> como um diferencial importante para a <strong>descarboniza\u00e7\u00e3o da ind\u00fastria europeia<\/strong>. Entre os destaques, est\u00e1 o potencial dos <strong>biocombust\u00edveis <\/strong>produzidos a partir de fontes diversificadas e sustent\u00e1veis, como o <strong>etanol de milho e o etanol de agave<\/strong>, que ajudam a reduzir as preocupa\u00e7\u00f5es ambientais do mercado europeu.\u00a0<\/p>\n<p>\u201c<strong>O biocombust\u00edvel \u00e9 o caminho do Brasil para atender a uma demanda mundial<\/strong>. \u00c9 algo que nos aproxima do mercado e dos parceiros alem\u00e3es, no qual podemos e <strong>devemos agregar valor<\/strong>. O Brasil n\u00e3o pode mais repetir a pol\u00edtica em que atuava apenas como exportador de commodities. Queremos continuar exportando commodities, mas agregar valor a elas\u201d, afirmou.<\/p>\n<p>O dirigente tamb\u00e9m chamou aten\u00e7\u00e3o para <strong>entraves nas rela\u00e7\u00f5es econ\u00f4micas<\/strong>, como a <strong>aus\u00eancia de um acordo para evitar a bitributa\u00e7\u00e3o entre os pa\u00edses<\/strong>. Segundo ele, o principal desafio nas negocia\u00e7\u00f5es est\u00e1 na <strong>regulamenta\u00e7\u00e3o dos servi\u00e7os t\u00e9cnicos<\/strong>, ponto considerado essencial para destravar investimentos e simplificar regras.<\/p>\n<p>Alban refor\u00e7ou ainda a necessidade de <strong>aproveitar a janela de oportunidades<\/strong> criada pelo acordo entre Mercosul e Uni\u00e3o Europeia, pela reorganiza\u00e7\u00e3o das cadeias globais de produ\u00e7\u00e3o e pela transi\u00e7\u00e3o energ\u00e9tica.<\/p>\n<h2>Defesa da produ\u00e7\u00e3o brasileira de biocombust\u00edveis<\/h2>\n<p>Durante a abertura do <strong>42\u00ba Encontro Econ\u00f4mico Brasil-Alemanha (EEBA)<\/strong>, realizada na segunda-feira (20), o presidente da CNI afirmou que o avan\u00e7o da integra\u00e7\u00e3o entre os pa\u00edses depende da <strong>supera\u00e7\u00e3o de percep\u00e7\u00f5es equivocadas sobre a produ\u00e7\u00e3o brasileira de biocombust\u00edveis<\/strong>.<\/p>\n<p>\u201cH\u00e1 dados e informa\u00e7\u00f5es transparentes confirmando que o <strong>Brasil produz biocombust\u00edveis de forma sustent\u00e1vel<\/strong> e disp\u00f5e de outras fontes renov\u00e1veis de energia que s\u00e3o cruciais para a descarboniza\u00e7\u00e3o da ind\u00fastria global\u201d, enfatizou Alban.<\/p>\n<p>Ele tamb\u00e9m destacou a relev\u00e2ncia dos <strong>minerais cr\u00edticos para o fortalecimento da parceria bilateral<\/strong>. Segundo ele, <strong>o Brasil possui reservas expressivas desses insumos estrat\u00e9gicos para a transi\u00e7\u00e3o energ\u00e9tica e para setores de alta tecnologia<\/strong>.<\/p>\n<p>Durante o evento, o presidente <strong>Luiz In\u00e1cio Lula da Silva<\/strong> ressaltou o potencial do biocombust\u00edvel brasileiro para <strong>atender \u00e0 demanda europeia<\/strong> e destacou o hist\u00f3rico de coopera\u00e7\u00e3o entre os dois pa\u00edses. \u201cQuem quiser produzir com <strong>energia barata e limpa<\/strong> vem buscar no Brasil, que temos muitas oportunidades\u201d, acrescentou.<\/p>\n<h2>Acordo prev\u00ea produ\u00e7\u00e3o de hidrog\u00eanio verde<\/h2>\n<p>Na ter\u00e7a-feira (21), foi assinado o acordo para cria\u00e7\u00e3o do empreendimento <strong>Morro Pintado<\/strong>, da empresa <strong>Brasil Green Energy<\/strong>. O projeto prev\u00ea a instala\u00e7\u00e3o de uma <strong>f\u00e1brica de produ\u00e7\u00e3o de hidrog\u00eanio verde e am\u00f4nia no estado do Rio Grande do Norte<\/strong>.<\/p>\n<p>Segundo a CNI, a iniciativa representa um exemplo concreto do potencial de expans\u00e3o dos neg\u00f3cios entre Brasil e Alemanha e refor\u00e7a a <strong>meta de duplicar o com\u00e9rcio bilateral em cinco anos<\/strong>.<br \/>\nO presidente da<strong> Federa\u00e7\u00e3o das Ind\u00fastrias do Estado do Rio Grande do Norte (<a href=\"https:\/\/www.fiern.org.br\/\" target=\"_blank\">FIERN<\/a>)<\/strong>, <strong>Roberto Serquiz<\/strong>, destacou a import\u00e2ncia do acordo para a rela\u00e7\u00e3o bilateral entre os pa\u00edses.<\/p>\n<p>\u201cA rela\u00e7\u00e3o com a Alemanha, um dos l\u00edderes na industrializa\u00e7\u00e3o mundial, traz <strong>confian\u00e7a, inova\u00e7\u00e3o e compromisso com o desenvolvimento sustent\u00e1vel<\/strong>. N\u00f3s temos esse olhar muito positivo para essas parcerias, sobretudo com pa\u00edses como a Alemanha\u201d, afirmou.<\/p>\n<h2>Parceria com Volkswagen amplia forma\u00e7\u00e3o profissional<\/h2>\n<p>Na quarta-feira (22), a CNI, o <strong>Servi\u00e7o Nacional de Aprendizagem Industrial (SENAI)<\/strong> e o <strong>Conselho Nacional do SESI<\/strong> firmaram uma parceria com a <strong>Volkswagen <\/strong>voltada \u00e0 <strong>forma\u00e7\u00e3o e qualifica\u00e7\u00e3o profissional<\/strong> alinhadas \u00e0s <strong>transforma\u00e7\u00f5es da ind\u00fastria automotiva no Brasil<\/strong>.<\/p>\n<p><strong>O acordo prev\u00ea:<\/strong><\/p>\n<ul>\n<li>desenvolvimento de projetos de educa\u00e7\u00e3o profissional com foco em pesquisa e desenvolvimento (P&amp;D);<\/li>\n<li>implementa\u00e7\u00e3o de programas educacionais voltados \u00e0s compet\u00eancias do futuro;<\/li>\n<li>est\u00edmulo a investimentos em inova\u00e7\u00e3o, tecnologia e ambientes de aprendizagem;<\/li>\n<li>amplia\u00e7\u00e3o do acesso \u00e0 educa\u00e7\u00e3o profissional de qualidade.<\/li>\n<\/ul>\n<p>O chairman executivo da Volkswagen Regi\u00e3o Am\u00e9rica do Sul, <strong>Alexander Seitz<\/strong>, disse que a iniciativa contribuir\u00e1 para preparar trabalhadores diante das <strong>mudan\u00e7as aceleradas do setor automotivo<\/strong>, impulsionadas pela <strong>digitaliza\u00e7\u00e3o <\/strong>e pela produ\u00e7\u00e3o de <strong>ve\u00edculos el\u00e9tricos e h\u00edbridos<\/strong>.<\/p>\n<p><strong>VEJA MAIS:<\/strong><\/p>\n<ul>\n<li><strong><a href=\"https:\/\/brasil61.com\/n\/hannover-messe-2026-brasil-aposta-em-tecnologia-energia-limpa-e-novos-mercados-confira-agenda-apex260122\" target=\"_blank\">Hannover Messe 2026: Brasil aposta em tecnologia, energia limpa e novos mercados; confira agenda<\/a><\/strong><\/li>\n<li><strong><a href=\"https:\/\/brasil61.com\/n\/exporta-mais-brasil-encerra-participacao-na-anuga-select-brazil-2026-com-foco-na-internacionalizacao-de-negocios-apex260121\" target=\"_blank\">Exporta Mais Brasil encerra participa\u00e7\u00e3o na Anuga Select Brazil 2026 com foco na internacionaliza\u00e7\u00e3o de neg\u00f3cios<\/a><\/strong><\/li>\n<\/ul>\n<p>\t\t\t\t\t\t\t\t\t<img loading=\"lazy\" decoding=\"async\" src=\"https:\/\/brasil61.com\/api\/v1\/serve_pixel\/17677\/89090\" alt=\"Pixel Brasil 61\" class=\"b61_pixel\" width=\"0\" height=\"0\"><\/p>\n<input type=\"hidden\" id=\"baseurl\" value=\"https:\/\/noticiasdestaque.com.br\"><input type=\"hidden\" id=\"audio_nonce\" value=\"9fd43fe80e\">","protected":false},"excerpt":{"rendered":"<p>Liderada pela CNI em parceria com a ApexBrasil, delega\u00e7\u00e3o brasileira participa da Hannover Messe e destaca biocombust\u00edveis como oportunidade estrat\u00e9gica para novos investimentos<\/p>\n","protected":false},"author":1,"featured_media":51678,"comment_status":"open","ping_status":"open","sticky":false,"template":"","format":"standard","meta":{"fifu_image_url":"","fifu_image_alt":"","footnotes":""},"categories":[48],"tags":[],"class_list":["post-51663","post","type-post","status-publish","format-standard","has-post-thumbnail","hentry","category-mundo"],"distributor_meta":false,"distributor_terms":false,"distributor_media":false,"distributor_original_site_name":"Noticias em Destaque","distributor_original_site_url":"https:\/\/noticiasdestaque.com.br","push-errors":false,"_links":{"self":[{"href":"https:\/\/noticiasdestaque.com.br\/index.php\/wp-json\/wp\/v2\/posts\/51663","targetHints":{"allow":["GET"]}}],"collection":[{"href":"https:\/\/noticiasdestaque.com.br\/index.php\/wp-json\/wp\/v2\/posts"}],"about":[{"href":"https:\/\/noticiasdestaque.com.br\/index.php\/wp-json\/wp\/v2\/types\/post"}],"author":[{"embeddable":true,"href":"https:\/\/noticiasdestaque.com.br\/index.php\/wp-json\/wp\/v2\/users\/1"}],"replies":[{"embeddable":true,"href":"https:\/\/noticiasdestaque.com.br\/index.php\/wp-json\/wp\/v2\/comments?post=51663"}],"version-history":[{"count":1,"href":"https:\/\/noticiasdestaque.com.br\/index.php\/wp-json\/wp\/v2\/posts\/51663\/revisions"}],"predecessor-version":[{"id":51677,"href":"https:\/\/noticiasdestaque.com.br\/index.php\/wp-json\/wp\/v2\/posts\/51663\/revisions\/51677"}],"wp:featuredmedia":[{"embeddable":true,"href":"https:\/\/noticiasdestaque.com.br\/index.php\/wp-json\/wp\/v2\/media\/51678"}],"wp:attachment":[{"href":"https:\/\/noticiasdestaque.com.br\/index.php\/wp-json\/wp\/v2\/media?parent=51663"}],"wp:term":[{"taxonomy":"category","embeddable":true,"href":"https:\/\/noticiasdestaque.com.br\/index.php\/wp-json\/wp\/v2\/categories?post=51663"},{"taxonomy":"post_tag","embeddable":true,"href":"https:\/\/noticiasdestaque.com.br\/index.php\/wp-json\/wp\/v2\/tags?post=51663"}],"curies":[{"name":"wp","href":"https:\/\/api.w.org\/{rel}","templated":true}]}}