{"id":51639,"date":"2026-04-22T04:25:00","date_gmt":"2026-04-22T07:25:00","guid":{"rendered":"https:\/\/noticiasdestaque.com.br\/index.php\/2026\/04\/22\/mudancas-na-faixa-de-fronteira-podem-beneficiar-mineracao-gaucha\/"},"modified":"2026-04-22T04:25:00","modified_gmt":"2026-04-22T07:25:00","slug":"mudancas-na-faixa-de-fronteira-podem-beneficiar-mineracao-gaucha","status":"publish","type":"post","link":"https:\/\/noticiasdestaque.com.br\/index.php\/2026\/04\/22\/mudancas-na-faixa-de-fronteira-podem-beneficiar-mineracao-gaucha\/","title":{"rendered":"Mudan\u00e7as na Faixa de Fronteira podem beneficiar minera\u00e7\u00e3o ga\u00facha"},"content":{"rendered":"<p>Realizado pela <strong>Frente pelo Desenvolvimento da Regi\u00e3o da Campanha<\/strong>, o 1\u00ba F\u00f3rum Faixa de Fronteira reuniu aproximadamente 150 pessoas, entre prefeitos, vereadores e lideran\u00e7as empresariais em Ca\u00e7apava do Sul, no Rio Grande do Sul. O evento articulou apoio ao projeto de lei 1455\/22, de autoria do ent\u00e3o senador Lasier Martins, que tramita na Comiss\u00e3o de Rela\u00e7\u00f5es Exteriores do Senado Federal e prop\u00f5e a redu\u00e7\u00e3o de 150 para 15 km a \u00e1rea com restri\u00e7\u00f5es ao investimento privado estrangeiro.<\/p>\n<p>Relator do projeto, o senador Lu\u00eds Carlos Heinze comenta que a atualiza\u00e7\u00e3o das regras poder\u00e1 impulsionar o desenvolvimento de cerca de 60% do Rio Grande do Sul. \u201cSomos um dos estados mais impactados pela Faixa de Fronteira, mas nacionalmente a legisla\u00e7\u00e3o imp\u00f5e restri\u00e7\u00f5es a onze unidades da federa\u00e7\u00e3o, num espa\u00e7o equivalente a 17% do territ\u00f3rio do Brasil\u201d, afirmou Heinze. H\u00e1 interesse internacional em investir na regi\u00e3o, especialmente nos setores mineral e industrial. \u201cEstamos falando de investimentos de centenas de milh\u00f5es de d\u00f3lares, gera\u00e7\u00e3o de empregos e dinamiza\u00e7\u00e3o da economia local. Esse capital n\u00e3o \u00e9 p\u00fablico, \u00e9 da iniciativa privada, e precisa encontrar um ambiente minimamente vi\u00e1vel\u201d, pontuou.<\/p>\n<p>A legisla\u00e7\u00e3o atual sobre Faixa de Fronteira \u00e9 restritiva para investimentos no setor da minera\u00e7\u00e3o, uma das maiores potencialidades da regi\u00e3o da Campanha. Munic\u00edpios como Ca\u00e7apava do Sul, Lavras do Sul, Candiota e Hulha Negra t\u00eam jazidas conhecidas de diversos minerais, como fosfato, ouro, cobre, calc\u00e1rio, carv\u00e3o e terras raras. \u201cUma riqueza que, se bem aproveitada, poderia resultar em emprego e renda, maior recolhimento de impostos, desenvolvimento da atividade industrial, al\u00e9m da perspectiva de um futuro melhor para as popula\u00e7\u00f5es locais\u201d, afirma Paulo Serpa, presidente da Lavras do Sul Minera\u00e7\u00e3o, respons\u00e1vel pelo desenvolvimento de um projeto de ouro na regi\u00e3o.<\/p>\n<p>O presidente da <strong>Federasul (Federa\u00e7\u00e3o das Associa\u00e7\u00f5es Comerciais e de Servi\u00e7os do Rio Grande do Sul)<\/strong>, Rodrigo Sousa Costa, ressaltou a import\u00e2ncia das lideran\u00e7as da Metade Sul ga\u00facha estarem reunidas em Ca\u00e7apava do Sul. Ele afirmou que o Estado vive um momento de inflex\u00e3o pol\u00edtica em que ou faz um movimento brusco em dire\u00e7\u00e3o \u00e0 retomada do crescimento econ\u00f4mico, ou viver\u00e1 um decl\u00ednio social e econ\u00f4mico ainda mais grave que o experimentado nos \u00faltimos 40 anos. \u201cN\u00e3o adianta esperar solu\u00e7\u00f5es de fora. \u00c9 preciso que a Metade Sul assuma o protagonismo e construa uma agenda comum de desenvolvimento\u201d, afirmou ao classificar como descaso o fato de o \u00fanico trecho rodovi\u00e1rio sem duplica\u00e7\u00e3o entre as cidades de Buenos Aires (Argentina) e Fortaleza (Cear\u00e1) estar no Rio Grande do Sul, entre Uruguaiana e Porto Alegre. No encerramento do evento, o presidente da Frente pelo Desenvolvimento da Regi\u00e3o da Campanha, Eraldo Vasconcellos, fez a leitura da carta aberta ao Senado Federal, que registra o apoio das lideran\u00e7as das regi\u00f5es da Campanha e da Fronteira Oeste \u00e0 aprova\u00e7\u00e3o do projeto de lei.<\/p>\n<p>\t\t\t\t\t\t\t\t\t\t<img loading=\"lazy\" decoding=\"async\" src=\"https:\/\/brasil61.com\/api\/v1\/serve_pixel\/17677\/89042\" alt=\"Pixel Brasil 61\" class=\"b61_pixel\" width=\"0\" height=\"0\"><\/p>\n<input type=\"hidden\" id=\"baseurl\" value=\"https:\/\/noticiasdestaque.com.br\"><input type=\"hidden\" id=\"audio_nonce\" value=\"9fd43fe80e\">","protected":false},"excerpt":{"rendered":"<p>Projeto de lei que reduz restri\u00e7\u00f5es a investimento estrangeiro na faixa de fronteira pode impulsionar a minera\u00e7\u00e3o ga\u00facha.<\/p>\n","protected":false},"author":1,"featured_media":51640,"comment_status":"open","ping_status":"open","sticky":false,"template":"","format":"standard","meta":{"fifu_image_url":"","fifu_image_alt":"","footnotes":""},"categories":[59],"tags":[],"class_list":["post-51639","post","type-post","status-publish","format-standard","has-post-thumbnail","hentry","category-economia"],"distributor_meta":false,"distributor_terms":false,"distributor_media":false,"distributor_original_site_name":"Noticias em Destaque","distributor_original_site_url":"https:\/\/noticiasdestaque.com.br","push-errors":false,"_links":{"self":[{"href":"https:\/\/noticiasdestaque.com.br\/index.php\/wp-json\/wp\/v2\/posts\/51639","targetHints":{"allow":["GET"]}}],"collection":[{"href":"https:\/\/noticiasdestaque.com.br\/index.php\/wp-json\/wp\/v2\/posts"}],"about":[{"href":"https:\/\/noticiasdestaque.com.br\/index.php\/wp-json\/wp\/v2\/types\/post"}],"author":[{"embeddable":true,"href":"https:\/\/noticiasdestaque.com.br\/index.php\/wp-json\/wp\/v2\/users\/1"}],"replies":[{"embeddable":true,"href":"https:\/\/noticiasdestaque.com.br\/index.php\/wp-json\/wp\/v2\/comments?post=51639"}],"version-history":[{"count":0,"href":"https:\/\/noticiasdestaque.com.br\/index.php\/wp-json\/wp\/v2\/posts\/51639\/revisions"}],"wp:featuredmedia":[{"embeddable":true,"href":"https:\/\/noticiasdestaque.com.br\/index.php\/wp-json\/wp\/v2\/media\/51640"}],"wp:attachment":[{"href":"https:\/\/noticiasdestaque.com.br\/index.php\/wp-json\/wp\/v2\/media?parent=51639"}],"wp:term":[{"taxonomy":"category","embeddable":true,"href":"https:\/\/noticiasdestaque.com.br\/index.php\/wp-json\/wp\/v2\/categories?post=51639"},{"taxonomy":"post_tag","embeddable":true,"href":"https:\/\/noticiasdestaque.com.br\/index.php\/wp-json\/wp\/v2\/tags?post=51639"}],"curies":[{"name":"wp","href":"https:\/\/api.w.org\/{rel}","templated":true}]}}