{"id":51627,"date":"2026-04-21T04:50:00","date_gmt":"2026-04-21T07:50:00","guid":{"rendered":"https:\/\/noticiasdestaque.com.br\/index.php\/2026\/04\/21\/o-mundo-precisa-de-mais-mineracao-e-exige-uma-mineracao-melhor-2\/"},"modified":"2026-04-21T04:50:00","modified_gmt":"2026-04-21T07:50:00","slug":"o-mundo-precisa-de-mais-mineracao-e-exige-uma-mineracao-melhor-2","status":"publish","type":"post","link":"https:\/\/noticiasdestaque.com.br\/index.php\/2026\/04\/21\/o-mundo-precisa-de-mais-mineracao-e-exige-uma-mineracao-melhor-2\/","title":{"rendered":"&#8220;O mundo precisa de mais minera\u00e7\u00e3o e exige uma minera\u00e7\u00e3o melhor&#8221;"},"content":{"rendered":"<p>As mudan\u00e7as geopol\u00edticas e as transforma\u00e7\u00f5es tecnol\u00f3gicas est\u00e3o gerando um grande aumento na demanda por minerais, o que exigir\u00e1 do setor empresarial esfor\u00e7os e investimentos para ampliar a produ\u00e7\u00e3o de alguns desses minerais. Ao mesmo tempo, a sociedade continua vendo a minera\u00e7\u00e3o com uma certa reserva e classificando a atividade como danosa ao meio ambiente e \u00e0s pessoas. Como compatibilizar essa necessidade de aumento r\u00e1pido da produ\u00e7\u00e3o com a sustentabilidade ambiental e social? Esta \u00e9 uma das quest\u00f5es centrais abordadas pelo CEO do <strong>ICMM<\/strong>, em entrevista ao podcast do <strong>BMO<\/strong>, conduzida por Helen Amos, analista da institui\u00e7\u00e3o e que reproduzimos nesta edi\u00e7\u00e3o de <strong>Brasil Mineral<\/strong>. Vale a pena conferir.<\/p>\n<p><strong>Helen Amos:<\/strong> A situa\u00e7\u00e3o geopol\u00edtica est\u00e1 mudando rapidamente neste momento. Al\u00e9m disso, a minera\u00e7\u00e3o e os recursos naturais est\u00e3o literalmente no centro das mudan\u00e7as de poder que est\u00e3o acontecendo bem diante dos nossos olhos. Ent\u00e3o, temos muito o que abordar e estou especialmente animada para ouvir sobre todo o progresso que o <strong>ICMM<\/strong> e seus membros t\u00eam feito em desenvolvimento sustent\u00e1vel e todas as suas prioridades para o pr\u00f3ximo ano. Mas, em primeiro lugar, voc\u00ea acabou de voltar de Davos. Uma semana repleta de manchetes importantes e eu adoraria ouvir suas impress\u00f5es, em suas pr\u00f3prias palavras, sobre o clima por l\u00e1 e como a posi\u00e7\u00e3o da sustentabilidade em geral pode estar mudando nas conversas.<\/p>\n<p><strong>Rohitesh Dhawan:<\/strong> Sim, Davos, o lugar dos privilegiados e dos que t\u00eam iates. Digo isso em parte em tom de brincadeira, porque sejamos claros, certo? \u00c9 um lugar onde a elite se re\u00fane para discutir o estado do mundo. E como diz o velho ditado, qualquer coisa em que Davos concorde, pode apostar que acontecer\u00e1 exatamente o oposto. Agora, neste caso, n\u00e3o tenho certeza se isso se aplica, porque acho que v\u00e1rios dos temas em Davos s\u00e3o coisas que estamos vendo se concretizar. Portanto, um grande foco na seguran\u00e7a nacional em todos os n\u00edveis. E, claro, t\u00ednhamos o presidente Volodymyr Zelensky, da Ucr\u00e2nia, falando sobre porque a seguran\u00e7a da Ucr\u00e2nia \u00e9 a seguran\u00e7a europeia. Claro, t\u00ednhamos o governo dos EUA falando sobre a import\u00e2ncia da seguran\u00e7a nacional em rela\u00e7\u00e3o \u00e0 Groenl\u00e2ndia e todos estavam preocupados com este mundo muito mais arriscado em que parecemos estar entrando, onde h\u00e1 potencial para alguns erros de c\u00e1lculo graves. N\u00f3s simplesmente aumentamos a aposta em tudo e um movimento errado pode desencadear uma s\u00e9rie de circunst\u00e2ncias bastante infelizes.<\/p>\n<p>E aqui est\u00e1 o ponto realmente interessante. O tema do di\u00e1logo esteve presente em Davos. A ideia era: podemos encontrar maneiras de conversar uns com os outros, mesmo quando discordamos veementemente? N\u00e3o sei se, ao final da semana, dir\u00edamos que Davos alcan\u00e7ou esse objetivo, porque, na verdade, o que se viu foram vis\u00f5es muito diferentes apresentadas por pessoas diferentes. Claro, acho que o discurso mais marcante de Davos foi o de Mark Carney. Mas eu diria que, no que diz respeito a metais e minerais, houve um foco central nesse setor e em seu papel em todas as grandes tem\u00e1ticas \u2013 intelig\u00eancia artificial, defesa. E sim, n\u00e3o houve muita men\u00e7\u00e3o \u00e0 transi\u00e7\u00e3o energ\u00e9tica. Mas acho que, mesmo que n\u00e3o tenha sido dito explicitamente, todos entenderam que metais e minerais come\u00e7am e terminam em cada ponto dessa cadeia de valor. Ent\u00e3o, no geral, embora o mundo seja um lugar mais complexo e incerto, sa\u00ed de Davos bastante convicto de que as perspectivas para metais e minerais s\u00e3o muito promissoras, porque agora est\u00e3o profundamente conectadas \u00e0s grandes tem\u00e1ticas globais.<\/p>\n<p><strong>Helen Amos:<\/strong> Sim, quero dizer, estamos vivendo tempos incr\u00edveis, mas tamb\u00e9m \u00e9 incr\u00edvel pensar que agora, finalmente, depois de muitas d\u00e9cadas, a minera\u00e7\u00e3o est\u00e1 entrando nas conversas convencionais. Ent\u00e3o, sabe, finalmente somos uma ind\u00fastria sobre a qual todos est\u00e3o falando.<\/p>\n<p>Obviamente, conhe\u00e7o o excelente trabalho do <strong>ICMM<\/strong> h\u00e1 muitos anos, especialmente quando eu mesma trabalhava na ind\u00fastria, e como organiza\u00e7\u00e3o ela tem um enorme peso e respeito por parte das empresas de minera\u00e7\u00e3o, e eu vi isso em primeira m\u00e3o. Ent\u00e3o, talvez como um bom ponto de partida para nossos ouvintes, voc\u00ea poderia falar um pouco sobre quais foram as principais mudan\u00e7as e \u00e1reas de progresso que o <strong>ICMM<\/strong><strong> <\/strong>e seus membros promoveram nos \u00faltimos 5 a 10 anos?<\/p>\n<p><strong>Rohitesh Dhawan:<\/strong> H\u00e1 mais de duas d\u00e9cadas, o <strong>ICMM<\/strong> existe com uma \u00fanica miss\u00e3o: melhorar o n\u00edvel de responsabilidade na ind\u00fastria de minera\u00e7\u00e3o coletivamente, para que, no fim das contas, conquistemos a confian\u00e7a e o apoio da sociedade e, assim, possamos expandir nossos neg\u00f3cios. Isso n\u00e3o \u00e9 caridade. N\u00e3o \u00e9 porque somos uma <strong>ONG<\/strong>. \u00c9 porque entendemos que o sucesso de nossos neg\u00f3cios est\u00e1 atrelado \u00e0 forma como a sociedade nos v\u00ea como contribuintes positivos em termos ambientais e sociais. E, por isso, buscamos demonstrar lideran\u00e7a. E quando digo &#8220;n\u00f3s&#8221;, me refiro \u00e0s 26 empresas representadas em n\u00edvel de CEO no <strong>ICMM<\/strong>, que juntas possuem 650 minas em mais de 50 pa\u00edses. Representamos entre um ter\u00e7o e metade da produ\u00e7\u00e3o do setor. Portanto, acreditamos que, ao demonstrarmos lideran\u00e7a nessas quest\u00f5es, podemos dar o exemplo para o restante da ind\u00fastria, melhorar o desempenho e, assim, mudar a percep\u00e7\u00e3o que as pessoas t\u00eam do setor e do que sabem sobre minera\u00e7\u00e3o. Identificamos cinco t\u00f3picos espec\u00edficos que consideramos vitais para demonstrarmos nossa lideran\u00e7a. Vou mencion\u00e1-los rapidamente agora.<\/p>\n<p>A primeira quest\u00e3o \u00e9 a seguran\u00e7a. N\u00e3o h\u00e1 nada mais importante do que garantir que todos voltem para casa em seguran\u00e7a no final do seu turno de trabalho. Infelizmente, ainda n\u00e3o chegamos l\u00e1 e, o que \u00e9 mais preocupante, vimos uma revers\u00e3o da tend\u00eancia nos \u00faltimos dois anos, que vinha sendo de um n\u00famero decrescente de fatalidades entre os membros do <strong>ICMM<\/strong>. Portanto, a seguran\u00e7a continua sendo nossa prioridade n\u00famero um.<\/p>\n<p>Em segundo lugar, vem a quest\u00e3o dos rejeitos. Em confer\u00eancias anteriores do BMO, falamos muito sobre o trabalho com rejeitos para melhorar os padr\u00f5es de gest\u00e3o de rejeitos na ind\u00fastria, ap\u00f3s a trag\u00e9dia de Brumadinho, no Brasil, em 2019, que custou 272 vidas. E muito trabalho tem sido feito para garantir que a ind\u00fastria em geral esteja adotando o padr\u00e3o de gest\u00e3o de rejeitos e que n\u00f3s, como ind\u00fastria, estejamos inovando em como mineramos para que possamos minerar produzindo menos rocha est\u00e9ril.<\/p>\n<p>O terceiro t\u00f3pico para n\u00f3s, que \u00e9 realmente importante, \u00e9 o nosso trabalho de descarboniza\u00e7\u00e3o e de tornar os ve\u00edculos de minera\u00e7\u00e3o mais seguros, porque \u00e9 poss\u00edvel fazer as duas coisas ao mesmo tempo. Ent\u00e3o, enquanto inovamos na forma como esses grandes caminh\u00f5es e equipamentos de minera\u00e7\u00e3o s\u00e3o operados e projetados, podemos reduzir a quantidade de combust\u00edvel que consomem e, portanto, a quantidade de <strong>CO2<\/strong> gerada, e podemos tornar esses caminh\u00f5es mais seguros ao mesmo tempo. Portanto, h\u00e1 muito trabalho sendo feito nessa \u00e1rea.<\/p>\n<p>O quarto t\u00f3pico \u00e9 sobre a quest\u00e3o da natureza. E aqui, somos uma ind\u00fastria que tem impacto na natureza. N\u00e3o h\u00e1 d\u00favida sobre isso. Temos uma pegada direta na terra e nas plantas e animais que vivem nela, nos corpos d&#8217;\u00e1gua e na qualidade do ar. Mas essa ind\u00fastria tem o potencial de ser uma contribuinte l\u00edquida positiva ainda maior para a natureza do que j\u00e1 somos. Porque, embora sim, seja preciso perturbar a terra para extrair metais e minerais, o impacto desses metais e minerais, ao nos permitir viver verticalmente e permitir que a humanidade viva em cidades, significa que nosso impacto l\u00edquido na natureza \u00e9 extremamente positivo. Dito isso, precisamos garantir que nossas opera\u00e7\u00f5es sejam realizadas em locais onde tentamos minimizar ao m\u00e1ximo as consequ\u00eancias diretas e indiretas de nossas atividades.<\/p>\n<p>E, por fim, nosso trabalho em desempenho social, porque sabemos que, n\u00e3o importa o qu\u00e3o valiosos sejam os minerais e o quanto digamos \u00e0s pessoas que esses metais s\u00e3o essenciais para a vida moderna &#8212; e de fato s\u00e3o &#8212; para muitos pa\u00edses anfitri\u00f5es o que realmente importa \u00e9 garantir que os direitos humanos sejam protegidos, que n\u00e3o haja minera\u00e7\u00e3o contra a vontade das popula\u00e7\u00f5es locais, que os benef\u00edcios retornem aos pa\u00edses e comunidades anfitri\u00f5es, que os impostos sejam pagos de forma justa e que haja transpar\u00eancia. E isso \u00e9 algo com que sempre estivemos comprometidos e queremos continuar garantindo que esse progresso prossiga.<\/p>\n<p>Ent\u00e3o, essas s\u00e3o as cinco \u00e1reas, que s\u00e3o uma grande prioridade para n\u00f3s no momento. Falaremos um pouco mais adiante sobre o trabalho que estamos realizando para garantir que isso n\u00e3o permane\u00e7a apenas uma iniciativa liderada pelo ICMM, mas se expanda para toda a ind\u00fastria, e que tudo isso contribua para o nosso trabalho de tentar mudar a compreens\u00e3o e a percep\u00e7\u00e3o das pessoas sobre a ind\u00fastria de minera\u00e7\u00e3o com base em nosso melhor desempenho, e n\u00e3o apenas em alguma campanha de rela\u00e7\u00f5es p\u00fablicas.<\/p>\n<p>Leia a mat\u00e9ria completa na <a href=\"https:\/\/www.brasilmineral.com.br\/revista\/455\/?p=34\" target=\"_blank\">edi\u00e7\u00e3o 455 da Brasil Mineral<\/a><\/p>\n<p>\t\t\t\t\t\t\t\t\t\t<img loading=\"lazy\" decoding=\"async\" src=\"https:\/\/brasil61.com\/api\/v1\/serve_pixel\/17677\/89040\" alt=\"Pixel Brasil 61\" class=\"b61_pixel\" width=\"0\" height=\"0\"><\/p>\n<input type=\"hidden\" id=\"baseurl\" value=\"https:\/\/noticiasdestaque.com.br\"><input type=\"hidden\" id=\"audio_nonce\" value=\"9fd43fe80e\">","protected":false},"excerpt":{"rendered":"<p>\u00c9 o que defende Rohitesh Dhawan, presidente e CEO do ICMM (International Council on Mining and Metals), em entrevista concedida a Helen Amos, analista de commodities do BMO Financial Group.<\/p>\n","protected":false},"author":1,"featured_media":51628,"comment_status":"open","ping_status":"open","sticky":false,"template":"","format":"standard","meta":{"fifu_image_url":"","fifu_image_alt":"","footnotes":""},"categories":[59],"tags":[],"class_list":["post-51627","post","type-post","status-publish","format-standard","has-post-thumbnail","hentry","category-economia"],"distributor_meta":false,"distributor_terms":false,"distributor_media":false,"distributor_original_site_name":"Noticias em Destaque","distributor_original_site_url":"https:\/\/noticiasdestaque.com.br","push-errors":false,"_links":{"self":[{"href":"https:\/\/noticiasdestaque.com.br\/index.php\/wp-json\/wp\/v2\/posts\/51627","targetHints":{"allow":["GET"]}}],"collection":[{"href":"https:\/\/noticiasdestaque.com.br\/index.php\/wp-json\/wp\/v2\/posts"}],"about":[{"href":"https:\/\/noticiasdestaque.com.br\/index.php\/wp-json\/wp\/v2\/types\/post"}],"author":[{"embeddable":true,"href":"https:\/\/noticiasdestaque.com.br\/index.php\/wp-json\/wp\/v2\/users\/1"}],"replies":[{"embeddable":true,"href":"https:\/\/noticiasdestaque.com.br\/index.php\/wp-json\/wp\/v2\/comments?post=51627"}],"version-history":[{"count":0,"href":"https:\/\/noticiasdestaque.com.br\/index.php\/wp-json\/wp\/v2\/posts\/51627\/revisions"}],"wp:featuredmedia":[{"embeddable":true,"href":"https:\/\/noticiasdestaque.com.br\/index.php\/wp-json\/wp\/v2\/media\/51628"}],"wp:attachment":[{"href":"https:\/\/noticiasdestaque.com.br\/index.php\/wp-json\/wp\/v2\/media?parent=51627"}],"wp:term":[{"taxonomy":"category","embeddable":true,"href":"https:\/\/noticiasdestaque.com.br\/index.php\/wp-json\/wp\/v2\/categories?post=51627"},{"taxonomy":"post_tag","embeddable":true,"href":"https:\/\/noticiasdestaque.com.br\/index.php\/wp-json\/wp\/v2\/tags?post=51627"}],"curies":[{"name":"wp","href":"https:\/\/api.w.org\/{rel}","templated":true}]}}