{"id":5160,"date":"2023-02-28T17:02:14","date_gmt":"2023-02-28T20:02:14","guid":{"rendered":"https:\/\/noticiasdestaque.com.br\/index.php\/2023\/02\/28\/brasil-participa-da-sessao-do-conselho-de-direitos-humanos-da-onu\/"},"modified":"2023-02-28T17:02:14","modified_gmt":"2023-02-28T20:02:14","slug":"brasil-participa-da-sessao-do-conselho-de-direitos-humanos-da-onu","status":"publish","type":"post","link":"https:\/\/noticiasdestaque.com.br\/index.php\/2023\/02\/28\/brasil-participa-da-sessao-do-conselho-de-direitos-humanos-da-onu\/","title":{"rendered":"Brasil participa da 52\u00aa sess\u00e3o do Conselho de Direitos Humanos da ONU"},"content":{"rendered":"<style> bloco.meta {font-style: italic; color: #666;font-weight: 600;font-size: .8em; \/* line-height: .3em; *\/}  text h2 { font-weight: 700 !important;  color: #062f46 !important;} text img { width: none; left: none;}<\/style>\n<\/p>\n<p>A partir desta segunda-feira (27), o ministro dos Direitos Humanos e da Cidadania, S\u00edlvio Almeida, participa da 52\u00aa sess\u00e3o do Conselho de Direitos Humanos da Organiza\u00e7\u00e3o das Na\u00e7\u00f5es Unidas (ONU), em Genebra, na Su\u00ed\u00e7a. Ele viaja acompanhado da secret\u00e1ria nacional dos Direitos das Pessoas LGBTQIA , Symmy Larrat.<\/p>\n<p>A sess\u00e3o da ONU vai at\u00e9 <span id=\"OBJ_PREFIX_DWT2144_com_zimbra_date\" role=\"link\">sexta<\/span>-feira (3) e ser\u00e1 a primeira do ano com o chamado Segmento de Alto N\u00edvel que conta, neste primeiro momento, com a participa\u00e7\u00e3o de ministros de pastas ligadas \u00e0 tem\u00e1tica dos direitos humanos.<\/p>\n<p>O discurso de Almeida, durante a reuni\u00e3o, dever\u00e1 ocorrer \u00e0s 15h (hor\u00e1rio local), quatro horas \u00e0 frente de Bras\u00edlia. A fala ser\u00e1 <a href=\"https:\/\/media.un.org\/en\/search\/categories\/meetings-events\/human-rights-council\" target=\"_blank\" rel=\"noopener\">transmitida ao vivo<\/a> pela ONU.<\/p>\n<p>At\u00e9 <span id=\"OBJ_PREFIX_DWT2147_com_zimbra_date\" role=\"link\">sexta<\/span>-feira, S\u00edlvio Almeida manter\u00e1 reuni\u00f5es bilaterais com chefes de delega\u00e7\u00f5es da Comunidade dos Pa\u00edses de L\u00edngua Portuguesa (CPLP) e com a chanceler do Chile, Antonia Urrejola Noguera. Na agenda do ministro est\u00e1 prevista participa\u00e7\u00e3o no evento Perspectivas brasileiras sobre os desafios dos direitos humanos: sustentando o multilateralismo e a coopera\u00e7\u00e3o internacional.<\/p>\n<p>Na <span id=\"OBJ_PREFIX_DWT2148_com_zimbra_date\" role=\"link\">quinta<\/span>-feira (2), \u00e0s 16h (hor\u00e1rio de Genebra), o ministro conceder\u00e1 entrevista na sede da Miss\u00e3o Permanente do Brasil junto \u00e0 ONU e demais Organismos Internacionais.<\/p>\n<p>O conselho \u00e9 um \u00f3rg\u00e3o intergovernamental da ONU, composto por 47 Estados respons\u00e1veis \u200b\u200bpela promo\u00e7\u00e3o e prote\u00e7\u00e3o dos direitos humanos em todo o mundo.<\/p>\n<p><em>*Com informa\u00e7\u00f5es do Minist\u00e9rio dos Direitos Humanos e da Cidadania<\/em><\/p>\n<p class=\"alt-font font-italic my-2 small text-info\">\n                                                Edi\u00e7\u00e3o:   Gra\u00e7a Adjuto                    <\/p>\n<p>            <!-- blog End --><\/p>\n<p>            <!-- tag and share --><\/p>\n<p> Fonte: EBC <\/p>\n<input type=\"hidden\" id=\"baseurl\" value=\"https:\/\/noticiasdestaque.com.br\"><input type=\"hidden\" id=\"audio_nonce\" value=\"eb7638fb71\">","protected":false},"excerpt":{"rendered":"<p>Pa\u00eds ser\u00e1 representado pelo ministro S\u00edlvio Almeida<\/p>\n","protected":false},"author":1,"featured_media":5161,"comment_status":"open","ping_status":"open","sticky":false,"template":"","format":"standard","meta":{"fifu_image_url":"","fifu_image_alt":"","footnotes":""},"categories":[48],"tags":[],"class_list":["post-5160","post","type-post","status-publish","format-standard","has-post-thumbnail","hentry","category-mundo"],"distributor_meta":false,"distributor_terms":false,"distributor_media":false,"distributor_original_site_name":"Portal de Recupera\u00e7\u00e3o","distributor_original_site_url":"https:\/\/portalderecuperacao.com","push-errors":false,"_links":{"self":[{"href":"https:\/\/noticiasdestaque.com.br\/index.php\/wp-json\/wp\/v2\/posts\/5160","targetHints":{"allow":["GET"]}}],"collection":[{"href":"https:\/\/noticiasdestaque.com.br\/index.php\/wp-json\/wp\/v2\/posts"}],"about":[{"href":"https:\/\/noticiasdestaque.com.br\/index.php\/wp-json\/wp\/v2\/types\/post"}],"author":[{"embeddable":true,"href":"https:\/\/noticiasdestaque.com.br\/index.php\/wp-json\/wp\/v2\/users\/1"}],"replies":[{"embeddable":true,"href":"https:\/\/noticiasdestaque.com.br\/index.php\/wp-json\/wp\/v2\/comments?post=5160"}],"version-history":[{"count":0,"href":"https:\/\/noticiasdestaque.com.br\/index.php\/wp-json\/wp\/v2\/posts\/5160\/revisions"}],"wp:featuredmedia":[{"embeddable":true,"href":"https:\/\/noticiasdestaque.com.br\/index.php\/wp-json\/wp\/v2\/media\/5161"}],"wp:attachment":[{"href":"https:\/\/noticiasdestaque.com.br\/index.php\/wp-json\/wp\/v2\/media?parent=5160"}],"wp:term":[{"taxonomy":"category","embeddable":true,"href":"https:\/\/noticiasdestaque.com.br\/index.php\/wp-json\/wp\/v2\/categories?post=5160"},{"taxonomy":"post_tag","embeddable":true,"href":"https:\/\/noticiasdestaque.com.br\/index.php\/wp-json\/wp\/v2\/tags?post=5160"}],"curies":[{"name":"wp","href":"https:\/\/api.w.org\/{rel}","templated":true}]}}