{"id":51599,"date":"2026-04-19T04:10:00","date_gmt":"2026-04-19T07:10:00","guid":{"rendered":"https:\/\/noticiasdestaque.com.br\/index.php\/2026\/04\/19\/orcamento-familiar-norte-e-nordeste-lideram-comprometimento-da-renda-no-pais-aponta-serasa-2\/"},"modified":"2026-04-19T04:10:00","modified_gmt":"2026-04-19T07:10:00","slug":"orcamento-familiar-norte-e-nordeste-lideram-comprometimento-da-renda-no-pais-aponta-serasa-2","status":"publish","type":"post","link":"https:\/\/noticiasdestaque.com.br\/index.php\/2026\/04\/19\/orcamento-familiar-norte-e-nordeste-lideram-comprometimento-da-renda-no-pais-aponta-serasa-2\/","title":{"rendered":"Or\u00e7amento familiar: Norte e Nordeste lideram comprometimento da renda no pa\u00eds, aponta Serasa"},"content":{"rendered":"<p>\t\t\t\t\t\t\t\t\t\t\t<audio controls class=\"b61_audio_player\" data-noticia=\"89011\" src=\"https:\/\/brasil61.com\/rails\/active_storage\/blobs\/eyJfcmFpbHMiOnsibWVzc2FnZSI6IkJBaHBBMUFXQkE9PSIsImV4cCI6bnVsbCwicHVyIjoiYmxvYl9pZCJ9fQ==--37f55f2a5861ca94121808131feaf316c2cd4b02\/BRAS2616278A\"><\/audio><\/p>\n<p><strong>O or\u00e7amento das fam\u00edlias brasileiras sofre press\u00f5es diferentes conforme a localiza\u00e7\u00e3o geogr\u00e1fica<\/strong>. Levantamento da <a href=\"https:\/\/www.serasaexperian.com.br\/\" target=\"_blank\">Serasa Experian<\/a> revela que, em 2025, os consumidores da <strong>Regi\u00e3o Norte<\/strong> comprometeram, em m\u00e9dia,<strong> 80,5% da renda com despesas financeiras<\/strong> <strong>gerais <\/strong>\u2014 que incluem d\u00edvidas, contas b\u00e1sicas e outros gastos essenciais.<\/p>\n<p>O <strong>Nordeste <\/strong>aparece logo em seguida, com <strong>78%<\/strong> do or\u00e7amento comprometido, seguido pelo <strong>Centro-Oeste<\/strong>, com <strong>74,7%<\/strong>. J\u00e1 as regi\u00f5es <strong>Sudeste e Sul<\/strong> apresentam os menores \u00edndices \u2014 <strong>72,7% e 71,9%<\/strong>, respectivamente \u2014 indicando um f\u00f4lego financeiro relativamente maior para as fam\u00edlias dessas localidades.<\/p>\n<p>A diferen\u00e7a est\u00e1 diretamente <strong>relacionada ao n\u00edvel de renda m\u00e9dia regional<\/strong>. O <strong>Sudeste <\/strong>lidera com renda m\u00e9dia de <strong>R$ 4.448<\/strong>, seguido pelo <strong>Sul (R$ 4.308) <\/strong>e pelo <strong>Centro-Oeste (R$ 4.296)<\/strong>. Na sequ\u00eancia aparecem o <strong>Norte<\/strong>, com renda m\u00e9dia de<strong> R$ 3.018<\/strong>, e o <strong>Nordeste<\/strong>, que registra o menor valor do pa\u00eds:<strong> R$ 2.821<\/strong>. A dist\u00e2ncia entre a <strong>maior e a menor m\u00e9dia<\/strong> regional chega a <strong>R$ 1.627<\/strong>.<\/p>\n<p>Na pr\u00e1tica, isso significa que <strong>moradores de regi\u00f5es com menor renda precisam destinar uma parcela maior do or\u00e7amento ao pagamento de despesas financeiras<\/strong>, o que <strong>reduz a margem dispon\u00edvel para consumo, poupan\u00e7a e gastos com imprevistos<\/strong>.<\/p>\n<p>Em nota, a economista-chefe da Serasa Experian, <strong>Camila Abdelmalack<\/strong>, destaca o impacto dessa baixa folga financeira no cotidiano das fam\u00edlias. \u201cCom t\u00e3o pouca renda dispon\u00edvel ap\u00f3s pagar despesas financeiras, cresce a dificuldade de absorver imprevistos, planejar compras maiores ou acessar cr\u00e9dito em condi\u00e7\u00f5es mais favor\u00e1veis\u201d, alerta.<\/p>\n<h2>Press\u00e3o persistente ao longo dos anos<\/h2>\n<p>A an\u00e1lise da s\u00e9rie hist\u00f3rica indica que o comprometimento da renda das fam\u00edlias brasileiras permanece elevado <strong>desde 2022<\/strong>.\u00a0<\/p>\n<ul>\n<li><strong>Norte<\/strong>: passou de 81,9% para 80,5%<\/li>\n<li><strong>Nordeste<\/strong>: de 79,4% para 78,0%<\/li>\n<li><strong>Centro-Oeste<\/strong>: de 75,3% para 74,7%<\/li>\n<li><strong>Sudeste<\/strong>: de 73,4% para 72,7%\u00a0<\/li>\n<li><strong>Sul<\/strong>: de 73,2% para 71,9%<\/li>\n<\/ul>\n<p>No mesmo intervalo, a renda m\u00e9dia do consumidor cresceu em todas as regi\u00f5es, mas de forma desigual.<\/p>\n<ul>\n<li><strong>Sudeste<\/strong>: avan\u00e7ou de R$ 4.227 para R$ 4.448, <strong>crescimento de 5,23%<\/strong><\/li>\n<li><strong>Sul<\/strong>: de R$ 4.075 para R$ 4.308 (<strong>+5,72%<\/strong>)<\/li>\n<li><strong>Centro-Oeste<\/strong>:\u00a0de R$ 4.096 para R$ 4.296 (<strong>+4,88%<\/strong>)<\/li>\n<li><strong>Norte<\/strong>: de R$ 3.007 para R$ 3.018 (<strong>+0,37%<\/strong>)<\/li>\n<li><strong>Nordeste<\/strong>: de R$ 2.766 para R$ 2.821 (<strong>+1,99%<\/strong>)<\/li>\n<\/ul>\n<p>Segundo o vice-presidente de cr\u00e9dito e plataformas da Serasa Experian, <strong>Eduardo M\u00f4naco<\/strong>, o crescimento desigual da renda, aliado ao alto n\u00edvel de comprometimento financeiro, evidencia desafios estruturais que ainda atingem parte significativa da popula\u00e7\u00e3o brasileira.<\/p>\n<p>\u201cEsse cen\u00e1rio exige <strong>modelos de cr\u00e9dito cada vez mais precisos e respons\u00e1veis<\/strong>, baseados em intelig\u00eancia de dados, para apoiar decis\u00f5es alinhadas \u00e0<strong> realidade financeira de cada regi\u00e3o<\/strong>\u201d, afirma em nota.<\/p>\n<p>O estudo foi elaborado com base na nova vers\u00e3o 5.0 da Solu\u00e7\u00e3o Renda da Serasa Experian, que re\u00fane informa\u00e7\u00f5es sobre renda m\u00e9dia, origem da fonte de renda do consumidor e n\u00edvel de comprometimento com despesas financeiras gerais.<\/p>\n<p><strong>VEJA MAIS:<\/strong><\/p>\n<ul>\n<li><a href=\"https:\/\/brasil61.com\/n\/brasil-tem-recorde-de-familias-endividadas-e-mais-contas-em-atraso-revela-pesquisa-da-cnc-bras2616203\" target=\"_blank\">Brasil tem recorde de fam\u00edlias endividadas e mais contas em atraso, revela pesquisa da CNC<\/a><\/li>\n<li><a href=\"https:\/\/brasil61.com\/n\/vendas-de-pascoa-devem-chegar-a-r-3-57-bilhoes-e-bater-recorde-em-2026-bras2616177\" target=\"_blank\">Vendas de P\u00e1scoa devem chegar a R$ 3,57 bilh\u00f5es e bater recorde em 2026<\/a><\/li>\n<\/ul>\n<p>\t\t\t\t\t\t\t\t\t\t<img loading=\"lazy\" decoding=\"async\" src=\"https:\/\/brasil61.com\/api\/v1\/serve_pixel\/17677\/89011\" alt=\"Pixel Brasil 61\" class=\"b61_pixel\" width=\"0\" height=\"0\"><\/p>\n<input type=\"hidden\" id=\"baseurl\" value=\"https:\/\/noticiasdestaque.com.br\"><input type=\"hidden\" id=\"audio_nonce\" value=\"9fd43fe80e\">","protected":false},"excerpt":{"rendered":"<p>Levantamento mostra que despesas financeiras consomem at\u00e9 80,5% do or\u00e7amento nessas regi\u00f5es, onde a renda m\u00e9dia \u00e9 menor<\/p>\n","protected":false},"author":1,"featured_media":51600,"comment_status":"open","ping_status":"open","sticky":false,"template":"","format":"standard","meta":{"fifu_image_url":"","fifu_image_alt":"","footnotes":""},"categories":[59],"tags":[],"class_list":["post-51599","post","type-post","status-publish","format-standard","has-post-thumbnail","hentry","category-economia"],"distributor_meta":false,"distributor_terms":false,"distributor_media":false,"distributor_original_site_name":"Noticias em Destaque","distributor_original_site_url":"https:\/\/noticiasdestaque.com.br","push-errors":false,"_links":{"self":[{"href":"https:\/\/noticiasdestaque.com.br\/index.php\/wp-json\/wp\/v2\/posts\/51599","targetHints":{"allow":["GET"]}}],"collection":[{"href":"https:\/\/noticiasdestaque.com.br\/index.php\/wp-json\/wp\/v2\/posts"}],"about":[{"href":"https:\/\/noticiasdestaque.com.br\/index.php\/wp-json\/wp\/v2\/types\/post"}],"author":[{"embeddable":true,"href":"https:\/\/noticiasdestaque.com.br\/index.php\/wp-json\/wp\/v2\/users\/1"}],"replies":[{"embeddable":true,"href":"https:\/\/noticiasdestaque.com.br\/index.php\/wp-json\/wp\/v2\/comments?post=51599"}],"version-history":[{"count":0,"href":"https:\/\/noticiasdestaque.com.br\/index.php\/wp-json\/wp\/v2\/posts\/51599\/revisions"}],"wp:featuredmedia":[{"embeddable":true,"href":"https:\/\/noticiasdestaque.com.br\/index.php\/wp-json\/wp\/v2\/media\/51600"}],"wp:attachment":[{"href":"https:\/\/noticiasdestaque.com.br\/index.php\/wp-json\/wp\/v2\/media?parent=51599"}],"wp:term":[{"taxonomy":"category","embeddable":true,"href":"https:\/\/noticiasdestaque.com.br\/index.php\/wp-json\/wp\/v2\/categories?post=51599"},{"taxonomy":"post_tag","embeddable":true,"href":"https:\/\/noticiasdestaque.com.br\/index.php\/wp-json\/wp\/v2\/tags?post=51599"}],"curies":[{"name":"wp","href":"https:\/\/api.w.org\/{rel}","templated":true}]}}