{"id":51585,"date":"2026-04-18T04:05:00","date_gmt":"2026-04-18T07:05:00","guid":{"rendered":"https:\/\/noticiasdestaque.com.br\/index.php\/2026\/04\/18\/economia-brasileira-deve-crescer-2-em-2026-projeta-cni\/"},"modified":"2026-04-18T04:05:00","modified_gmt":"2026-04-18T07:05:00","slug":"economia-brasileira-deve-crescer-2-em-2026-projeta-cni","status":"publish","type":"post","link":"https:\/\/noticiasdestaque.com.br\/index.php\/2026\/04\/18\/economia-brasileira-deve-crescer-2-em-2026-projeta-cni\/","title":{"rendered":"Economia brasileira deve crescer 2% em 2026, projeta CNI"},"content":{"rendered":"<p>\t\t\t\t\t\t\t\t\t\t\t<audio controls class=\"b61_audio_player\" data-noticia=\"88998\" src=\"https:\/\/brasil61.com\/rails\/active_storage\/blobs\/eyJfcmFpbHMiOnsibWVzc2FnZSI6IkJBaHBBeTBXQkE9PSIsImV4cCI6bnVsbCwicHVyIjoiYmxvYl9pZCJ9fQ==--5b9fd312ab9fc865b419fc97a593cb6df8605c50\/PIND264736A\"><\/audio><\/p>\n<p>A proje\u00e7\u00e3o de <strong>crescimento do Produto Interno Bruto (PIB) brasileiro aumentou de 1,8% para 2%<\/strong> em 2026, segundo o <em><a href=\"https:\/\/static.portaldaindustria.com.br\/portaldaindustria\/noticias\/media\/filer_public\/c9\/0c\/c90c0844-47dd-4a95-94de-d239707c5a49\/informe_conjuntural_-_1o_trimestre_2026.pdf\" target=\"_blank\">Informe Conjuntural do 1\u00ba Trimestre<\/a><\/em>, divulgado nesta sexta-feira (17) pela <a href=\"https:\/\/cni.portaldaindustria.com.br\/home\" target=\"_blank\">Confedera\u00e7\u00e3o Nacional da Ind\u00fastria (CNI)<\/a>.<\/p>\n<p>A expectativa de <strong>crescimento da ind\u00fastria<\/strong> tamb\u00e9m foi revista para cima, passando de<strong> 1,1% para 1,6%<\/strong> neste ano.<\/p>\n<p>Al\u00e9m da ind\u00fastria, outros setores tiveram suas<strong> estimativas elevadas<\/strong> em rela\u00e7\u00e3o ao trimestre encerrado em dezembro do ano passado:<\/p>\n<ul>\n<li><strong>Servi\u00e7os<\/strong>: de 1,9% para 2,1%<\/li>\n<li><strong>Agropecu\u00e1ria<\/strong>: de 0% para 1,1%<\/li>\n<\/ul>\n<p>O diretor de Economia da CNI, <strong>M\u00e1rio S\u00e9rgio Telles<\/strong>, avalia que a revis\u00e3o das proje\u00e7\u00f5es se deve a tr\u00eas fatores.<\/p>\n<p>\u201cPrimeiro, tivemos um <strong>desempenho mais positivo<\/strong> do que o esperado para a<strong> ind\u00fastria extrativa<\/strong>. Tanto a produ\u00e7\u00e3o de petr\u00f3leo e de min\u00e9rio de ferro quanto o pre\u00e7o do petr\u00f3leo est\u00e3o subindo este ano. O segundo fator foi a sistem\u00e1tica <strong>eleva\u00e7\u00e3o da previs\u00e3o da safra agr\u00edcola<\/strong>. E o \u00faltimo fator \u00e9 um<strong> desempenho melhor no setor de servi\u00e7os<\/strong>\u201d, explica.<\/p>\n<p>A melhoria nas proje\u00e7\u00f5es para o setor de servi\u00e7os est\u00e1 associada ao <strong>aumento do rendimento dos trabalhadores<\/strong>, \u00e0 <strong>expans\u00e3o dos gastos p\u00fablicos<\/strong> e ao <strong>crescimento da renda dispon\u00edvel <\/strong>\u2014 influenciado, entre outros fatores, pela isen\u00e7\u00e3o do Imposto de Renda para quem ganha at\u00e9 R$ 5 mil. Por outro lado, o elevado <strong>endividamento das fam\u00edlias pode limitar o ritmo de crescimento <\/strong>do setor.<\/p>\n<h2>Desequil\u00edbrio entre consumo e investimento preocupa<\/h2>\n<p>O relat\u00f3rio aponta que o <strong>desempenho acima do esperado da atividade econ\u00f4mica nos primeiros meses de 2026 <\/strong>tamb\u00e9m contribuiu para a revis\u00e3o positiva do PIB. No entanto, a qualidade desse crescimento preocupa, devido ao <strong>desequil\u00edbrio entre consumo e investimento<\/strong>.<\/p>\n<p>A proje\u00e7\u00e3o indica que o<strong> consumo das fam\u00edlias deve crescer 2% <\/strong>em 2026, uma alta de <strong>0,7 ponto percentual <\/strong>em rela\u00e7\u00e3o ao ritmo observado no ano passado. Esse avan\u00e7o \u00e9 impulsionado por est\u00edmulos fiscais, amplia\u00e7\u00e3o da faixa de isen\u00e7\u00e3o do Imposto de Renda e crescimento da massa salarial.<\/p>\n<p>J\u00e1 os <strong>investimentos devem crescer apenas 0,6%<\/strong>, desacelerando em rela\u00e7\u00e3o aos 2,9% registrados em 2025. O desempenho mais fraco reflete os efeitos dos juros elevados e do endividamento das empresas.<\/p>\n<p>\u201c\u00c9 um tipo de <strong>crescimento que n\u00e3o se sustenta<\/strong>. Se n\u00f3s n\u00e3o tivermos aumento dos investimentos para gerar mais oferta no futuro e cobrir esse n\u00edvel maior de consumo, n\u00f3s vamos ter que travar ainda mais o ritmo de crescimento\u201d, explica Telles.<\/p>\n<p>Apesar da revis\u00e3o para cima, a proje\u00e7\u00e3o de crescimento de 2% do PIB ainda \u00e9 inferior aos <strong>2,3% registrados em 2025<\/strong>. A desacelera\u00e7\u00e3o est\u00e1 relacionada principalmente \u00e0 perda de f\u00f4lego de setores que sustentaram a expans\u00e3o recente, especialmente a <strong>agropecu\u00e1ria e a ind\u00fastria extrativa<\/strong>.<\/p>\n<h2>Mercado de trabalho seguir\u00e1 aquecido<\/h2>\n<p>Mesmo com a perda de ritmo da economia em rela\u00e7\u00e3o ao ano passado, o mercado de trabalho deve continuar aquecido ao longo do ano. A CNI projeta uma alta de <strong>1%<\/strong> <strong>da popula\u00e7\u00e3o ocupada<\/strong>, com a<strong> taxa de desemprego encerrando 2026 em 5,2%<\/strong>.<\/p>\n<p>Outro dado relevante \u00e9 que, apesar da modera\u00e7\u00e3o da atividade econ\u00f4mica e do enfraquecimento do cr\u00e9dito, os <strong>pre\u00e7os ligados aos servi\u00e7os n\u00e3o est\u00e3o caindo <\/strong>e h\u00e1 uma <strong>piora das expectativas de infla\u00e7\u00e3o para 2026 e 2027<\/strong>.<\/p>\n<h2>Cen\u00e1rio internacional pode pressionar juros<\/h2>\n<p>O<strong> cen\u00e1rio internacional e os riscos geopol\u00edticos<\/strong> tamb\u00e9m podem impactar os pre\u00e7os internos. Nesse cen\u00e1rio, a taxa b\u00e1sica de juros (<strong>Selic<\/strong>) deve encerrar o ano em <strong>12,75%<\/strong>, acima da previs\u00e3o anterior de <strong>12%<\/strong>. Consequentemente, as concess\u00f5es de cr\u00e9dito devem crescer<strong> 2,2%<\/strong>, abaixo dos <strong>3,2%<\/strong> <strong>registrados em 2025<\/strong>.<\/p>\n<p>No com\u00e9rcio exterior, a CNI projeta crescimento de <strong>1,1% no valor das exporta\u00e7\u00f5es brasileiras<\/strong>, que devem atingir<strong> US$ 354,3 bilh\u00f5es<\/strong>. O resultado \u00e9 impulsionado pela alta nos pre\u00e7os das commodities, pela melhoria no acesso ao mercado norte-americano \u2014 ap\u00f3s a redu\u00e7\u00e3o de parte das tarifas de importa\u00e7\u00e3o \u2014 e pela recupera\u00e7\u00e3o da demanda argentina.<\/p>\n<p>J\u00e1 as <strong>importa\u00e7\u00f5es devem cair 3,2%<\/strong>, totalizando <strong>US$ 281,5 bilh\u00f5es<\/strong>, refletindo a menor atividade industrial interna. Com isso, a <strong>balan\u00e7a comercial brasileira<\/strong> deve registrar <strong>super\u00e1vit de US$ 72,8 bilh\u00f5es<\/strong>.<\/p>\n<h2>Gastos e endividamento do governo devem subir<\/h2>\n<p>A CNI projeta que as<strong> despesas do governo federal devem crescer 4,4% acima da infla\u00e7\u00e3o em 2026<\/strong>, ante alta de <strong>3,4% em 2025<\/strong>. O aumento \u00e9 impulsionado pelo maior est\u00edmulo fiscal \u00e0 economia, em especial por meio das transfer\u00eancias de renda, como previd\u00eancia, Bolsa Fam\u00edlia e Benef\u00edcio de Presta\u00e7\u00e3o Continuada (BPC).<\/p>\n<p>A <strong>arrecada\u00e7\u00e3o federal tamb\u00e9m deve aumentar<\/strong>, com crescimento real estimado em <strong>5,4%<\/strong>. O avan\u00e7o est\u00e1 ligado \u00e0 reonera\u00e7\u00e3o da folha de pagamentos, ao crescimento da massa salarial e \u00e0 valoriza\u00e7\u00e3o do petr\u00f3leo, que amplia receitas relacionadas \u00e0 explora\u00e7\u00e3o de recursos naturais.<\/p>\n<p>Apesar disso, o governo federal deve encerrar o ano com <strong>d\u00e9ficit de R$ 61,3 bilh\u00f5es (0,5% do PIB)<\/strong>. Sem considerar os gastos exclu\u00eddos do c\u00e1lculo da meta fiscal, a estimativa \u00e9 de <strong>super\u00e1vit de R$ 2 bilh\u00f5es<\/strong>, equivalente a<strong> 0% do PIB<\/strong>.<\/p>\n<p>Os sucessivos d\u00e9ficits e o elevado n\u00edvel de juros devem elevar o <strong>endividamento p\u00fablico para 82,2% do PIB<\/strong>, ante<strong> 78,6% em 2025<\/strong>.<\/p>\n<p>Confira todos os dados do<strong> Informe Conjuntural do 1\u00ba Trimestre 2026<\/strong> no <a href=\"https:\/\/www.portaldaindustria.com.br\/publicacoes\/2022\/7\/informe-conjuntural\/?utm_source=jor&amp;utm_medium=comunique&amp;utm_campaign=release&amp;utm_content=texto-fixo\" target=\"_blank\">site da CNI<\/a>.<\/p>\n<p><strong>VEJA MAIS:<\/strong><\/p>\n<ul>\n<li><a href=\"https:\/\/brasil61.com\/n\/cni-mobiliza-congresso-para-ampliar-debate-sobre-reducao-da-jornada-de-trabalho-pind264734\" target=\"_blank\">CNI mobiliza Congresso para ampliar debate sobre redu\u00e7\u00e3o da jornada de trabalho<\/a><\/li>\n<li><a href=\"https:\/\/brasil61.com\/n\/quase-170-cidades-do-interior-figuram-entre-as-que-recebem-receita-orcamentaria-acima-de-r-1-bilhao-bras2616240\" target=\"_blank\">Quase 170 cidades do interior figuram entre as que recebem receita or\u00e7ament\u00e1ria acima de R$ 1 bilh\u00e3o<\/a><\/li>\n<\/ul>\n<p>\t\t\t\t\t\t\t\t\t\t<img loading=\"lazy\" decoding=\"async\" src=\"https:\/\/brasil61.com\/api\/v1\/serve_pixel\/17677\/88998\" alt=\"Pixel Brasil 61\" class=\"b61_pixel\" width=\"0\" height=\"0\"><\/p>\n<input type=\"hidden\" id=\"baseurl\" value=\"https:\/\/noticiasdestaque.com.br\"><input type=\"hidden\" id=\"audio_nonce\" value=\"9fd43fe80e\">","protected":false},"excerpt":{"rendered":"<p>Nova estimativa supera previs\u00e3o anterior de 1,8% e \u00e9 impulsionada pela ind\u00fastria extrativa, servi\u00e7os e eleva\u00e7\u00e3o da safra agr\u00edcola<\/p>\n","protected":false},"author":1,"featured_media":51586,"comment_status":"open","ping_status":"open","sticky":false,"template":"","format":"standard","meta":{"fifu_image_url":"","fifu_image_alt":"","footnotes":""},"categories":[59],"tags":[],"class_list":["post-51585","post","type-post","status-publish","format-standard","has-post-thumbnail","hentry","category-economia"],"distributor_meta":false,"distributor_terms":false,"distributor_media":false,"distributor_original_site_name":"Noticias em Destaque","distributor_original_site_url":"https:\/\/noticiasdestaque.com.br","push-errors":false,"_links":{"self":[{"href":"https:\/\/noticiasdestaque.com.br\/index.php\/wp-json\/wp\/v2\/posts\/51585","targetHints":{"allow":["GET"]}}],"collection":[{"href":"https:\/\/noticiasdestaque.com.br\/index.php\/wp-json\/wp\/v2\/posts"}],"about":[{"href":"https:\/\/noticiasdestaque.com.br\/index.php\/wp-json\/wp\/v2\/types\/post"}],"author":[{"embeddable":true,"href":"https:\/\/noticiasdestaque.com.br\/index.php\/wp-json\/wp\/v2\/users\/1"}],"replies":[{"embeddable":true,"href":"https:\/\/noticiasdestaque.com.br\/index.php\/wp-json\/wp\/v2\/comments?post=51585"}],"version-history":[{"count":0,"href":"https:\/\/noticiasdestaque.com.br\/index.php\/wp-json\/wp\/v2\/posts\/51585\/revisions"}],"wp:featuredmedia":[{"embeddable":true,"href":"https:\/\/noticiasdestaque.com.br\/index.php\/wp-json\/wp\/v2\/media\/51586"}],"wp:attachment":[{"href":"https:\/\/noticiasdestaque.com.br\/index.php\/wp-json\/wp\/v2\/media?parent=51585"}],"wp:term":[{"taxonomy":"category","embeddable":true,"href":"https:\/\/noticiasdestaque.com.br\/index.php\/wp-json\/wp\/v2\/categories?post=51585"},{"taxonomy":"post_tag","embeddable":true,"href":"https:\/\/noticiasdestaque.com.br\/index.php\/wp-json\/wp\/v2\/tags?post=51585"}],"curies":[{"name":"wp","href":"https:\/\/api.w.org\/{rel}","templated":true}]}}