{"id":5158,"date":"2023-02-28T16:56:05","date_gmt":"2023-02-28T19:56:05","guid":{"rendered":"https:\/\/noticiasdestaque.com.br\/index.php\/2023\/02\/28\/mais-de-milhao-de-beneficiarios-serao-excluidos-do-bolsa-familia\/"},"modified":"2023-02-28T16:56:05","modified_gmt":"2023-02-28T19:56:05","slug":"mais-de-milhao-de-beneficiarios-serao-excluidos-do-bolsa-familia","status":"publish","type":"post","link":"https:\/\/noticiasdestaque.com.br\/index.php\/2023\/02\/28\/mais-de-milhao-de-beneficiarios-serao-excluidos-do-bolsa-familia\/","title":{"rendered":"Mais de 1,5 milh\u00e3o de benefici\u00e1rios ser\u00e3o exclu\u00eddos do Bolsa Fam\u00edlia"},"content":{"rendered":"<style> bloco.meta {font-style: italic; color: #666;font-weight: 600;font-size: .8em; \/* line-height: .3em; *\/}  text h2 { font-weight: 700 !important;  color: #062f46 !important;} text img { width: none; left: none;}<\/style>\n<\/p>\n<p>Mais de 1,5 milh\u00e3o de benefici\u00e1rios que recebem o Bolsa Fam\u00edlia irregularmente ser\u00e3o exclu\u00eddos do programa social em mar\u00e7o, anunciou hoje (24) o ministro do Desenvolvimento e Assist\u00eancia Social, Fam\u00edlia e Combate \u00e0 Fome (MDS), Wellington Dias. Segundo o ministro, mais 700 mil fam\u00edlias com direito ao benef\u00edcio ser\u00e3o inclu\u00eddas no programa.<\/p>\n<p>De acordo com o ministro, os benefici\u00e1rios que deixar\u00e3o de receber o Bolsa Fam\u00edlia t\u00eam renda acima do limite legal para o programa. Do total de 1,5 milh\u00e3o de pessoas, informou o ministro, existem cerca de 400 mil cadastros unipessoais (fam\u00edlias de apenas um membro).<\/p>\n<p>Ao mesmo tempo em que exclui benefici\u00e1rios em situa\u00e7\u00e3o irregular, o minist\u00e9rio incluir\u00e1 cerca de 700 mil fam\u00edlias em mar\u00e7o. De acordo com o ministro essas pessoas cumprem os requisitos para receberem o Bolsa Fam\u00edlia, mas n\u00e3o conseguiam ser alcan\u00e7adas, o que exigiu do governo a busca ativa dos participantes.<\/p>\n<p>\u201cCom a busca ativa e a rede do Sistema \u00danico de Assist\u00eancia Social, que \u00e9 muito preparada e muito competente, n\u00f3s temos condi\u00e7\u00f5es agora de trazer tamb\u00e9m para o recebimento quem tem o direito e estava na fila, estava fora\u201d, destacou o ministro em nota enviada pela pasta.<\/p>\n<h2>Revis\u00e3o<\/h2>\n<p>Outra ferramenta para reduzir os pagamentos indevidos de benef\u00edcios, ressaltou o ministro, s\u00e3o os pedidos volunt\u00e1rios de exclus\u00e3o do Cadastro \u00danico para Programas Sociais do Governo Federal (Cad\u00danico). Segundo o ministro, at\u00e9 a manh\u00e3 de hoje, 2.265 pessoas com cadastro unipessoal pediram para ser retiradas do programa. A funcionalidade est\u00e1 dispon\u00edvel no aplicativo do Cad\u00danico.<\/p>\n<p>At\u00e9 o fim deste ano, o governo revisar\u00e1 o cadastro de 5 milh\u00f5es de fam\u00edlias que se declaram unipessoais e recebem o Bolsa Fam\u00edlia. De mar\u00e7o a dezembro, as pessoas ser\u00e3o chamadas para a revis\u00e3o, sem necessidade de irem \u00e0s unidades de atendimento da assist\u00eancia social. O governo tamb\u00e9m far\u00e1 uma campanha de utilidade p\u00fablica para esclarecer a popula\u00e7\u00e3o sobre as regras e os crit\u00e9rios de acesso aos programas e \u00e0s pol\u00edticas sociais.<\/p>\n<p>Ferramenta de identifica\u00e7\u00e3o das fam\u00edlias brasileiras de baixa renda, o Cad\u00danico \u00e9 administrado pelo Sistema \u00danico de Assist\u00eancia Social. A partir da inscri\u00e7\u00e3o na ferramenta, a popula\u00e7\u00e3o vulner\u00e1vel pode acessar programas como Tarifa Social de Energia El\u00e9trica, Minha Casa Minha Vida e Benef\u00edcio de Presta\u00e7\u00e3o Continuada (BPC), entre outros.<\/p>\n<p>Com a retirada de parte dos benefici\u00e1rios em situa\u00e7\u00e3o irregular, o governo deve come\u00e7ar a pagar em mar\u00e7o o adicional de R$ 150 do Bolsa Fam\u00edlia para as fam\u00edlias com crian\u00e7as de at\u00e9 6 anos. A Emenda Constitucional da Transi\u00e7\u00e3o, aprovada no fim do ano passado, assegurou recursos para o benef\u00edcio complementar.<\/p>\n<p class=\"alt-font font-italic my-2 small text-info\">\n                                                Edi\u00e7\u00e3o:   N\u00e1dia Franco                    <\/p>\n<p>            <!-- blog End --><\/p>\n<p>            <!-- tag and share --><\/p>\n<p> Fonte: EBC <\/p>\n<input type=\"hidden\" id=\"baseurl\" value=\"https:\/\/noticiasdestaque.com.br\"><input type=\"hidden\" id=\"audio_nonce\" value=\"eb7638fb71\">","protected":false},"excerpt":{"rendered":"<p>Ministro anuncia inclus\u00e3o de mais 700 mil fam\u00edlias no programa<\/p>\n","protected":false},"author":1,"featured_media":5159,"comment_status":"open","ping_status":"open","sticky":false,"template":"","format":"standard","meta":{"fifu_image_url":"","fifu_image_alt":"","footnotes":""},"categories":[59],"tags":[],"class_list":["post-5158","post","type-post","status-publish","format-standard","has-post-thumbnail","hentry","category-economia"],"distributor_meta":false,"distributor_terms":false,"distributor_media":false,"distributor_original_site_name":"Portal de Recupera\u00e7\u00e3o","distributor_original_site_url":"https:\/\/portalderecuperacao.com","push-errors":false,"_links":{"self":[{"href":"https:\/\/noticiasdestaque.com.br\/index.php\/wp-json\/wp\/v2\/posts\/5158","targetHints":{"allow":["GET"]}}],"collection":[{"href":"https:\/\/noticiasdestaque.com.br\/index.php\/wp-json\/wp\/v2\/posts"}],"about":[{"href":"https:\/\/noticiasdestaque.com.br\/index.php\/wp-json\/wp\/v2\/types\/post"}],"author":[{"embeddable":true,"href":"https:\/\/noticiasdestaque.com.br\/index.php\/wp-json\/wp\/v2\/users\/1"}],"replies":[{"embeddable":true,"href":"https:\/\/noticiasdestaque.com.br\/index.php\/wp-json\/wp\/v2\/comments?post=5158"}],"version-history":[{"count":0,"href":"https:\/\/noticiasdestaque.com.br\/index.php\/wp-json\/wp\/v2\/posts\/5158\/revisions"}],"wp:featuredmedia":[{"embeddable":true,"href":"https:\/\/noticiasdestaque.com.br\/index.php\/wp-json\/wp\/v2\/media\/5159"}],"wp:attachment":[{"href":"https:\/\/noticiasdestaque.com.br\/index.php\/wp-json\/wp\/v2\/media?parent=5158"}],"wp:term":[{"taxonomy":"category","embeddable":true,"href":"https:\/\/noticiasdestaque.com.br\/index.php\/wp-json\/wp\/v2\/categories?post=5158"},{"taxonomy":"post_tag","embeddable":true,"href":"https:\/\/noticiasdestaque.com.br\/index.php\/wp-json\/wp\/v2\/tags?post=5158"}],"curies":[{"name":"wp","href":"https:\/\/api.w.org\/{rel}","templated":true}]}}