{"id":51559,"date":"2026-04-16T18:40:00","date_gmt":"2026-04-16T21:40:00","guid":{"rendered":"https:\/\/noticiasdestaque.com.br\/index.php\/2026\/04\/16\/previsao-do-tempo-chuvas-na-porcao-norte-da-regiao-sul-nesta-sexta-feira-17\/"},"modified":"2026-04-16T18:40:00","modified_gmt":"2026-04-16T21:40:00","slug":"previsao-do-tempo-chuvas-na-porcao-norte-da-regiao-sul-nesta-sexta-feira-17","status":"publish","type":"post","link":"https:\/\/noticiasdestaque.com.br\/index.php\/2026\/04\/16\/previsao-do-tempo-chuvas-na-porcao-norte-da-regiao-sul-nesta-sexta-feira-17\/","title":{"rendered":"PREVIS\u00c3O DO TEMPO: chuvas na por\u00e7\u00e3o norte da Regi\u00e3o Sul nesta sexta-feira (17)"},"content":{"rendered":"<p>\t\t\t\t\t\t\t\t\t\t\t<audio controls class=\"b61_audio_player\" data-noticia=\"88960\" src=\"https:\/\/brasil61.com\/rails\/active_storage\/blobs\/eyJfcmFpbHMiOnsibWVzc2FnZSI6IkJBaHBBM1lWQkE9PSIsImV4cCI6bnVsbCwicHVyIjoiYmxvYl9pZCJ9fQ==--b3b7fe18e5763841d2965d8ca27fa98a895f7c98\/PTRS264290A\"><\/audio><\/p>\n<p>A <b>previs\u00e3o do tempo <\/b>para o <b>Sul<\/b> do pa\u00eds, nesta <b>sexta-feira (17)<\/b>, indica c\u00e9u de <b>muitas<\/b> <b>nuvens e chuvas de diferentes intensidades <\/b>para a por\u00e7\u00e3o centro-norte da regi\u00e3o ao longo do dia, <b>mais intensas <\/b>no Paran\u00e1 e em Santa Catarina.<\/p>\n<p>Pela <b>manh\u00e3<\/b>, a previs\u00e3o \u00e9 de <b>muitas<\/b> <b>nuvens<\/b> para toda a regi\u00e3o e<b> chuvas isoladas <\/b>para o centro-oeste do Paran\u00e1.<\/p>\n<p>Durante a <b>tarde<\/b>, as <b>chuvas tomam <\/b>todo o estado paranaense, Santa Catarina e extremo-nordeste do Rio Grande do Sul, <b>mais intensas <\/b>na coluna central do Paran\u00e1 e no centro-nordeste catarinense.<\/p>\n<p>\u00c0 <b>noite<\/b>, as <b>chuvas deixam<\/b> o Rio Grande do Sul e o sul de Santa Catarina, enquanto as <b>pancadas de chuva se restringem<\/b> \u00e0 faixa central do Paran\u00e1 e extremo-nordeste catarinense.<\/p>\n<p>O <b>Instituto Nacional de Meteorologia<\/b> (<a href=\"https:\/\/portal.inmet.gov.br\/\">Inmet<\/a>) emitiu alerta de<b> perigo potencial de vendaval<\/b> para o sudeste do Rio Grande do Sul.<\/p>\n<p>Entre as <b>capitais<\/b>, a <b>temperatura m\u00ednima <\/b>prevista \u00e9 de <b>17\u00b0C<\/b>, em <b>Curitiba<\/b>. J\u00e1 a <b>m\u00e1xima<\/b> pode chegar at\u00e9 <b>28\u00b0C<\/b>, tamb\u00e9m em <b>Curitiba<\/b>. A <b>umidade relativa do ar<\/b> varia entre <b>40%<\/b> e <b>95%<\/b>.<\/p>\n<h2>5 motivos para acompanhar as previs\u00f5es do tempo<\/h2>\n<ul>\n<li>Agricultura: garantia de uma boa colheita;<\/li>\n<li>Marinha: prote\u00e7\u00e3o de marinheiros, navios e passageiros;<\/li>\n<li>Aeron\u00e1utica: seguran\u00e7a de pilotos, aeronaves e passageiros;<\/li>\n<li>Pesca: condi\u00e7\u00f5es favor\u00e1veis e seguras para a atividade;<\/li>\n<li>Turismo: garantia de passeios e viagens tranquilas e agrad\u00e1veis.<\/li>\n<\/ul>\n<h2>Import\u00e2ncia das observa\u00e7\u00f5es meteorol\u00f3gicas no INMET<\/h2>\n<p>As observa\u00e7\u00f5es meteorol\u00f3gicas do INMET s\u00e3o essenciais para previs\u00f5es em tempo real, estat\u00edsticas clim\u00e1ticas e coopera\u00e7\u00e3o internacional. Esses dados precisos ajudam a estudar o clima passado e a produzir Normais Climatol\u00f3gicas conforme a Organiza\u00e7\u00e3o Meteorol\u00f3gica Mundial (<a href=\"https:\/\/worldweather.wmo.int\/pt\/home.html\">OMM<\/a>).<\/p>\n<p>As informa\u00e7\u00f5es s\u00e3o do Instituto Nacional de Meteorologia (<a href=\"https:\/\/portal.inmet.gov.br\">Inmet<\/a>).<\/p>\n<p>\t\t\t\t\t\t\t\t\t\t<img loading=\"lazy\" decoding=\"async\" src=\"https:\/\/brasil61.com\/api\/v1\/serve_pixel\/17677\/88960\" alt=\"Pixel Brasil 61\" class=\"b61_pixel\" width=\"0\" height=\"0\"><\/p>\n<input type=\"hidden\" id=\"baseurl\" value=\"https:\/\/noticiasdestaque.com.br\"><input type=\"hidden\" id=\"audio_nonce\" value=\"eb7638fb71\">","protected":false},"excerpt":{"rendered":"<p>A maior parte do RS deve escapar \u00e0s precipita\u00e7\u00f5es durante o dia; temperaturas variam entre 17\u00b0C e 28\u00b0C<\/p>\n","protected":false},"author":1,"featured_media":51560,"comment_status":"open","ping_status":"open","sticky":false,"template":"","format":"standard","meta":{"fifu_image_url":"","fifu_image_alt":"","footnotes":""},"categories":[58],"tags":[],"class_list":["post-51559","post","type-post","status-publish","format-standard","has-post-thumbnail","hentry","category-cotidiano"],"distributor_meta":false,"distributor_terms":false,"distributor_media":false,"distributor_original_site_name":"Noticias em Destaque","distributor_original_site_url":"https:\/\/noticiasdestaque.com.br","push-errors":false,"_links":{"self":[{"href":"https:\/\/noticiasdestaque.com.br\/index.php\/wp-json\/wp\/v2\/posts\/51559","targetHints":{"allow":["GET"]}}],"collection":[{"href":"https:\/\/noticiasdestaque.com.br\/index.php\/wp-json\/wp\/v2\/posts"}],"about":[{"href":"https:\/\/noticiasdestaque.com.br\/index.php\/wp-json\/wp\/v2\/types\/post"}],"author":[{"embeddable":true,"href":"https:\/\/noticiasdestaque.com.br\/index.php\/wp-json\/wp\/v2\/users\/1"}],"replies":[{"embeddable":true,"href":"https:\/\/noticiasdestaque.com.br\/index.php\/wp-json\/wp\/v2\/comments?post=51559"}],"version-history":[{"count":0,"href":"https:\/\/noticiasdestaque.com.br\/index.php\/wp-json\/wp\/v2\/posts\/51559\/revisions"}],"wp:featuredmedia":[{"embeddable":true,"href":"https:\/\/noticiasdestaque.com.br\/index.php\/wp-json\/wp\/v2\/media\/51560"}],"wp:attachment":[{"href":"https:\/\/noticiasdestaque.com.br\/index.php\/wp-json\/wp\/v2\/media?parent=51559"}],"wp:term":[{"taxonomy":"category","embeddable":true,"href":"https:\/\/noticiasdestaque.com.br\/index.php\/wp-json\/wp\/v2\/categories?post=51559"},{"taxonomy":"post_tag","embeddable":true,"href":"https:\/\/noticiasdestaque.com.br\/index.php\/wp-json\/wp\/v2\/tags?post=51559"}],"curies":[{"name":"wp","href":"https:\/\/api.w.org\/{rel}","templated":true}]}}