{"id":51555,"date":"2026-04-16T18:20:00","date_gmt":"2026-04-16T21:20:00","guid":{"rendered":"https:\/\/noticiasdestaque.com.br\/index.php\/2026\/04\/16\/previsao-do-tempo-sexta-feira-17-de-poucas-chuvas-no-sul-do-sudeste\/"},"modified":"2026-04-16T18:20:00","modified_gmt":"2026-04-16T21:20:00","slug":"previsao-do-tempo-sexta-feira-17-de-poucas-chuvas-no-sul-do-sudeste","status":"publish","type":"post","link":"https:\/\/noticiasdestaque.com.br\/index.php\/2026\/04\/16\/previsao-do-tempo-sexta-feira-17-de-poucas-chuvas-no-sul-do-sudeste\/","title":{"rendered":"PREVIS\u00c3O DO TEMPO: sexta-feira (17) de poucas chuvas no sul do Sudeste"},"content":{"rendered":"<p>\t\t\t\t\t\t\t\t\t\t\t<audio controls class=\"b61_audio_player\" data-noticia=\"88959\" src=\"https:\/\/brasil61.com\/rails\/active_storage\/blobs\/eyJfcmFpbHMiOnsibWVzc2FnZSI6IkJBaHBBM2dWQkE9PSIsImV4cCI6bnVsbCwicHVyIjoiYmxvYl9pZCJ9fQ==--bee3a0998c23f1817ef8cb44451eaf4a7e4df714\/PTSD264408A\"><\/audio><\/p>\n<p>A <b>previs\u00e3o do tempo<\/b> para a <b>Regi\u00e3o Sudeste<\/b> do pa\u00eds, nesta <b>sexta-feira (17)<\/b>, \u00e9 de c\u00e9u de <b>poucas<\/b> <b>nuvens<\/b> para a maior parte da regi\u00e3o e <b>poucas chuvas isoladas <\/b>para extremidades de Minas Gerais e de S\u00e3o Paulo, <b>mais presentes <\/b>a partir da <b>tarde<\/b>.<\/p>\n<p>Pela <b>manh\u00e3<\/b>, a previs\u00e3o \u00e9 de c\u00e9u de <b>poucas<\/b> <b>nuvens<\/b> para quase toda a regi\u00e3o e <b>possibilidade de chuvas isoladas<\/b> para o extremo-sudoeste de S\u00e3o Paulo e extremo-oeste de Minas Gerais.<\/p>\n<p>Durante a <b>tarde<\/b>, a <b>possibilidade de chuvas isoladas deixa <\/b>o extremo-oeste de Minas Gerais e <b>toma<\/b> parte maior do extremo-sudoeste paulista e o extremo-sul do estado.<\/p>\n<p>\u00c0 <b>noite<\/b>, as <b>chuvas isoladas se restringem <\/b>a uma por\u00e7\u00e3o maior do extremo-sul paulista e ao extremo-sudoeste do estado, na divisa com o Mato Grosso do Sul e o Paran\u00e1.<\/p>\n<p>Entre as <b>capitais<\/b>, a <b>temperatura<\/b> <b>m\u00ednima<\/b> prevista \u00e9 de <b>15\u00b0C<\/b> em <b>Belo Horizonte<\/b>. J\u00e1 a <b>m\u00e1xima<\/b> pode chegar at\u00e9 <b>33\u00b0C<\/b>, no<b> Rio de Janeiro<\/b>. A <b>umidade relativa do ar <\/b>varia entre <b>35%<\/b> e <b>95%<\/b>.<\/p>\n<h2>5 motivos para acompanhar as previs\u00f5es do tempo<\/h2>\n<ul>\n<li>Agricultura: garantia de uma boa colheita;<\/li>\n<li>Marinha: prote\u00e7\u00e3o de marinheiros, navios e passageiros;<\/li>\n<li>Aeron\u00e1utica: seguran\u00e7a de pilotos, aeronaves e passageiros;<\/li>\n<li>Pesca: condi\u00e7\u00f5es favor\u00e1veis e seguras para a atividade;<\/li>\n<li>Turismo: garantia de passeios e viagens tranquilas e agrad\u00e1veis.<\/li>\n<\/ul>\n<p>\u00a0<\/p>\n<h2>Import\u00e2ncia das observa\u00e7\u00f5es meteorol\u00f3gicas no INMET<\/h2>\n<p>As observa\u00e7\u00f5es meteorol\u00f3gicas do INMET s\u00e3o essenciais para previs\u00f5es em tempo real, estat\u00edsticas clim\u00e1ticas e coopera\u00e7\u00e3o internacional. Esses dados precisos ajudam a estudar o clima passado e a produzir Normais Climatol\u00f3gicas conforme a Organiza\u00e7\u00e3o Meteorol\u00f3gica Mundial (<a href=\"https:\/\/worldweather.wmo.int\/pt\/home.html\">OMM<\/a>).<\/p>\n<p>As informa\u00e7\u00f5es s\u00e3o do Instituto Nacional de Meteorologia (<a href=\"https:\/\/portal.inmet.gov.br\">Inmet<\/a>).<\/p>\n<p>\t\t\t\t\t\t\t\t\t\t<img loading=\"lazy\" decoding=\"async\" src=\"https:\/\/brasil61.com\/api\/v1\/serve_pixel\/17677\/88959\" alt=\"Pixel Brasil 61\" class=\"b61_pixel\" width=\"0\" height=\"0\"><\/p>\n<input type=\"hidden\" id=\"baseurl\" value=\"https:\/\/noticiasdestaque.com.br\"><input type=\"hidden\" id=\"audio_nonce\" value=\"eb7638fb71\">","protected":false},"excerpt":{"rendered":"<p>Precipita\u00e7\u00f5es devem se concentrar no sul de SP; temperaturas variam entre 15\u00b0C e 33\u00b0C<\/p>\n","protected":false},"author":1,"featured_media":51556,"comment_status":"open","ping_status":"open","sticky":false,"template":"","format":"standard","meta":{"fifu_image_url":"","fifu_image_alt":"","footnotes":""},"categories":[58],"tags":[],"class_list":["post-51555","post","type-post","status-publish","format-standard","has-post-thumbnail","hentry","category-cotidiano"],"distributor_meta":false,"distributor_terms":false,"distributor_media":false,"distributor_original_site_name":"Noticias em Destaque","distributor_original_site_url":"https:\/\/noticiasdestaque.com.br","push-errors":false,"_links":{"self":[{"href":"https:\/\/noticiasdestaque.com.br\/index.php\/wp-json\/wp\/v2\/posts\/51555","targetHints":{"allow":["GET"]}}],"collection":[{"href":"https:\/\/noticiasdestaque.com.br\/index.php\/wp-json\/wp\/v2\/posts"}],"about":[{"href":"https:\/\/noticiasdestaque.com.br\/index.php\/wp-json\/wp\/v2\/types\/post"}],"author":[{"embeddable":true,"href":"https:\/\/noticiasdestaque.com.br\/index.php\/wp-json\/wp\/v2\/users\/1"}],"replies":[{"embeddable":true,"href":"https:\/\/noticiasdestaque.com.br\/index.php\/wp-json\/wp\/v2\/comments?post=51555"}],"version-history":[{"count":0,"href":"https:\/\/noticiasdestaque.com.br\/index.php\/wp-json\/wp\/v2\/posts\/51555\/revisions"}],"wp:featuredmedia":[{"embeddable":true,"href":"https:\/\/noticiasdestaque.com.br\/index.php\/wp-json\/wp\/v2\/media\/51556"}],"wp:attachment":[{"href":"https:\/\/noticiasdestaque.com.br\/index.php\/wp-json\/wp\/v2\/media?parent=51555"}],"wp:term":[{"taxonomy":"category","embeddable":true,"href":"https:\/\/noticiasdestaque.com.br\/index.php\/wp-json\/wp\/v2\/categories?post=51555"},{"taxonomy":"post_tag","embeddable":true,"href":"https:\/\/noticiasdestaque.com.br\/index.php\/wp-json\/wp\/v2\/tags?post=51555"}],"curies":[{"name":"wp","href":"https:\/\/api.w.org\/{rel}","templated":true}]}}