{"id":51515,"date":"2026-04-15T04:55:00","date_gmt":"2026-04-15T07:55:00","guid":{"rendered":"https:\/\/noticiasdestaque.com.br\/index.php\/2026\/04\/15\/simples-nacional-defasagem-da-tabela-prejudica-competitividade-apontam-representantes-do-setor\/"},"modified":"2026-04-15T04:55:00","modified_gmt":"2026-04-15T07:55:00","slug":"simples-nacional-defasagem-da-tabela-prejudica-competitividade-apontam-representantes-do-setor","status":"publish","type":"post","link":"https:\/\/noticiasdestaque.com.br\/index.php\/2026\/04\/15\/simples-nacional-defasagem-da-tabela-prejudica-competitividade-apontam-representantes-do-setor\/","title":{"rendered":"Simples Nacional: defasagem da tabela prejudica competitividade, apontam representantes do setor"},"content":{"rendered":"<p>\t\t\t\t\t\t\t\t\t\t\t<audio controls class=\"b61_audio_player\" data-noticia=\"88925\" src=\"https:\/\/brasil61.com\/rails\/active_storage\/blobs\/eyJfcmFpbHMiOnsibWVzc2FnZSI6IkJBaHBBeXNVQkE9PSIsImV4cCI6bnVsbCwicHVyIjoiYmxvYl9pZCJ9fQ==--437d9ccebd0f584e8bfd1d024c9ee3c6a85a5da9\/CACB260151A\"><\/audio><\/p>\n<p>O Projeto de Lei Complementar (<a href=\"https:\/\/www.camara.leg.br\/proposicoesWeb\/fichadetramitacao?idProposicao=2295251\" target=\"_blank\">PLP 108\/21<\/a>), que atualiza o <strong>limite de receita bruta anual para enquadramento como Microempreendedor Individual (MEI) para at\u00e9 R$ 130 mil, teve o regime de urg\u00eancia aprovado na C\u00e2mara e pode ser votado a qualquer momento na Casa<\/strong>. Diante da expectativa de aprova\u00e7\u00e3o da mat\u00e9ria, parlamentares e representantes do setor destacam a import\u00e2ncia do Simples Nacional para os pequenos empres\u00e1rios e afirmam que a defasagem da tabela prejudica a competitividade.<\/p>\n<p>A atualiza\u00e7\u00e3o da tabela do <a href=\"https:\/\/www8.receita.fazenda.gov.br\/simplesnacional\/\" target=\"_blank\">Simples Nacional<\/a> \u00e9 uma pauta priorit\u00e1ria para entidades empresariais. A <a href=\"https:\/\/cacb.org.br\/\" target=\"_blank\">Confedera\u00e7\u00e3o das Associa\u00e7\u00f5es Comerciais e Empresariais do Brasil (CACB) <\/a>defende a <strong>eleva\u00e7\u00e3o do teto anual do MEI para R$ 144,9 mil<\/strong>. A CACB tamb\u00e9m requer a corre\u00e7\u00e3o das demais faixas de enquadramento do regime tribut\u00e1rio:<strong> microempresas, de R$ 360 mil para R$ 869,4 mil; e empresas de pequeno porte, de R$ 4,8 milh\u00f5es para R$ 8,69 milh\u00f5es.<\/strong><\/p>\n<p>Conforme estimativas da confedera\u00e7\u00e3o, a medida proposta pela entidade vai <strong>corrigir o valor do teto em 83%, e pode gerar 869 mil empregos. O impacto deve ser sentido, ainda, com a inje\u00e7\u00e3o de R$ 81,2 bilh\u00f5es na economia.\u00a0<\/strong><\/p>\n<p>O presidente da CACB, da Federa\u00e7\u00e3o das Associa\u00e7\u00f5es Comerciais do Estado de S\u00e3o Paulo (FACESP) e da Associa\u00e7\u00e3o Comercial de SP (ACSP), <strong>Alfredo Cotait Neto, ressalta que a atualiza\u00e7\u00e3o \u00e9 relevante para evitar que empresas abandonem o regime simplificado ou migrem para a informalidade.<\/strong><\/p>\n<p>\u201cO que n\u00f3s precisamos \u00e9 conscientizar os nossos pol\u00edticos da import\u00e2ncia da aprova\u00e7\u00e3o do aumento do limite do Simples Nacional, pelo menos para o MEI, o microempreendedor individual, e para o micro e a microempresa. Sem isso, as empresas ou v\u00e3o mudar o seu regime ou v\u00e3o para informalidade\u201d, diz Cotait.<\/p>\n<p>Para o presidente da Federa\u00e7\u00e3o das Associa\u00e7\u00f5es Comerciais e Empresariais do Tocantins (FACIET), Fabiano do Vale, a <strong>corre\u00e7\u00e3o dos limites do Simples Nacional deve contribuir para o crescimento das pequenas empresas brasileiras.<\/strong><\/p>\n<p>\u201cA partir do momento em que o faturamento cresce, a infla\u00e7\u00e3o do ano cresce, e essa tabela n\u00e3o \u00e9 corrigida, faz com que o micro e pequeno empres\u00e1rio pague mais, por qu\u00ea? Porque ele passa a faturar mais e cresce o valor percentual de pagamento; ent\u00e3o essa corre\u00e7\u00e3o \u00e9 necess\u00e1ria\u201d, destaca Fabiano.\u00a0<\/p>\n<p>O presidente da FACIET avalia, ainda, que a corre\u00e7\u00e3o dos limites \u00e9 crucial para garantir o faturamento das empresas.<\/p>\n<p>\u201cEssa corre\u00e7\u00e3o \u00e9 extremamente necess\u00e1ria at\u00e9 para que a empresa tenha f\u00f4lego de crescimento, principalmente a infla\u00e7\u00e3o nacional, no m\u00ednimo, tinha que ter subido isso anual. Estamos com uma defasagem muito grande. \u00c9 muito importante esse ajuste para as micro e pequenas empresas, para que elas consigam faturar e um dia, quem sabe, sair do Simples. Mas enquanto n\u00e3o tem essa condi\u00e7\u00e3o, a tabela tem que ter repasse de aumento, para que a empresa consiga crescer e n\u00e3o aumente o seu percentual de pagamento\u201d, salienta o presidente da FACIET.<\/p>\n<h2>Defasagem compromete competitividade<\/h2>\n<p>O Simples Nacional foi desenvolvido para simplificar o pagamento de tributos e estimular o empreendedorismo. O regime re\u00fane diversos impostos em uma \u00fanica guia. Atualmente, \u00e9 o principal regime tribut\u00e1rio aplicado aos pequenos neg\u00f3cios no pa\u00eds.<\/p>\n<p><strong>Confira como s\u00e3o organizados os limites de faturamento hoje:<\/strong><\/p>\n<ul>\n<li>R$ 81 mil por ano para o Microempreendedor Individual (MEI);<\/li>\n<li>R$ 360 mil para microempresas (ME);<\/li>\n<li>R$ 4,8 milh\u00f5es para empresas de pequeno porte (EPP).<\/li>\n<\/ul>\n<p>As faixas n\u00e3o s\u00e3o atualizadas h\u00e1 cerca de sete anos. Segundo representantes do setor produtivo, a defasagem n\u00e3o acompanha a infla\u00e7\u00e3o acumulada no per\u00edodo.\u00a0<\/p>\n<p>O deputado federal Tiago Dimas (PODE-TO) salienta que o Simples Nacional foi preservado pela Reforma Tribut\u00e1ria. No entanto, o parlamentar avalia que a<strong> defasagem da tabela prejudica a competitividade de pequenos empres\u00e1rios.<\/strong><\/p>\n<p>\u201cPara quem acorda cedo e gera emprego, a Reforma Tribut\u00e1ria traz um ponto de aten\u00e7\u00e3o essencial. A boa not\u00edcia \u00e9 que n\u00f3s garantimos que o Simples Nacional fosse preservado nesta lei. Por\u00e9m, como empres\u00e1rio, eu sei que na pr\u00e1tica isso \u00e9 diferente. Essa nova regra traz um desafio de competitividade. O sistema foca muito na gera\u00e7\u00e3o de cr\u00e9dito tribut\u00e1rio e o mercado pode acabar pressionando a pequena empresa a sair parcialmente do Simples para n\u00e3o perder clientes para os fornecedores maiores\u201d, pontua o deputado.<\/p>\n<h2>Congresso Nacional<\/h2>\n<p>A altera\u00e7\u00e3o dos limites de receita para o MEI foi apresentada e aprovada no Senado Federal em 2021. O texto tramita h\u00e1 quase cinco anos nas comiss\u00f5es da C\u00e2mara.\u00a0<\/p>\n<p>A deputada Bia Kicis (PL-DF) apresentou o <a href=\"https:\/\/www.camara.leg.br\/proposicoesWeb\/fichadetramitacao?idProposicao=2398003\" target=\"_blank\">requerimento n\u00ba 3624\/2023<\/a> para solicitar a urg\u00eancia da an\u00e1lise da proposta, com vistas a acelerar a tramita\u00e7\u00e3o.<\/p>\n<p>As regras atuais, fixadas em 2018, preveem para o MEI faturamento m\u00e1ximo de R$ 81 mil e a possibilidade de contrata\u00e7\u00e3o de apenas um empregado. Al\u00e9m de atualizar os limites para enquadramento no MEI, a proposta em an\u00e1lise autoriza que os empreendedores contratem at\u00e9 dois empregados.\u00a0<\/p>\n<p>Com a <strong>urg\u00eancia aprovada na C\u00e2mara<\/strong>, o texto segue diretamente para an\u00e1lise do Plen\u00e1rio, sem precisar tramitar previamente pelas comiss\u00f5es da Casa.\u00a0<\/p>\n<h2>Simples Nacional<\/h2>\n<p>O Simples Nacional foi criado para simplificar o pagamento de tributos e estimular o empreendedorismo. O regime re\u00fane diversos impostos em uma \u00fanica guia. Hoje, \u00e9 o principal regime tribut\u00e1rio aplicado aos pequenos neg\u00f3cios no Brasil.<\/p>\n<p>Em contrapartida, com a defasagem dos limites somada a uma infla\u00e7\u00e3o acumulada de 46,6% desde 2019, representantes do setor produtivo alertam que a falta de corre\u00e7\u00e3o dos valores pressiona a renda dos empreendedores e desincentiva a atividade, prejudicando a competitividade.\u00a0<br \/>\n\u00a0<\/p>\n<p>\t\t\t\t\t\t\t\t\t\t<img loading=\"lazy\" decoding=\"async\" src=\"https:\/\/brasil61.com\/api\/v1\/serve_pixel\/17677\/88925\" alt=\"Pixel Brasil 61\" class=\"b61_pixel\" width=\"0\" height=\"0\"><\/p>\n<input type=\"hidden\" id=\"baseurl\" value=\"https:\/\/noticiasdestaque.com.br\"><input type=\"hidden\" id=\"audio_nonce\" value=\"62ca87eee3\">","protected":false},"excerpt":{"rendered":"<p>Deputado federal Tiago Dimas (PODE-TO) e Fabiano do Vale, presidente da Federa\u00e7\u00e3o das Associa\u00e7\u00f5es Comerciais e Empresariais do Tocantins (FACIET) destacam import\u00e2ncia do sistema para os pequenos empres\u00e1rios e o papel da atualiza\u00e7\u00e3o dos limites<\/p>\n","protected":false},"author":1,"featured_media":51516,"comment_status":"open","ping_status":"open","sticky":false,"template":"","format":"standard","meta":{"fifu_image_url":"","fifu_image_alt":"","footnotes":""},"categories":[59],"tags":[],"class_list":["post-51515","post","type-post","status-publish","format-standard","has-post-thumbnail","hentry","category-economia"],"distributor_meta":false,"distributor_terms":false,"distributor_media":false,"distributor_original_site_name":"Noticias em Destaque","distributor_original_site_url":"https:\/\/noticiasdestaque.com.br","push-errors":false,"_links":{"self":[{"href":"https:\/\/noticiasdestaque.com.br\/index.php\/wp-json\/wp\/v2\/posts\/51515","targetHints":{"allow":["GET"]}}],"collection":[{"href":"https:\/\/noticiasdestaque.com.br\/index.php\/wp-json\/wp\/v2\/posts"}],"about":[{"href":"https:\/\/noticiasdestaque.com.br\/index.php\/wp-json\/wp\/v2\/types\/post"}],"author":[{"embeddable":true,"href":"https:\/\/noticiasdestaque.com.br\/index.php\/wp-json\/wp\/v2\/users\/1"}],"replies":[{"embeddable":true,"href":"https:\/\/noticiasdestaque.com.br\/index.php\/wp-json\/wp\/v2\/comments?post=51515"}],"version-history":[{"count":0,"href":"https:\/\/noticiasdestaque.com.br\/index.php\/wp-json\/wp\/v2\/posts\/51515\/revisions"}],"wp:featuredmedia":[{"embeddable":true,"href":"https:\/\/noticiasdestaque.com.br\/index.php\/wp-json\/wp\/v2\/media\/51516"}],"wp:attachment":[{"href":"https:\/\/noticiasdestaque.com.br\/index.php\/wp-json\/wp\/v2\/media?parent=51515"}],"wp:term":[{"taxonomy":"category","embeddable":true,"href":"https:\/\/noticiasdestaque.com.br\/index.php\/wp-json\/wp\/v2\/categories?post=51515"},{"taxonomy":"post_tag","embeddable":true,"href":"https:\/\/noticiasdestaque.com.br\/index.php\/wp-json\/wp\/v2\/tags?post=51515"}],"curies":[{"name":"wp","href":"https:\/\/api.w.org\/{rel}","templated":true}]}}