{"id":51498,"date":"2026-04-14T18:40:00","date_gmt":"2026-04-14T21:40:00","guid":{"rendered":"https:\/\/noticiasdestaque.com.br\/index.php\/2026\/04\/14\/previsao-do-tempo-chuvas-intensas-no-oeste-da-regiao-sul-nesta-quarta-feira-15\/"},"modified":"2026-04-14T18:40:00","modified_gmt":"2026-04-14T21:40:00","slug":"previsao-do-tempo-chuvas-intensas-no-oeste-da-regiao-sul-nesta-quarta-feira-15","status":"publish","type":"post","link":"https:\/\/noticiasdestaque.com.br\/index.php\/2026\/04\/14\/previsao-do-tempo-chuvas-intensas-no-oeste-da-regiao-sul-nesta-quarta-feira-15\/","title":{"rendered":"PREVIS\u00c3O DO TEMPO: chuvas intensas no oeste da Regi\u00e3o Sul nesta quarta-feira (15)"},"content":{"rendered":"<p>\t\t\t\t\t\t\t\t\t\t\t<audio controls class=\"b61_audio_player\" data-noticia=\"88918\" src=\"https:\/\/brasil61.com\/rails\/active_storage\/blobs\/eyJfcmFpbHMiOnsibWVzc2FnZSI6IkJBaHBBd29VQkE9PSIsImV4cCI6bnVsbCwicHVyIjoiYmxvYl9pZCJ9fQ==--e844b605aa7aacda863447ac18a3ac3377e3fecd\/PTRS264288A\"><\/audio><\/p>\n<p>A <b>previs\u00e3o do tempo <\/b>para o <b>Sul<\/b> do pa\u00eds, nesta <b>quarta-feira (15)<\/b>, indica c\u00e9u de <b>muitas<\/b> <b>nuvens <\/b>para toda a regi\u00e3o e <b>chuvas de diferentes intensidades <\/b>para o centro-oeste dos tr\u00eas estados ao longo do dia, mais intensas de <b>manh\u00e3<\/b> e \u00e0 <b>noite<\/b>.<\/p>\n<p>Pela <b>manh\u00e3<\/b>, a previs\u00e3o \u00e9 de <b>muitas<\/b> <b>nuvens<\/b> para toda a regi\u00e3o e <b>possibilidade de chuvas isoladas <\/b>para o centro-oeste dos tr\u00eas estados. As <b>chuvas devem amanhecer mais intensas e acompanhadas de trovoadas<\/b> nas por\u00e7\u00f5es oeste dos tr\u00eas estados.<\/p>\n<p>Durante a <b>tarde<\/b>, as <b>pancadas de chuva tomam<\/b> todo o centro-oeste do Rio Grande do Sul, mas as <b>trovoadas deixam a regi\u00e3o<\/b>.<\/p>\n<p>\u00c0 <b>noite<\/b>, <b>chuvas isoladas tomam <\/b>o litoral de Santa Catarina e o extremo-norte do litoral ga\u00facho. As <b>pancadas de chuva se mant\u00eam <\/b>sobre as mesmas \u00e1reas, mas as <b>trovoadas voltam a tomar <\/b>o oeste do Paran\u00e1 e de Santa Catarina e o centro-oeste do Rio Grande do Sul.<\/p>\n<p>O <b>Instituto Nacional de Meteorologia<\/b> (<a href=\"https:\/\/portal.inmet.gov.br\/\">Inmet<\/a>) emitiu alerta de<b> perigo potencial de tempestade<\/b> para todo o Rio Grande do Sul, centro-oeste de Santa Catarina e oeste do Paran\u00e1, al\u00e9m de alerta de<b> perigo de tempestade<\/b> para o centro-sul ga\u00facho, extremo-oeste de Santa Catarina e extremo-sudoeste do Paran\u00e1.<\/p>\n<p>Entre as <b>capitais<\/b>, a <b>temperatura m\u00ednima <\/b>prevista \u00e9 de <b>16\u00b0C<\/b>, em <b>Curitiba<\/b>. J\u00e1 a <b>m\u00e1xima<\/b> pode chegar at\u00e9 <b>32\u00b0C<\/b>, em <b>Porto Alegre<\/b>. A <b>umidade relativa do ar<\/b> varia entre <b>40%<\/b> e <b>100%<\/b>.<\/p>\n<h2>5 motivos para acompanhar as previs\u00f5es do tempo<\/h2>\n<ul>\n<li>Agricultura: garantia de uma boa colheita;<\/li>\n<li>Marinha: prote\u00e7\u00e3o de marinheiros, navios e passageiros;<\/li>\n<li>Aeron\u00e1utica: seguran\u00e7a de pilotos, aeronaves e passageiros;<\/li>\n<li>Pesca: condi\u00e7\u00f5es favor\u00e1veis e seguras para a atividade;<\/li>\n<li>Turismo: garantia de passeios e viagens tranquilas e agrad\u00e1veis.<\/li>\n<\/ul>\n<h2>Import\u00e2ncia das observa\u00e7\u00f5es meteorol\u00f3gicas no INMET<\/h2>\n<p>As observa\u00e7\u00f5es meteorol\u00f3gicas do INMET s\u00e3o essenciais para previs\u00f5es em tempo real, estat\u00edsticas clim\u00e1ticas e coopera\u00e7\u00e3o internacional. Esses dados precisos ajudam a estudar o clima passado e a produzir Normais Climatol\u00f3gicas conforme a Organiza\u00e7\u00e3o Meteorol\u00f3gica Mundial (<a href=\"https:\/\/worldweather.wmo.int\/pt\/home.html\">OMM<\/a>).<\/p>\n<p>As informa\u00e7\u00f5es s\u00e3o do Instituto Nacional de Meteorologia (<a href=\"https:\/\/portal.inmet.gov.br\">Inmet<\/a>).<\/p>\n<p>\t\t\t\t\t\t\t\t\t\t<img loading=\"lazy\" decoding=\"async\" src=\"https:\/\/brasil61.com\/api\/v1\/serve_pixel\/17677\/88918\" alt=\"Pixel Brasil 61\" class=\"b61_pixel\" width=\"0\" height=\"0\"><\/p>\n<input type=\"hidden\" id=\"baseurl\" value=\"https:\/\/noticiasdestaque.com.br\"><input type=\"hidden\" id=\"audio_nonce\" value=\"9fd43fe80e\">","protected":false},"excerpt":{"rendered":"<p>Entre as capitais, a temperatura m\u00ednima prevista \u00e9 de 16\u00b0C, em Curitiba. J\u00e1 a m\u00e1xima pode chegar at\u00e9 32\u00b0C, em Porto Alegre<\/p>\n","protected":false},"author":1,"featured_media":51499,"comment_status":"open","ping_status":"open","sticky":false,"template":"","format":"standard","meta":{"fifu_image_url":"","fifu_image_alt":"","footnotes":""},"categories":[58],"tags":[],"class_list":["post-51498","post","type-post","status-publish","format-standard","has-post-thumbnail","hentry","category-cotidiano"],"distributor_meta":false,"distributor_terms":false,"distributor_media":false,"distributor_original_site_name":"Noticias em Destaque","distributor_original_site_url":"https:\/\/noticiasdestaque.com.br","push-errors":false,"_links":{"self":[{"href":"https:\/\/noticiasdestaque.com.br\/index.php\/wp-json\/wp\/v2\/posts\/51498","targetHints":{"allow":["GET"]}}],"collection":[{"href":"https:\/\/noticiasdestaque.com.br\/index.php\/wp-json\/wp\/v2\/posts"}],"about":[{"href":"https:\/\/noticiasdestaque.com.br\/index.php\/wp-json\/wp\/v2\/types\/post"}],"author":[{"embeddable":true,"href":"https:\/\/noticiasdestaque.com.br\/index.php\/wp-json\/wp\/v2\/users\/1"}],"replies":[{"embeddable":true,"href":"https:\/\/noticiasdestaque.com.br\/index.php\/wp-json\/wp\/v2\/comments?post=51498"}],"version-history":[{"count":0,"href":"https:\/\/noticiasdestaque.com.br\/index.php\/wp-json\/wp\/v2\/posts\/51498\/revisions"}],"wp:featuredmedia":[{"embeddable":true,"href":"https:\/\/noticiasdestaque.com.br\/index.php\/wp-json\/wp\/v2\/media\/51499"}],"wp:attachment":[{"href":"https:\/\/noticiasdestaque.com.br\/index.php\/wp-json\/wp\/v2\/media?parent=51498"}],"wp:term":[{"taxonomy":"category","embeddable":true,"href":"https:\/\/noticiasdestaque.com.br\/index.php\/wp-json\/wp\/v2\/categories?post=51498"},{"taxonomy":"post_tag","embeddable":true,"href":"https:\/\/noticiasdestaque.com.br\/index.php\/wp-json\/wp\/v2\/tags?post=51498"}],"curies":[{"name":"wp","href":"https:\/\/api.w.org\/{rel}","templated":true}]}}