{"id":51468,"date":"2026-04-13T18:20:00","date_gmt":"2026-04-13T21:20:00","guid":{"rendered":"https:\/\/noticiasdestaque.com.br\/index.php\/2026\/04\/13\/previsao-do-tempo-terca-feira-14-de-ceu-aberto-no-sudeste\/"},"modified":"2026-04-13T18:20:00","modified_gmt":"2026-04-13T21:20:00","slug":"previsao-do-tempo-terca-feira-14-de-ceu-aberto-no-sudeste","status":"publish","type":"post","link":"https:\/\/noticiasdestaque.com.br\/index.php\/2026\/04\/13\/previsao-do-tempo-terca-feira-14-de-ceu-aberto-no-sudeste\/","title":{"rendered":"PREVIS\u00c3O DO TEMPO: ter\u00e7a-feira (14) de c\u00e9u aberto no Sudeste"},"content":{"rendered":"<p>\t\t\t\t\t\t\t\t\t\t\t<audio controls class=\"b61_audio_player\" data-noticia=\"88897\" src=\"https:\/\/brasil61.com\/rails\/active_storage\/blobs\/eyJfcmFpbHMiOnsibWVzc2FnZSI6IkJBaHBBNU1UQkE9PSIsImV4cCI6bnVsbCwicHVyIjoiYmxvYl9pZCJ9fQ==--37269103b5085e7489483a87ed7c2848959fde27\/PTSD264405A\"><\/audio><\/p>\n<p>A <b>previs\u00e3o do tempo<\/b> para a <b>Regi\u00e3o Sudeste<\/b> do pa\u00eds, nesta <b>ter\u00e7a-feira (14)<\/b>, \u00e9 de c\u00e9u <b>aberto <\/b>e de <b>poucas<\/b> <b>nuvens<\/b> para quase toda a regi\u00e3o ao longo do dia e de\u00a0<b>chuvas isoladas <\/b>para as extremidades de Minas Gerais e de S\u00e3o Paulo<b> <\/b>de <b>manh\u00e3<\/b> e \u00e0 <b>tarde<\/b>.<\/p>\n<p>Pela <b>manh\u00e3<\/b>, a previs\u00e3o \u00e9 de c\u00e9u <b>aberto<\/b> e de <b>poucas<\/b> <b>nuvens<\/b> para quase toda a regi\u00e3o \u2014 \u00e0 exce\u00e7\u00e3o do litoral \u2014 e <b>chuvas isoladas<\/b> para o extremo-nordeste de Minas Gerais, na divisa com a Bahia.<\/p>\n<p>Durante a <b>tarde<\/b>, a regi\u00e3o continua sob c\u00e9u de <b>poucas nuvens e sem chuvas<\/b>, \u00e0 exce\u00e7\u00e3o do extremo-sudoeste de S\u00e3o Paulo, onde h\u00e1 previs\u00e3o de <b>pancadas de chuva isoladas<\/b>.<\/p>\n<p>\u00c0 <b>noite<\/b>, a regi\u00e3o segue sob <b>c\u00e9u aberto e sem chuvas<\/b>.<\/p>\n<p>Entre as <b>capitais<\/b>, a <b>temperatura<\/b> <b>m\u00ednima<\/b> prevista \u00e9 de <b>15\u00b0C<\/b> em <b>Belo Horizonte e S\u00e3o Paulo<\/b>. J\u00e1 a <b>m\u00e1xima<\/b> pode chegar at\u00e9 <b>30\u00b0C<\/b>, no<b> Rio de Janeiro<\/b>. A <b>umidade relativa do ar <\/b>varia entre <b>40%<\/b> e <b>100%<\/b>.<\/p>\n<h2>5 motivos para acompanhar as previs\u00f5es do tempo<\/h2>\n<ul>\n<li>Agricultura: garantia de uma boa colheita;<\/li>\n<li>Marinha: prote\u00e7\u00e3o de marinheiros, navios e passageiros;<\/li>\n<li>Aeron\u00e1utica: seguran\u00e7a de pilotos, aeronaves e passageiros;<\/li>\n<li>Pesca: condi\u00e7\u00f5es favor\u00e1veis e seguras para a atividade;<\/li>\n<li>Turismo: garantia de passeios e viagens tranquilas e agrad\u00e1veis.<\/li>\n<\/ul>\n<p>\u00a0<\/p>\n<h2>Import\u00e2ncia das observa\u00e7\u00f5es meteorol\u00f3gicas no INMET<\/h2>\n<p>As observa\u00e7\u00f5es meteorol\u00f3gicas do INMET s\u00e3o essenciais para previs\u00f5es em tempo real, estat\u00edsticas clim\u00e1ticas e coopera\u00e7\u00e3o internacional. Esses dados precisos ajudam a estudar o clima passado e a produzir Normais Climatol\u00f3gicas conforme a Organiza\u00e7\u00e3o Meteorol\u00f3gica Mundial (<a href=\"https:\/\/worldweather.wmo.int\/pt\/home.html\">OMM<\/a>).<\/p>\n<p>As informa\u00e7\u00f5es s\u00e3o do Instituto Nacional de Meteorologia (<a href=\"https:\/\/portal.inmet.gov.br\">Inmet<\/a>).<\/p>\n<p>\t\t\t\t\t\t\t\t\t\t<img loading=\"lazy\" decoding=\"async\" src=\"https:\/\/brasil61.com\/api\/v1\/serve_pixel\/17677\/88897\" alt=\"Pixel Brasil 61\" class=\"b61_pixel\" width=\"0\" height=\"0\"><\/p>\n<input type=\"hidden\" id=\"baseurl\" value=\"https:\/\/noticiasdestaque.com.br\"><input type=\"hidden\" id=\"audio_nonce\" value=\"9fd43fe80e\">","protected":false},"excerpt":{"rendered":"<p>H\u00e1 previs\u00e3o de c\u00e9u de poucas nuvens para toda a regi\u00e3o e chuvas isoladas para o extremo-oeste de SP \u00e0 tarde; temperaturas variam entre 15\u00b0C e 30\u00b0C<\/p>\n","protected":false},"author":1,"featured_media":51469,"comment_status":"open","ping_status":"open","sticky":false,"template":"","format":"standard","meta":{"fifu_image_url":"","fifu_image_alt":"","footnotes":""},"categories":[58],"tags":[],"class_list":["post-51468","post","type-post","status-publish","format-standard","has-post-thumbnail","hentry","category-cotidiano"],"distributor_meta":false,"distributor_terms":false,"distributor_media":false,"distributor_original_site_name":"Noticias em Destaque","distributor_original_site_url":"https:\/\/noticiasdestaque.com.br","push-errors":false,"_links":{"self":[{"href":"https:\/\/noticiasdestaque.com.br\/index.php\/wp-json\/wp\/v2\/posts\/51468","targetHints":{"allow":["GET"]}}],"collection":[{"href":"https:\/\/noticiasdestaque.com.br\/index.php\/wp-json\/wp\/v2\/posts"}],"about":[{"href":"https:\/\/noticiasdestaque.com.br\/index.php\/wp-json\/wp\/v2\/types\/post"}],"author":[{"embeddable":true,"href":"https:\/\/noticiasdestaque.com.br\/index.php\/wp-json\/wp\/v2\/users\/1"}],"replies":[{"embeddable":true,"href":"https:\/\/noticiasdestaque.com.br\/index.php\/wp-json\/wp\/v2\/comments?post=51468"}],"version-history":[{"count":0,"href":"https:\/\/noticiasdestaque.com.br\/index.php\/wp-json\/wp\/v2\/posts\/51468\/revisions"}],"wp:featuredmedia":[{"embeddable":true,"href":"https:\/\/noticiasdestaque.com.br\/index.php\/wp-json\/wp\/v2\/media\/51469"}],"wp:attachment":[{"href":"https:\/\/noticiasdestaque.com.br\/index.php\/wp-json\/wp\/v2\/media?parent=51468"}],"wp:term":[{"taxonomy":"category","embeddable":true,"href":"https:\/\/noticiasdestaque.com.br\/index.php\/wp-json\/wp\/v2\/categories?post=51468"},{"taxonomy":"post_tag","embeddable":true,"href":"https:\/\/noticiasdestaque.com.br\/index.php\/wp-json\/wp\/v2\/tags?post=51468"}],"curies":[{"name":"wp","href":"https:\/\/api.w.org\/{rel}","templated":true}]}}