{"id":51458,"date":"2026-04-13T04:35:00","date_gmt":"2026-04-13T07:35:00","guid":{"rendered":"https:\/\/noticiasdestaque.com.br\/index.php\/2026\/04\/13\/mais-da-metade-dos-brasileiros-ve-dificuldade-em-conseguir-emprego-no-brasil-segundo-fgv-ibre\/"},"modified":"2026-04-13T04:35:00","modified_gmt":"2026-04-13T07:35:00","slug":"mais-da-metade-dos-brasileiros-ve-dificuldade-em-conseguir-emprego-no-brasil-segundo-fgv-ibre","status":"publish","type":"post","link":"https:\/\/noticiasdestaque.com.br\/index.php\/2026\/04\/13\/mais-da-metade-dos-brasileiros-ve-dificuldade-em-conseguir-emprego-no-brasil-segundo-fgv-ibre\/","title":{"rendered":"Mais da metade dos brasileiros v\u00ea dificuldade em conseguir emprego no Brasil, segundo FGV IBRE"},"content":{"rendered":"<p>\t\t\t\t\t\t\t\t\t\t\t<audio controls class=\"b61_audio_player\" data-noticia=\"88885\" src=\"https:\/\/brasil61.com\/rails\/active_storage\/blobs\/eyJfcmFpbHMiOnsibWVzc2FnZSI6IkJBaHBBK1lTQkE9PSIsImV4cCI6bnVsbCwicHVyIjoiYmxvYl9pZCJ9fQ==--27b2424d779ea50097868671f89cfd1b3b3847a8\/BRAS2616241A\"><\/audio><\/p>\n<p><strong>Mais da metade dos brasileiros sente que est\u00e1 dif\u00edcil ou muito dif\u00edcil conseguir trabalho no pa\u00eds<\/strong>. O n\u00famero \u00e9 resultado da 9\u00aa edi\u00e7\u00e3o dos <a href=\"https:\/\/portalibre.fgv.br\/system\/files\/2026-03\/press-release-sondagem-do-mercado-de-trabalho-ref-fev6-vf_0.pdf\">Indicadores de Qualidade do Trabalho da Sondagem de Mercado de Trabalho do FGV IBRE<\/a>, com dados do trimestre finalizado em fevereiro de 2026, que\u00a0<strong>mostrou que 53,6% dos respondentes percebem a dificuldade em encontrar emprego<\/strong>.<\/p>\n<p>O n\u00famero mostra uma <strong>piora em rela\u00e7\u00e3o ao trimestre finalizado em janeiro<\/strong>, mas o FGV IBRE explica que, devido \u00e0 falta de ajuste por sazonalidade nas s\u00e9ries, <strong>\u00e9 poss\u00edvel que isso se deva ao per\u00edodo do ano<\/strong>.\u00a0<\/p>\n<p>Em rela\u00e7\u00e3o \u00e0s <strong>perspectivas para o mercado de trabalho nos pr\u00f3ximos meses<\/strong>, <strong>34,3% dos respondentes acreditam que a tend\u00eancia \u00e9 que fique pior ou muito pior<\/strong>, enquanto <strong>33% acreditam na tend\u00eancia de que melhore ou melhore muito<\/strong>. Os <strong>32,7% restantes acreditam na manuten\u00e7\u00e3o da estabilidade<\/strong>. O <strong>resultado majoritariamente negativo \u00e9 o maior desde o trimestre m\u00f3vel de outubro de 2025<\/strong>.<\/p>\n<p>Segundo o economista do FGV IBRE Rodolpho Tobler, enquanto os <strong>primeiros resultados da sondagem de 2026 indicavam uma continuidade do aquecimento da economia visto em 2025<\/strong>, mas com uma tend\u00eancia de estabilidade, <strong>os resultados do \u00faltimo m\u00eas mostram uma maior parcela da popula\u00e7\u00e3o acreditando na desacelera\u00e7\u00e3o do ritmo do mercado de trabalho na primeira metade do ano<\/strong>. Ele espera que, dado o cen\u00e1rio macroecon\u00f4mico desafiador e a desacelera\u00e7\u00e3o da economia, a tend\u00eancia seja a de um n\u00famero de vagas menor do que o de 2025, ainda que haja uma possibilidade de ajuste nos indicadores caso a atividade econ\u00f4mica indique um ano mais aquecido.<\/p>\n<p>\u201cOs primeiros resultados do mercado de trabalho em 2026 indicam continuidade do aquecimento visto no ano passado, mas agora com uma tend\u00eancia maior de estabilidade. O resultado desse m\u00eas, mesmo que com cautela pela aus\u00eancia de ajuste sazonal, j\u00e1 indica um percentual mais elevado de pessoas acreditando que o ritmo do mercado de trabalho tende a diminuir nessa primeira metade do ano. Dado o cen\u00e1rio macroecon\u00f4mico desafiador e a desacelera\u00e7\u00e3o da economia, \u00e9 esperado que o n\u00famero de vagas abertas seja inferior ao que foi observado ao longo de 2025. Caso a atividade econ\u00f4mica indique um ano mais aquecido, os dados de mercado de trabalho tendem a se ajustar para cima tamb\u00e9m\u201d, afirma.<\/p>\n<p>Divulgados mensalmente desde julho de 2025, os indicadores sobre a qualidade de emprego no pa\u00eds do FGV IBRE <strong>buscam complementar as informa\u00e7\u00f5es existentes sobre o tema com dados exclusivos, derivados, principalmente, da percep\u00e7\u00e3o do trabalhador brasileiro sobre as condi\u00e7\u00f5es de trabalho no momento<\/strong>. As pesquisas consultam pessoas em todo o territ\u00f3rio nacional, em idade para trabalhar, sobre os temas: <strong>satisfa\u00e7\u00e3o com trabalho; chance de perder emprego e\/ou fonte de renda; prote\u00e7\u00e3o social; renda suficiente; percep\u00e7\u00e3o geral sobre o mercado de trabalho; e expectativa para os pr\u00f3ximos 6 meses do mercado de trabalho em geral<\/strong>.<\/p>\n<p>\u00a0<\/p>\n<p>Com informa\u00e7\u00f5es do FGV IBRE.<\/p>\n<p>\t\t\t\t\t\t\t\t\t\t<img loading=\"lazy\" decoding=\"async\" src=\"https:\/\/brasil61.com\/api\/v1\/serve_pixel\/17677\/88885\" alt=\"Pixel Brasil 61\" class=\"b61_pixel\" width=\"0\" height=\"0\"><\/p>\n<input type=\"hidden\" id=\"baseurl\" value=\"https:\/\/noticiasdestaque.com.br\"><input type=\"hidden\" id=\"audio_nonce\" value=\"9fd43fe80e\">","protected":false},"excerpt":{"rendered":"<p>Em rela\u00e7\u00e3o aos pr\u00f3ximos meses, mais de um ter\u00e7o acredita que a situa\u00e7\u00e3o do mercado de trabalho deve piorar<\/p>\n","protected":false},"author":1,"featured_media":51459,"comment_status":"open","ping_status":"open","sticky":false,"template":"","format":"standard","meta":{"fifu_image_url":"","fifu_image_alt":"","footnotes":""},"categories":[59],"tags":[],"class_list":["post-51458","post","type-post","status-publish","format-standard","has-post-thumbnail","hentry","category-economia"],"distributor_meta":false,"distributor_terms":false,"distributor_media":false,"distributor_original_site_name":"Noticias em Destaque","distributor_original_site_url":"https:\/\/noticiasdestaque.com.br","push-errors":false,"_links":{"self":[{"href":"https:\/\/noticiasdestaque.com.br\/index.php\/wp-json\/wp\/v2\/posts\/51458","targetHints":{"allow":["GET"]}}],"collection":[{"href":"https:\/\/noticiasdestaque.com.br\/index.php\/wp-json\/wp\/v2\/posts"}],"about":[{"href":"https:\/\/noticiasdestaque.com.br\/index.php\/wp-json\/wp\/v2\/types\/post"}],"author":[{"embeddable":true,"href":"https:\/\/noticiasdestaque.com.br\/index.php\/wp-json\/wp\/v2\/users\/1"}],"replies":[{"embeddable":true,"href":"https:\/\/noticiasdestaque.com.br\/index.php\/wp-json\/wp\/v2\/comments?post=51458"}],"version-history":[{"count":0,"href":"https:\/\/noticiasdestaque.com.br\/index.php\/wp-json\/wp\/v2\/posts\/51458\/revisions"}],"wp:featuredmedia":[{"embeddable":true,"href":"https:\/\/noticiasdestaque.com.br\/index.php\/wp-json\/wp\/v2\/media\/51459"}],"wp:attachment":[{"href":"https:\/\/noticiasdestaque.com.br\/index.php\/wp-json\/wp\/v2\/media?parent=51458"}],"wp:term":[{"taxonomy":"category","embeddable":true,"href":"https:\/\/noticiasdestaque.com.br\/index.php\/wp-json\/wp\/v2\/categories?post=51458"},{"taxonomy":"post_tag","embeddable":true,"href":"https:\/\/noticiasdestaque.com.br\/index.php\/wp-json\/wp\/v2\/tags?post=51458"}],"curies":[{"name":"wp","href":"https:\/\/api.w.org\/{rel}","templated":true}]}}