{"id":51438,"date":"2026-04-12T04:10:00","date_gmt":"2026-04-12T07:10:00","guid":{"rendered":"https:\/\/noticiasdestaque.com.br\/index.php\/2026\/04\/12\/governo-amplia-prazo-para-uso-obrigatorio-da-biometria-da-cin-em-beneficios-do-inss\/"},"modified":"2026-04-12T04:10:00","modified_gmt":"2026-04-12T07:10:00","slug":"governo-amplia-prazo-para-uso-obrigatorio-da-biometria-da-cin-em-beneficios-do-inss","status":"publish","type":"post","link":"https:\/\/noticiasdestaque.com.br\/index.php\/2026\/04\/12\/governo-amplia-prazo-para-uso-obrigatorio-da-biometria-da-cin-em-beneficios-do-inss\/","title":{"rendered":"Governo amplia prazo para uso obrigat\u00f3rio da biometria da CIN em benef\u00edcios do INSS"},"content":{"rendered":"<p>\t\t\t\t\t\t\t\t\t\t\t<audio controls class=\"b61_audio_player\" data-noticia=\"88844\" src=\"https:\/\/brasil61.com\/rails\/active_storage\/blobs\/eyJfcmFpbHMiOnsibWVzc2FnZSI6IkJBaHBBMTBTQkE9PSIsImV4cCI6bnVsbCwicHVyIjoiYmxvYl9pZCJ9fQ==--09ffaa50917243d6f2985031f0b219627342c86a\/BRAS2616228A\"><\/audio><\/p>\n<p>O Governo Federal anunciou, na \u00faltima ter\u00e7a-feira (7), a prorroga\u00e7\u00e3o<strong>\u00a0do prazo<\/strong> para que a <strong>biometria da nova Carteira de Identidade Nacional<\/strong> (CIN) <strong>se torne obrigat\u00f3ria no acesso a benef\u00edcios<\/strong> do Instituto Nacional do Seguro Social <strong>(INSS) e outros programas sociais<\/strong>. Com a nova diretriz, a <strong>exig\u00eancia passar\u00e1 a vigorar apenas a partir de 1\u00ba de janeiro de 2027<\/strong>.<\/p>\n<p>A decis\u00e3o, articulada pelo Minist\u00e9rio da Gest\u00e3o e da Inova\u00e7\u00e3o em Servi\u00e7os P\u00fablicos (MGI), <strong>visa garantir uma transi\u00e7\u00e3o suave e assegurar que os cidad\u00e3os tenham tempo suficiente para emitir o novo documento sem o risco de suspens\u00e3o de pagamentos<\/strong>. At\u00e9 a nova data, os atuais m\u00e9todos de identifica\u00e7\u00e3o e prova de vida permanecem v\u00e1lidos.<\/p>\n<p>A integra\u00e7\u00e3o da biometria da CIN \u00e9 vista como um <strong>passo fundamental para refor\u00e7ar a seguran\u00e7a do sistema previdenci\u00e1rio<\/strong>, reduzindo as possibilidades de fraude e facilitando a vida do benefici\u00e1rio, que passar\u00e1 a ter uma <strong>identifica\u00e7\u00e3o digital unificada e mais robusta<\/strong>.<\/p>\n<p>Com informa\u00e7\u00f5es do <a href=\"https:\/\/www.gov.br\/inss\/pt-br\/assuntos\/governo-amplia-prazo-para-uso-obrigatorio-da-biometria-da-cin-em-beneficios-do-inss-e-sociais\">Instituto Nacional do Seguro Social<\/a>.<\/p>\n<p>\t\t\t\t\t\t\t\t\t\t<img loading=\"lazy\" decoding=\"async\" src=\"https:\/\/brasil61.com\/api\/v1\/serve_pixel\/17677\/88844\" alt=\"Pixel Brasil 61\" class=\"b61_pixel\" width=\"0\" height=\"0\"><\/p>\n<input type=\"hidden\" id=\"baseurl\" value=\"https:\/\/noticiasdestaque.com.br\"><input type=\"hidden\" id=\"audio_nonce\" value=\"35cc8f9b14\">","protected":false},"excerpt":{"rendered":"<p>Nova portaria estende at\u00e9 1\u00ba de janeiro de 2027 o prazo para que a Carteira de Identidade Nacional se torne a base de identifica\u00e7\u00e3o na concess\u00e3o e manuten\u00e7\u00e3o de pagamentos<\/p>\n","protected":false},"author":1,"featured_media":51439,"comment_status":"open","ping_status":"open","sticky":false,"template":"","format":"standard","meta":{"fifu_image_url":"","fifu_image_alt":"","footnotes":""},"categories":[50],"tags":[],"class_list":["post-51438","post","type-post","status-publish","format-standard","has-post-thumbnail","hentry","category-politica"],"distributor_meta":false,"distributor_terms":false,"distributor_media":false,"distributor_original_site_name":"Noticias em Destaque","distributor_original_site_url":"https:\/\/noticiasdestaque.com.br","push-errors":false,"_links":{"self":[{"href":"https:\/\/noticiasdestaque.com.br\/index.php\/wp-json\/wp\/v2\/posts\/51438","targetHints":{"allow":["GET"]}}],"collection":[{"href":"https:\/\/noticiasdestaque.com.br\/index.php\/wp-json\/wp\/v2\/posts"}],"about":[{"href":"https:\/\/noticiasdestaque.com.br\/index.php\/wp-json\/wp\/v2\/types\/post"}],"author":[{"embeddable":true,"href":"https:\/\/noticiasdestaque.com.br\/index.php\/wp-json\/wp\/v2\/users\/1"}],"replies":[{"embeddable":true,"href":"https:\/\/noticiasdestaque.com.br\/index.php\/wp-json\/wp\/v2\/comments?post=51438"}],"version-history":[{"count":0,"href":"https:\/\/noticiasdestaque.com.br\/index.php\/wp-json\/wp\/v2\/posts\/51438\/revisions"}],"wp:featuredmedia":[{"embeddable":true,"href":"https:\/\/noticiasdestaque.com.br\/index.php\/wp-json\/wp\/v2\/media\/51439"}],"wp:attachment":[{"href":"https:\/\/noticiasdestaque.com.br\/index.php\/wp-json\/wp\/v2\/media?parent=51438"}],"wp:term":[{"taxonomy":"category","embeddable":true,"href":"https:\/\/noticiasdestaque.com.br\/index.php\/wp-json\/wp\/v2\/categories?post=51438"},{"taxonomy":"post_tag","embeddable":true,"href":"https:\/\/noticiasdestaque.com.br\/index.php\/wp-json\/wp\/v2\/tags?post=51438"}],"curies":[{"name":"wp","href":"https:\/\/api.w.org\/{rel}","templated":true}]}}