{"id":51430,"date":"2026-04-11T04:50:00","date_gmt":"2026-04-11T07:50:00","guid":{"rendered":"https:\/\/noticiasdestaque.com.br\/index.php\/2026\/04\/11\/estao-abertas-as-inscricoes-para-o-11o-mineracao-x-comunidades\/"},"modified":"2026-04-11T04:50:00","modified_gmt":"2026-04-11T07:50:00","slug":"estao-abertas-as-inscricoes-para-o-11o-mineracao-x-comunidades","status":"publish","type":"post","link":"https:\/\/noticiasdestaque.com.br\/index.php\/2026\/04\/11\/estao-abertas-as-inscricoes-para-o-11o-mineracao-x-comunidades\/","title":{"rendered":"Est\u00e3o abertas as inscri\u00e7\u00f5es para o 11\u00ba. Minera\u00e7\u00e3o &amp;\/X Comunidades"},"content":{"rendered":"<p>A Comiss\u00e3o Organizadora informa que est\u00e3o abertas as inscri\u00e7\u00f5es para participa\u00e7\u00e3o no <strong>11\u00ba. Minera\u00e7\u00e3o &amp;\/X Comunidades<\/strong>, principal f\u00f3rum brasileiro dedicado ao di\u00e1logo entre a ind\u00fastria mineral e as comunidades impactadas por seus projetos. Organizado por <strong>Brasil Mineral<\/strong>, com coordena\u00e7\u00e3o t\u00e9cnica da Integratio e apoio de entidades do setor, como a Fiemg\/Sindiextra, o evento \u00e9 realizado anualmente h\u00e1 mais de uma d\u00e9cada, tendo se consolidado como espa\u00e7o indispens\u00e1vel para discutir quest\u00f5es como ESG, sustentabilidade, licenciamento social, direitos de comunidades tradicionais e legados da atividade mineral.<\/p>\n<p>A 11\u00aa. edi\u00e7\u00e3o acontecer\u00e1 nos dias <strong>16 e 17 de junho de 2026<\/strong>, em <strong>Belo Horizonte<\/strong>, tendo como tema central \u201cO ESG Resolve o X da Quest\u00e3o?\u201d e abordar\u00e1 t\u00f3picos como \u201c<strong>O ESG acabou?\u201d, \u201cCasos pr\u00e1ticos de ESG<\/strong>\u201d, \u201cRelacionamento com comunidades tradicionais\u201d, \u201cProjetos colaborativos entre empresas e entes p\u00fablicos\u201d, \u201cProgramas de Apoio e Fortalecimento dos Munic\u00edpios\u201d, \u201cInstitutos e Funda\u00e7\u00f5es como diferenciais para a pr\u00e1tica do ESG\u201d, al\u00e9m de outros<\/p>\n<p>Um ponto alto da programa\u00e7\u00e3o ser\u00e1 o an\u00fancio e premia\u00e7\u00e3o dos vencedores do <strong>II Pr\u00eamio Minera\u00e7\u00e3o &amp; Comunidades<\/strong>, que reconhece as melhores pr\u00e1ticas e projetos desenvolvidos junto a comunidades de territ\u00f3rios mineradores.<\/p>\n<p>Outro destaque ser\u00e1 o <strong>F\u00f3rum de L\u00edderes<\/strong>, no qual executivos de mineradoras discutir\u00e3o como est\u00e3o aplicando as pr\u00e1ticas de ESG nas organiza\u00e7\u00f5es que dirigem.<\/p>\n<p>As vagas para o evento s\u00e3o limitadas. Para mais informa\u00e7\u00f5es, e inscri\u00e7\u00f5es, acesse <a href=\"https:\/\/mineracaoecomunidades.com.br\/\" target=\"_blank\">www.mineracaoecomunidades.com.br<\/a><\/p>\n<p>\t\t\t\t\t\t\t\t\t\t<img loading=\"lazy\" decoding=\"async\" src=\"https:\/\/brasil61.com\/api\/v1\/serve_pixel\/17677\/88881\" alt=\"Pixel Brasil 61\" class=\"b61_pixel\" width=\"0\" height=\"0\"><\/p>\n<input type=\"hidden\" id=\"baseurl\" value=\"https:\/\/noticiasdestaque.com.br\"><input type=\"hidden\" id=\"audio_nonce\" value=\"581f3017e1\">","protected":false},"excerpt":{"rendered":"<p>Inscri\u00e7\u00f5es abertas para o 11\u00ba. Minera\u00e7\u00e3o &amp;\/X Comunidades, o principal f\u00f3rum brasileiro para di\u00e1logo entre a ind\u00fastria mineral e comunidades impactadas, abordando ESG, sustentabilidade e licenciamento social.<\/p>\n","protected":false},"author":1,"featured_media":51431,"comment_status":"open","ping_status":"open","sticky":false,"template":"","format":"standard","meta":{"fifu_image_url":"","fifu_image_alt":"","footnotes":""},"categories":[59],"tags":[],"class_list":["post-51430","post","type-post","status-publish","format-standard","has-post-thumbnail","hentry","category-economia"],"distributor_meta":false,"distributor_terms":false,"distributor_media":false,"distributor_original_site_name":"Noticias em Destaque","distributor_original_site_url":"https:\/\/noticiasdestaque.com.br","push-errors":false,"_links":{"self":[{"href":"https:\/\/noticiasdestaque.com.br\/index.php\/wp-json\/wp\/v2\/posts\/51430","targetHints":{"allow":["GET"]}}],"collection":[{"href":"https:\/\/noticiasdestaque.com.br\/index.php\/wp-json\/wp\/v2\/posts"}],"about":[{"href":"https:\/\/noticiasdestaque.com.br\/index.php\/wp-json\/wp\/v2\/types\/post"}],"author":[{"embeddable":true,"href":"https:\/\/noticiasdestaque.com.br\/index.php\/wp-json\/wp\/v2\/users\/1"}],"replies":[{"embeddable":true,"href":"https:\/\/noticiasdestaque.com.br\/index.php\/wp-json\/wp\/v2\/comments?post=51430"}],"version-history":[{"count":0,"href":"https:\/\/noticiasdestaque.com.br\/index.php\/wp-json\/wp\/v2\/posts\/51430\/revisions"}],"wp:featuredmedia":[{"embeddable":true,"href":"https:\/\/noticiasdestaque.com.br\/index.php\/wp-json\/wp\/v2\/media\/51431"}],"wp:attachment":[{"href":"https:\/\/noticiasdestaque.com.br\/index.php\/wp-json\/wp\/v2\/media?parent=51430"}],"wp:term":[{"taxonomy":"category","embeddable":true,"href":"https:\/\/noticiasdestaque.com.br\/index.php\/wp-json\/wp\/v2\/categories?post=51430"},{"taxonomy":"post_tag","embeddable":true,"href":"https:\/\/noticiasdestaque.com.br\/index.php\/wp-json\/wp\/v2\/tags?post=51430"}],"curies":[{"name":"wp","href":"https:\/\/api.w.org\/{rel}","templated":true}]}}