{"id":51428,"date":"2026-04-11T04:05:00","date_gmt":"2026-04-11T07:05:00","guid":{"rendered":"https:\/\/noticiasdestaque.com.br\/index.php\/2026\/04\/11\/projeto-preve-comprovacao-da-propriedade-e-cnpj-ativo-para-acesso-a-programas-governamentais\/"},"modified":"2026-04-11T04:05:00","modified_gmt":"2026-04-11T07:05:00","slug":"projeto-preve-comprovacao-da-propriedade-e-cnpj-ativo-para-acesso-a-programas-governamentais","status":"publish","type":"post","link":"https:\/\/noticiasdestaque.com.br\/index.php\/2026\/04\/11\/projeto-preve-comprovacao-da-propriedade-e-cnpj-ativo-para-acesso-a-programas-governamentais\/","title":{"rendered":"Projeto prev\u00ea comprova\u00e7\u00e3o da propriedade e CNPJ ativo para acesso a programas governamentais"},"content":{"rendered":"<p>\t\t\t\t\t\t\t\t\t\t\t<audio controls class=\"b61_audio_player\" data-noticia=\"88871\" src=\"https:\/\/brasil61.com\/rails\/active_storage\/blobs\/eyJfcmFpbHMiOnsibWVzc2FnZSI6IkJBaHBBN0VTQkE9PSIsImV4cCI6bnVsbCwicHVyIjoiYmxvYl9pZCJ9fQ==--62e4373c4159307b9926b8af677eb5620b90bda4\/BRAS2616236A\"><\/audio><\/p>\n<p>A Comiss\u00e3o de Agricultura, Pecu\u00e1ria, Abastecimento e Desenvolvimento Rural (CAPADR) da C\u00e2mara dos Deputados aprovou o Projeto de Lei (<a href=\"https:\/\/www.camara.leg.br\/proposicoesWeb\/fichadetramitacao?idProposicao=2563287\" target=\"_blank\">PL 4.705\/2025<\/a>) que\u00a0<strong>atualiza crit\u00e9rios de acesso a pol\u00edticas p\u00fablicas voltadas ao pequeno produtor rural.<\/strong> Entre as medidas previstas est\u00e1 a<strong> exig\u00eancia de comprova\u00e7\u00e3o da propriedade ou da posse leg\u00edtima da terra para acesso a programas governamentais, al\u00e9m da inscri\u00e7\u00e3o ativa no Cadastro Nacional da Pessoa Jur\u00eddica (CNPJ)<\/strong>.\u00a0<\/p>\n<p>O texto estabelece, ainda, <strong>diretrizes para garantir maior regularidade no acesso aos benef\u00edcios, especialmente em casos envolvendo disputas fundi\u00e1rias.<br \/>\n\u00a0<\/strong><br \/>\nA proposta foi relatada pelo deputado Jos\u00e9 Medeiros (PL-MT), que integra a Frente Parlamentar da Agropecu\u00e1ria (FPA).\u00a0<\/p>\n<p>Segundo a Ag\u00eancia FPA, ap\u00f3s a aprova\u00e7\u00e3o, Jos\u00e9 Medeiros ressaltou o<strong> papel do aperfei\u00e7oamento da legisla\u00e7\u00e3o para fortalecer a efetividade das pol\u00edticas p\u00fablicas<\/strong>. \u201cO que estamos fazendo \u00e9 garantir crit\u00e9rios claros, mais transpar\u00eancia e seguran\u00e7a jur\u00eddica para que esses recursos cheguem a quem realmente trabalha no campo\u201d, disse Medeiros, confirmou a Ag\u00eancia FPA.<\/p>\n<p>O projeto segue para an\u00e1lise da Comiss\u00e3o de Constitui\u00e7\u00e3o e Justi\u00e7a e de Cidadania (CCJC) da C\u00e2mara.\u00a0<\/p>\n<h2>Pol\u00edticas mais eficientes\u00a0<\/h2>\n<p>O <a href=\"https:\/\/www.camara.leg.br\/proposicoesWeb\/prop_mostrarintegra?codteor=3063665\" target=\"_blank\">parecer de Medeiros<\/a> menciona que o aprimoramento dos crit\u00e9rios colabora para tornar as pol\u00edticas p\u00fablicas mais justas e eficientes.\u00a0<\/p>\n<p><strong>\u201cDe uma forma geral, a proposi\u00e7\u00e3o tem como objetivo evitar que invasores de propriedades sejam considerados \u201cagricultores familiares\u201d para fins de acesso a pol\u00edticas p\u00fablicas e de obten\u00e7\u00e3o dos recursos p\u00fablicos a elas destinados\u201d, disse em um trecho do relat\u00f3rio.<\/strong><\/p>\n<p>O relator salientou, ainda, de acordo com a Ag\u00eancia FPA, que a medida beneficia o pequeno produtor rural ao valorizar quem atua de forma regular. \u201cA medida reconhece e valoriza quem vive da atividade rural, produz alimentos, gera emprego e sustenta sua fam\u00edlia, ao mesmo tempo que aprimora os instrumentos de gest\u00e3o das pol\u00edticas p\u00fablicas\u201d, disse.<\/p>\n<p>\t\t\t\t\t\t\t\t\t\t<img loading=\"lazy\" decoding=\"async\" src=\"https:\/\/brasil61.com\/api\/v1\/serve_pixel\/17677\/88871\" alt=\"Pixel Brasil 61\" class=\"b61_pixel\" width=\"0\" height=\"0\"><\/p>\n<input type=\"hidden\" id=\"baseurl\" value=\"https:\/\/noticiasdestaque.com.br\"><input type=\"hidden\" id=\"audio_nonce\" value=\"9fd43fe80e\">","protected":false},"excerpt":{"rendered":"<p>Projeto de Lei (PL 4.705\/2025), aprovado pela Comiss\u00e3o de Agricultura, Pecu\u00e1ria, Abastecimento e Desenvolvimento Rural (CAPADR) da C\u00e2mara dos Deputados, atualiza crit\u00e9rios de acesso a pol\u00edticas p\u00fablicas voltadas ao pequeno produtor rural<\/p>\n","protected":false},"author":1,"featured_media":51429,"comment_status":"open","ping_status":"open","sticky":false,"template":"","format":"standard","meta":{"fifu_image_url":"","fifu_image_alt":"","footnotes":""},"categories":[48],"tags":[],"class_list":["post-51428","post","type-post","status-publish","format-standard","has-post-thumbnail","hentry","category-mundo"],"distributor_meta":false,"distributor_terms":false,"distributor_media":false,"distributor_original_site_name":"Noticias em Destaque","distributor_original_site_url":"https:\/\/noticiasdestaque.com.br","push-errors":false,"_links":{"self":[{"href":"https:\/\/noticiasdestaque.com.br\/index.php\/wp-json\/wp\/v2\/posts\/51428","targetHints":{"allow":["GET"]}}],"collection":[{"href":"https:\/\/noticiasdestaque.com.br\/index.php\/wp-json\/wp\/v2\/posts"}],"about":[{"href":"https:\/\/noticiasdestaque.com.br\/index.php\/wp-json\/wp\/v2\/types\/post"}],"author":[{"embeddable":true,"href":"https:\/\/noticiasdestaque.com.br\/index.php\/wp-json\/wp\/v2\/users\/1"}],"replies":[{"embeddable":true,"href":"https:\/\/noticiasdestaque.com.br\/index.php\/wp-json\/wp\/v2\/comments?post=51428"}],"version-history":[{"count":0,"href":"https:\/\/noticiasdestaque.com.br\/index.php\/wp-json\/wp\/v2\/posts\/51428\/revisions"}],"wp:featuredmedia":[{"embeddable":true,"href":"https:\/\/noticiasdestaque.com.br\/index.php\/wp-json\/wp\/v2\/media\/51429"}],"wp:attachment":[{"href":"https:\/\/noticiasdestaque.com.br\/index.php\/wp-json\/wp\/v2\/media?parent=51428"}],"wp:term":[{"taxonomy":"category","embeddable":true,"href":"https:\/\/noticiasdestaque.com.br\/index.php\/wp-json\/wp\/v2\/categories?post=51428"},{"taxonomy":"post_tag","embeddable":true,"href":"https:\/\/noticiasdestaque.com.br\/index.php\/wp-json\/wp\/v2\/tags?post=51428"}],"curies":[{"name":"wp","href":"https:\/\/api.w.org\/{rel}","templated":true}]}}