{"id":51345,"date":"2026-04-08T18:10:00","date_gmt":"2026-04-08T21:10:00","guid":{"rendered":"https:\/\/noticiasdestaque.com.br\/index.php\/2026\/04\/08\/previsao-do-tempo-quinta-feira-9-de-chuvas-intensas-e-trovoadas-no-norte\/"},"modified":"2026-04-08T18:10:00","modified_gmt":"2026-04-08T21:10:00","slug":"previsao-do-tempo-quinta-feira-9-de-chuvas-intensas-e-trovoadas-no-norte","status":"publish","type":"post","link":"https:\/\/noticiasdestaque.com.br\/index.php\/2026\/04\/08\/previsao-do-tempo-quinta-feira-9-de-chuvas-intensas-e-trovoadas-no-norte\/","title":{"rendered":"PREVIS\u00c3O DO TEMPO: quinta-feira (9) de chuvas intensas e trovoadas no Norte"},"content":{"rendered":"<p>\t\t\t\t\t\t\t\t\t\t\t<audio controls class=\"b61_audio_player\" data-noticia=\"88811\" src=\"https:\/\/brasil61.com\/rails\/active_storage\/blobs\/eyJfcmFpbHMiOnsibWVzc2FnZSI6IkJBaHBBN2tSQkE9PSIsImV4cCI6bnVsbCwicHVyIjoiYmxvYl9pZCJ9fQ==--8754e88ae22a39fdd6417ec79a976666bbfe7ed0\/PTRN264763A\"><\/audio><\/p>\n<p>A <b>previs\u00e3o do tempo<\/b> para a <b>Regi\u00e3o Norte<\/b> do pa\u00eds, nesta <b>quinta-feira (9)<\/b>, indica c\u00e9u com <b>muitas<\/b> <b>nuvens <\/b>para toda a regi\u00e3o e <b>chuvas de diferentes intensidades<\/b> para a maior parte dos estados ao longo do dia, <b>mais intensas e acompanhadas de trovoadas<\/b> na por\u00e7\u00e3o centro-oeste.<\/p>\n<p>Pela <b>manh\u00e3<\/b>, a previs\u00e3o \u00e9 de <b>muitas<\/b> <b>nuvens <\/b>para toda a regi\u00e3o e <b>pancadas de chuva isoladas <\/b>para todo o Acre, Rond\u00f4nia, Roraima, Amazonas e leste do Par\u00e1. O sudeste e extremo-nordeste do Par\u00e1, assim como o centro-leste de Tocantins, devem <b>amanhecer sob chuvas isoladas<\/b>, <b>sem trovoadas<\/b>.<\/p>\n<p>Durante a <b>tarde<\/b>, as <b>chuvas deixam <\/b>o Tocantins, Roraima e extremo-sudeste do Par\u00e1, mas <b>tomam <\/b>o Amap\u00e1 e o centro-leste do Par\u00e1 e <b>se intensificam<\/b> em toda a regi\u00e3o.<\/p>\n<p>\u00c0 <b>noite<\/b>, as <b>chuvas se restringem<\/b> ao Acre, Rond\u00f4nia, Amazonas, centro-sul de Roraima e extremo-nordeste do Par\u00e1, <b>mais intensas e acompanhadas de trovoadas<\/b> no Acre, em Rond\u00f4nia e no centro-oeste do Amazonas.<\/p>\n<p>O <b>Instituto Nacional de Meteorologia<\/b> (<a href=\"https:\/\/portal.inmet.gov.br\/\">Inmet<\/a>) emitiu alerta de<b> perigo potencial de chuvas intensas<\/b> para quase toda a regi\u00e3o \u2014 \u00e0 exce\u00e7\u00e3o de Roraima, extremo-noroeste do Par\u00e1, norte do Amap\u00e1 e por\u00e7\u00e3o central do extremo-norte do Amazonas \u2014, al\u00e9m de alerta de<b> perigo de chuvas intensas<\/b> para o centro-sul do Amazonas, norte do Acre e de Rond\u00f4nia, faixa central do Par\u00e1 e extremos-norte e sudoeste do Tocantins.<\/p>\n<p>Entre as <b>capitais<\/b>, a <b>temperatura m\u00ednima<\/b> prevista \u00e9 de <b>23\u00b0C<\/b>, em<b> Macap\u00e1, Palmas e Rio Branco<\/b>. J\u00e1 a <b>m\u00e1xima<\/b> pode chegar at\u00e9 <b>33\u00b0C<\/b>, em <b>Bel\u00e9m e Manaus<\/b>. A <b>umidade relativa do ar <\/b>varia entre <b>60%<\/b> e <b>100%<\/b>.<\/p>\n<h2>5 motivos para acompanhar as previs\u00f5es do tempo<\/h2>\n<ul>\n<li>Agricultura: garantia de uma boa colheita;<\/li>\n<li>Marinha: prote\u00e7\u00e3o de marinheiros, navios e passageiros;<\/li>\n<li>Aeron\u00e1utica: seguran\u00e7a de pilotos, aeronaves e passageiros;<\/li>\n<li>Pesca: condi\u00e7\u00f5es favor\u00e1veis e seguras para a atividade;<\/li>\n<li>Turismo: garantia de passeios e viagens tranquilas e agrad\u00e1veis.<\/li>\n<\/ul>\n<h2>Import\u00e2ncia das observa\u00e7\u00f5es meteorol\u00f3gicas no INMET<\/h2>\n<p>As observa\u00e7\u00f5es meteorol\u00f3gicas do INMET s\u00e3o essenciais para previs\u00f5es em tempo real, estat\u00edsticas clim\u00e1ticas e coopera\u00e7\u00e3o internacional. Esses dados precisos ajudam a estudar o clima passado e a produzir Normais Climatol\u00f3gicas conforme a Organiza\u00e7\u00e3o Meteorol\u00f3gica Mundial (<a href=\"https:\/\/worldweather.wmo.int\/pt\/home.html\">OMM<\/a>).<\/p>\n<p>As informa\u00e7\u00f5es s\u00e3o do Instituto Nacional de Meteorologia (<a href=\"https:\/\/portal.inmet.gov.br\">Inmet<\/a>).<\/p>\n<p>\t\t\t\t\t\t\t\t\t\t<img loading=\"lazy\" decoding=\"async\" src=\"https:\/\/brasil61.com\/api\/v1\/serve_pixel\/17677\/88811\" alt=\"Pixel Brasil 61\" class=\"b61_pixel\" width=\"0\" height=\"0\"><\/p>\n<input type=\"hidden\" id=\"baseurl\" value=\"https:\/\/noticiasdestaque.com.br\"><input type=\"hidden\" id=\"audio_nonce\" value=\"9fd43fe80e\">","protected":false},"excerpt":{"rendered":"<p>O Inmet emitiu alerta de perigo potencial de chuvas intensas para quase toda a regi\u00e3o \u2014 \u00e0 exce\u00e7\u00e3o de Roraima, extremo-noroeste do Par\u00e1, norte do Amap\u00e1 e por\u00e7\u00e3o central do extremo-norte do Amazonas<\/p>\n","protected":false},"author":1,"featured_media":51346,"comment_status":"open","ping_status":"open","sticky":false,"template":"","format":"standard","meta":{"fifu_image_url":"","fifu_image_alt":"","footnotes":""},"categories":[58],"tags":[],"class_list":["post-51345","post","type-post","status-publish","format-standard","has-post-thumbnail","hentry","category-cotidiano"],"distributor_meta":false,"distributor_terms":false,"distributor_media":false,"distributor_original_site_name":"Noticias em Destaque","distributor_original_site_url":"https:\/\/noticiasdestaque.com.br","push-errors":false,"_links":{"self":[{"href":"https:\/\/noticiasdestaque.com.br\/index.php\/wp-json\/wp\/v2\/posts\/51345","targetHints":{"allow":["GET"]}}],"collection":[{"href":"https:\/\/noticiasdestaque.com.br\/index.php\/wp-json\/wp\/v2\/posts"}],"about":[{"href":"https:\/\/noticiasdestaque.com.br\/index.php\/wp-json\/wp\/v2\/types\/post"}],"author":[{"embeddable":true,"href":"https:\/\/noticiasdestaque.com.br\/index.php\/wp-json\/wp\/v2\/users\/1"}],"replies":[{"embeddable":true,"href":"https:\/\/noticiasdestaque.com.br\/index.php\/wp-json\/wp\/v2\/comments?post=51345"}],"version-history":[{"count":0,"href":"https:\/\/noticiasdestaque.com.br\/index.php\/wp-json\/wp\/v2\/posts\/51345\/revisions"}],"wp:featuredmedia":[{"embeddable":true,"href":"https:\/\/noticiasdestaque.com.br\/index.php\/wp-json\/wp\/v2\/media\/51346"}],"wp:attachment":[{"href":"https:\/\/noticiasdestaque.com.br\/index.php\/wp-json\/wp\/v2\/media?parent=51345"}],"wp:term":[{"taxonomy":"category","embeddable":true,"href":"https:\/\/noticiasdestaque.com.br\/index.php\/wp-json\/wp\/v2\/categories?post=51345"},{"taxonomy":"post_tag","embeddable":true,"href":"https:\/\/noticiasdestaque.com.br\/index.php\/wp-json\/wp\/v2\/tags?post=51345"}],"curies":[{"name":"wp","href":"https:\/\/api.w.org\/{rel}","templated":true}]}}