{"id":51343,"date":"2026-04-08T18:00:00","date_gmt":"2026-04-08T21:00:00","guid":{"rendered":"https:\/\/noticiasdestaque.com.br\/index.php\/2026\/04\/08\/previsao-do-tempo-chuvas-para-o-litoral-norte-nesta-quinta-feira-9-no-nordeste\/"},"modified":"2026-04-08T18:00:00","modified_gmt":"2026-04-08T21:00:00","slug":"previsao-do-tempo-chuvas-para-o-litoral-norte-nesta-quinta-feira-9-no-nordeste","status":"publish","type":"post","link":"https:\/\/noticiasdestaque.com.br\/index.php\/2026\/04\/08\/previsao-do-tempo-chuvas-para-o-litoral-norte-nesta-quinta-feira-9-no-nordeste\/","title":{"rendered":"PREVIS\u00c3O DO TEMPO: chuvas para o litoral norte nesta quinta-feira (9) no Nordeste"},"content":{"rendered":"<p>\t\t\t\t\t\t\t\t\t\t\t<audio controls class=\"b61_audio_player\" data-noticia=\"88810\" src=\"https:\/\/brasil61.com\/rails\/active_storage\/blobs\/eyJfcmFpbHMiOnsibWVzc2FnZSI6IkJBaHBBN29SQkE9PSIsImV4cCI6bnVsbCwicHVyIjoiYmxvYl9pZCJ9fQ==--cd87ea190b0eaae6323c1da2f5b44364e9f1cdf6\/PTND265010A\"><\/audio><\/p>\n<p>A <b>previs\u00e3o do tempo<\/b> para a <b>Regi\u00e3o Nordeste<\/b> do pa\u00eds, nesta <b>quinta-feira (9)<\/b>, indica c\u00e9u de <b>muitas nuvens<\/b> para toda a regi\u00e3o e<b> chuvas de diferentes intensidades<\/b> para o litoral norte da regi\u00e3o ao longo do dia, <b>mais intensas e acompanhadas de trovoadas<\/b> \u00e0 noite.<\/p>\n<p>Pela <b>manh\u00e3<\/b>, a previs\u00e3o \u00e9 de <b>c\u00e9u de muitas nuvens<\/b> para toda a regi\u00e3o e <b>chuvas isoladas <\/b>para toda a faixa litor\u00e2nea entre o Maranh\u00e3o e o Rio Grande do Norte.<\/p>\n<p>Durante a <b>tarde<\/b>, as <b>chuvas se intensificam e tomam<\/b> por\u00e7\u00f5es maiores do norte do Maranh\u00e3o, Piau\u00ed e Cear\u00e1.<\/p>\n<p>\u00c0 <b>noite<\/b>, as <b>chuvas se mant\u00eam<\/b> sobre as mesmas \u00e1reas, mas <b>menos intensas<\/b>. Somente a \u00e1rea entre o extremo-nordeste maranhense, norte do Piau\u00ed \u2014 acima de Teresina \u2014 e extremo-noroeste do Cear\u00e1 deve ter <b>chuvas mais intensas e acompanhadas de trovoadas<\/b>.<\/p>\n<p>O <b>Instituto Nacional de Meteorologia<\/b> (<a href=\"https:\/\/portal.inmet.gov.br\/\">Inmet<\/a>) emitiu alerta de <b>perigo potencial de chuvas intensas<\/b> para quase toda a regi\u00e3o \u2014 \u00e0 exce\u00e7\u00e3o da Bahia, Sergipe, Alagoas, sul de Pernambuco e extremo-sul do Piau\u00ed \u2014, al\u00e9m de alerta de <b>perigo de chuvas intensas<\/b> para as faixas centrais do Maranh\u00e3o e do Piau\u00ed, centro-sul do Cear\u00e1 e extremo-oeste do Rio Grande do Norte.<\/p>\n<p>Entre as <b>capitais<\/b>, a <b>temperatura m\u00ednima<\/b> prevista \u00e9 de <b>23\u00b0C<\/b> em<b> Jo\u00e3o Pessoa e S\u00e3o Lu\u00eds<\/b>. J\u00e1 a <b>m\u00e1xima<\/b> pode chegar at\u00e9 <b>32\u00b0C<\/b>, em<b> Aracaju<\/b>. A <b>umidade relativa do ar <\/b>varia entre <b>50%<\/b> e <b>100%<\/b>.<\/p>\n<h2>5 motivos para acompanhar as previs\u00f5es do tempo<\/h2>\n<ul>\n<li>Agricultura: garantia de uma boa colheita;<\/li>\n<li>Marinha: prote\u00e7\u00e3o de marinheiros, navios e passageiros;<\/li>\n<li>Aeron\u00e1utica: seguran\u00e7a de pilotos, aeronaves e passageiros;<\/li>\n<li>Pesca: condi\u00e7\u00f5es favor\u00e1veis e seguras para a atividade;<\/li>\n<li>Turismo: garantia de passeios e viagens tranquilas e agrad\u00e1veis.<\/li>\n<\/ul>\n<h2>Import\u00e2ncia das observa\u00e7\u00f5es meteorol\u00f3gicas no INMET<\/h2>\n<p>As observa\u00e7\u00f5es meteorol\u00f3gicas do INMET s\u00e3o essenciais para previs\u00f5es em tempo real, estat\u00edsticas clim\u00e1ticas e coopera\u00e7\u00e3o internacional. Esses dados precisos ajudam a estudar o clima passado e a produzir Normais Climatol\u00f3gicas conforme a Organiza\u00e7\u00e3o Meteorol\u00f3gica Mundial (<a href=\"https:\/\/worldweather.wmo.int\/pt\/home.html\">OMM<\/a>).<\/p>\n<p>\u00a0<\/p>\n<p>As informa\u00e7\u00f5es s\u00e3o do Instituto Nacional de Meteorologia (<a href=\"https:\/\/portal.inmet.gov.br\">Inmet<\/a>).<\/p>\n<p>\u00a0<\/p>\n<p>\t\t\t\t\t\t\t\t\t\t<img loading=\"lazy\" decoding=\"async\" src=\"https:\/\/brasil61.com\/api\/v1\/serve_pixel\/17677\/88810\" alt=\"Pixel Brasil 61\" class=\"b61_pixel\" width=\"0\" height=\"0\"><\/p>\n<input type=\"hidden\" id=\"baseurl\" value=\"https:\/\/noticiasdestaque.com.br\"><input type=\"hidden\" id=\"audio_nonce\" value=\"9fd43fe80e\">","protected":false},"excerpt":{"rendered":"<p>A temperatura m\u00ednima prevista \u00e9 de 23\u00b0C em Jo\u00e3o Pessoa e S\u00e3o Lu\u00eds; a m\u00e1xima pode chegar at\u00e9 32\u00b0C, em Aracaju<\/p>\n","protected":false},"author":1,"featured_media":51344,"comment_status":"open","ping_status":"open","sticky":false,"template":"","format":"standard","meta":{"fifu_image_url":"","fifu_image_alt":"","footnotes":""},"categories":[58],"tags":[],"class_list":["post-51343","post","type-post","status-publish","format-standard","has-post-thumbnail","hentry","category-cotidiano"],"distributor_meta":false,"distributor_terms":false,"distributor_media":false,"distributor_original_site_name":"Noticias em Destaque","distributor_original_site_url":"https:\/\/noticiasdestaque.com.br","push-errors":false,"_links":{"self":[{"href":"https:\/\/noticiasdestaque.com.br\/index.php\/wp-json\/wp\/v2\/posts\/51343","targetHints":{"allow":["GET"]}}],"collection":[{"href":"https:\/\/noticiasdestaque.com.br\/index.php\/wp-json\/wp\/v2\/posts"}],"about":[{"href":"https:\/\/noticiasdestaque.com.br\/index.php\/wp-json\/wp\/v2\/types\/post"}],"author":[{"embeddable":true,"href":"https:\/\/noticiasdestaque.com.br\/index.php\/wp-json\/wp\/v2\/users\/1"}],"replies":[{"embeddable":true,"href":"https:\/\/noticiasdestaque.com.br\/index.php\/wp-json\/wp\/v2\/comments?post=51343"}],"version-history":[{"count":0,"href":"https:\/\/noticiasdestaque.com.br\/index.php\/wp-json\/wp\/v2\/posts\/51343\/revisions"}],"wp:featuredmedia":[{"embeddable":true,"href":"https:\/\/noticiasdestaque.com.br\/index.php\/wp-json\/wp\/v2\/media\/51344"}],"wp:attachment":[{"href":"https:\/\/noticiasdestaque.com.br\/index.php\/wp-json\/wp\/v2\/media?parent=51343"}],"wp:term":[{"taxonomy":"category","embeddable":true,"href":"https:\/\/noticiasdestaque.com.br\/index.php\/wp-json\/wp\/v2\/categories?post=51343"},{"taxonomy":"post_tag","embeddable":true,"href":"https:\/\/noticiasdestaque.com.br\/index.php\/wp-json\/wp\/v2\/tags?post=51343"}],"curies":[{"name":"wp","href":"https:\/\/api.w.org\/{rel}","templated":true}]}}