{"id":51335,"date":"2026-04-08T04:55:00","date_gmt":"2026-04-08T07:55:00","guid":{"rendered":"https:\/\/noticiasdestaque.com.br\/index.php\/2026\/04\/08\/reducao-da-jornada-pode-custar-r-769-bilhoes-ao-pib-brasileiro\/"},"modified":"2026-04-08T04:55:00","modified_gmt":"2026-04-08T07:55:00","slug":"reducao-da-jornada-pode-custar-r-769-bilhoes-ao-pib-brasileiro","status":"publish","type":"post","link":"https:\/\/noticiasdestaque.com.br\/index.php\/2026\/04\/08\/reducao-da-jornada-pode-custar-r-769-bilhoes-ao-pib-brasileiro\/","title":{"rendered":"Redu\u00e7\u00e3o da jornada pode custar R$ 76,9 bilh\u00f5es ao PIB brasileiro"},"content":{"rendered":"<p>\t\t\t\t\t\t\t\t\t\t\t<audio controls class=\"b61_audio_player\" data-noticia=\"88802\" src=\"https:\/\/brasil61.com\/rails\/active_storage\/blobs\/eyJfcmFpbHMiOnsibWVzc2FnZSI6IkJBaHBBMXNSQkE9PSIsImV4cCI6bnVsbCwicHVyIjoiYmxvYl9pZCJ9fQ==--f75db70bd7730e31ce80dbc07cd97711afd532e6\/PIND264731A\"><\/audio><\/p>\n<p>O <strong>Produto Interno Bruto (PIB)<\/strong> brasileiro pode sofrer uma <strong>queda de 0,7%<\/strong> caso o Congresso Nacional aprove a <strong>redu\u00e7\u00e3o da jornada de trabalho de 44 para 40 horas semanais<\/strong>. O percentual representa uma<strong> perda estimada de R$ 76,9 bilh\u00f5es<\/strong> para a economia do pa\u00eds. Os dados fazem parte de um <a href=\"https:\/\/static.portaldaindustria.com.br\/portaldaindustria\/noticias\/media\/filer_public\/36\/1b\/361b1ce0-cb7d-415e-bf85-b89709f64845\/nota_tecnica.pdf\" target=\"_blank\">levantamento in\u00e9dito<\/a> divulgado pela <a href=\"https:\/\/cni.portaldaindustria.com.br\/home\" target=\"_blank\">Confedera\u00e7\u00e3o Nacional da Ind\u00fastria (CNI)<\/a>.<\/p>\n<p>Segundo o estudo, a<strong> ind\u00fastria deve ser o setor mais impactado, com retra\u00e7\u00e3o de 1,2% no PIB \u2014 o equivalente a R$ 25,4 bilh\u00f5es<\/strong>. O gerente de An\u00e1lise Econ\u00f4mica da CNI, <strong>Marcelo Azevedo<\/strong>, explica que esse impacto maior se deve ao fato de a <strong>ind\u00fastria concentrar uma parcela significativa dos empregos formais<\/strong>, que tendem a ser <strong>os mais afetados <\/strong>pela redu\u00e7\u00e3o da jornada de trabalho.<\/p>\n<p>\u201cAl\u00e9m disso, <strong>a ind\u00fastria \u00e9 um setor mais integrado<\/strong>; h\u00e1 muitos encadeamentos entre os diferentes setores industriais. Ent\u00e3o, <strong>os efeitos dessa eleva\u00e7\u00e3o de custos v\u00e3o se acumulando [ao longo da cadeia de produ\u00e7\u00e3o]<\/strong>. E, por fim, a ind\u00fastria \u00e9 um setor mais sujeito \u00e0 <strong>competi\u00e7\u00e3o internacional<\/strong> e, por isso, um aumento de custos e a consequente perda de competitividade afetam mais a ind\u00fastria\u201d, explica.<\/p>\n<p>Outros setores tamb\u00e9m devem registrar perdas:<\/p>\n<ul>\n<li><strong>Com\u00e9rcio<\/strong>: queda de 0,9% (R$ 11,1 bilh\u00f5es)<\/li>\n<li><strong>Servi\u00e7os<\/strong>: queda de 0,8% (R$ 43,5 bilh\u00f5es)<\/li>\n<li><strong>Agropecu\u00e1ria<\/strong>: queda de 0,4% (R$ 2,3 bilh\u00f5es)<\/li>\n<li><strong>Constru\u00e7\u00e3o<\/strong>: queda de 0,3% (R$ 921,8 milh\u00f5es)<\/li>\n<\/ul>\n<p>O presidente da CNI, <strong>Ricardo Alban<\/strong>, alerta que o impacto na ind\u00fastria pode <strong>acelerar o processo de desindustrializa\u00e7\u00e3o do pa\u00eds<\/strong>, com reflexos em toda a cadeia produtiva. \u201cA consequ\u00eancia ser\u00e1 a perda de competitividade do produto nacional. Assim, a nossa ind\u00fastria vai perder participa\u00e7\u00e3o no mercado dom\u00e9stico e internacional, a partir da redu\u00e7\u00e3o nas exporta\u00e7\u00f5es e da alta nas importa\u00e7\u00f5es\u201d, destaca.<\/p>\n<h2>Impacto na produ\u00e7\u00e3o e nos pre\u00e7os<\/h2>\n<p>O estudo tamb\u00e9m indica que<strong> a redu\u00e7\u00e3o das horas trabalhadas tende a elevar o custo do trabalho necess\u00e1rio para manter os n\u00edveis atuais de produ\u00e7\u00e3o<\/strong>. Como resultado, pode haver<strong> aumento generalizado de pre\u00e7os ao longo da cadeia produtiva<\/strong>. Esse efeito atingiria desde <strong>insumos e mat\u00e9rias-primas<\/strong> na cadeia de produ\u00e7\u00e3o at\u00e9<strong> bens e servi\u00e7os <\/strong>destinados ao consumidor final.<\/p>\n<p>Marcelo Azevedo afirma que o<strong> aumento dos custos do trabalho tende a reduzir a competitividade da economia nacional<\/strong>.<\/p>\n<p>\u201cEssa <strong>perda de competitividade<\/strong> dos produtos nacionais faz com que haja<strong> mais importa\u00e7\u00f5es e menos exporta\u00e7\u00f5es<\/strong>. Isso se traduz em <strong>redu\u00e7\u00e3o da produ\u00e7\u00e3o e da renda<\/strong> e, consequentemente, em<strong> queda do PIB<\/strong>.\u201d<\/p>\n<p>Al\u00e9m da poss\u00edvel redu\u00e7\u00e3o da renda, os trabalhadores tamb\u00e9m podem ser impactados pelo <strong>aumento dos pre\u00e7os ao consumidor final<\/strong>. <a href=\"https:\/\/static.portaldaindustria.com.br\/portaldaindustria\/noticias\/media\/filer_public\/04\/f0\/04f04592-0f48-4da1-bd33-7343e8e04706\/impacto_da_reducao_da_escala_de_trabalho_nos_precos_ao_consumidor.pdf\" target=\"_blank\">Outro levantamento<\/a> divulgado pela CNI aponta que <strong>os pre\u00e7os ao consumidor podem subir, em m\u00e9dia, 6,2%<\/strong> caso a jornada semanal seja reduzida para 40 horas.<\/p>\n<p>Entre os principais aumentos projetados est\u00e3o compras em supermercados (+5,7%), alimenta\u00e7\u00e3o fora de casa (+6,2%), produtos industrializados (+6%) e roupas e cal\u00e7ados (+6,6%). No setor de servi\u00e7os, o aumento m\u00e9dio pode chegar a 6,5%.<\/p>\n<h2>Debate mais aprofundado<\/h2>\n<p>A CNI acompanha propostas em tramita\u00e7\u00e3o no Congresso Nacional que tratam da redu\u00e7\u00e3o da jornada, como a <a href=\"https:\/\/www25.senado.leg.br\/web\/atividade\/materias\/-\/materia\/124067\" target=\"_blank\">PEC 148\/2015<\/a> e a <a href=\"https:\/\/www.camara.leg.br\/proposicoesWeb\/fichadetramitacao?idProposicao=2485341\" target=\"_blank\">PEC 8\/2025<\/a>.<\/p>\n<p>O presidente da entidade defende que o tema<strong> n\u00e3o seja votado de forma apressada, especialmente em ano eleitoral<\/strong>, e que haja um <strong>debate mais aprofundado e transparente <\/strong>com a sociedade e os setores produtivos.<\/p>\n<p>\u201cA hist\u00f3ria recente contempor\u00e2nea da rela\u00e7\u00e3o capital-trabalho sempre foi feita de uma transi\u00e7\u00e3o entre a melhoria das condi\u00e7\u00f5es de trabalho e a redu\u00e7\u00e3o de uma poss\u00edvel jornada de forma gradativa e com muito entendimento, sempre atrav\u00e9s de negocia\u00e7\u00f5es. N\u00f3s queremos fazer isso. Mas tem que ser de forma sustent\u00e1vel. N\u00f3s precisamos aumentar a produtividade. Ningu\u00e9m tem d\u00favidas de que produtividade \u00e9 que determina as melhores condi\u00e7\u00f5es de trabalho\u201d, destaca Ricardo Alban.<\/p>\n<p>Para Marcelo Azevedo, a discuss\u00e3o t\u00e9cnica \u00e9 fundamental para compreender as <strong>diferentes consequ\u00eancias<\/strong> que a redu\u00e7\u00e3o da jornada pode gerar para <strong>consumidores e empresas<\/strong>.<\/p>\n<p>\u201cEmpresas pequenas ter\u00e3o impactos diferentes dos observados em empresas m\u00e9dias. Os efeitos tamb\u00e9m variam entre regi\u00f5es e setores \u2014 e n\u00e3o apenas na ind\u00fastria. Ent\u00e3o, \u00e0 medida que essa discuss\u00e3o avan\u00e7ar, tamb\u00e9m ser\u00e1 necess\u00e1rio avan\u00e7ar no debate sobre medidas que possam reduzir os impactos negativos e permitir a travessia em um eventual per\u00edodo de transi\u00e7\u00e3o\u201d, ressalta Azevedo, ao refor\u00e7ar a import\u00e2ncia de <strong>mais tempo<\/strong> para o aprofundamento das discuss\u00f5es.<\/p>\n<p><strong>VEJA MAIS:<\/strong><\/p>\n<ul>\n<li><a href=\"https:\/\/brasil61.com\/n\/escala-6x1-cacb-critica-urgencia-em-votacao-no-congresso-nacional-cacb260146\" target=\"_blank\">Escala 6&#215;1: CACB critica urg\u00eancia em vota\u00e7\u00e3o no Congresso Nacional<\/a><\/li>\n<li><a href=\"https:\/\/brasil61.com\/n\/reducao-da-jornada-de-trabalho-pode-elevar-precos-em-6-2-aponta-cni-pind264730\" target=\"_blank\">Redu\u00e7\u00e3o da jornada de trabalho pode elevar pre\u00e7os em 6,2%, aponta CNI<\/a><\/li>\n<\/ul>\n<p>\t\t\t\t\t\t\t\t\t\t<img loading=\"lazy\" decoding=\"async\" src=\"https:\/\/brasil61.com\/api\/v1\/serve_pixel\/17677\/88802\" alt=\"Pixel Brasil 61\" class=\"b61_pixel\" width=\"0\" height=\"0\"><\/p>\n<input type=\"hidden\" id=\"baseurl\" value=\"https:\/\/noticiasdestaque.com.br\"><input type=\"hidden\" id=\"audio_nonce\" value=\"9fd43fe80e\">","protected":false},"excerpt":{"rendered":"<p>Estudo da CNI aponta aumento do custo do trabalho, perda da competitividade e alta nos pre\u00e7os ao consumidor<\/p>\n","protected":false},"author":1,"featured_media":51336,"comment_status":"open","ping_status":"open","sticky":false,"template":"","format":"standard","meta":{"fifu_image_url":"","fifu_image_alt":"","footnotes":""},"categories":[59],"tags":[],"class_list":["post-51335","post","type-post","status-publish","format-standard","has-post-thumbnail","hentry","category-economia"],"distributor_meta":false,"distributor_terms":false,"distributor_media":false,"distributor_original_site_name":"Noticias em Destaque","distributor_original_site_url":"https:\/\/noticiasdestaque.com.br","push-errors":false,"_links":{"self":[{"href":"https:\/\/noticiasdestaque.com.br\/index.php\/wp-json\/wp\/v2\/posts\/51335","targetHints":{"allow":["GET"]}}],"collection":[{"href":"https:\/\/noticiasdestaque.com.br\/index.php\/wp-json\/wp\/v2\/posts"}],"about":[{"href":"https:\/\/noticiasdestaque.com.br\/index.php\/wp-json\/wp\/v2\/types\/post"}],"author":[{"embeddable":true,"href":"https:\/\/noticiasdestaque.com.br\/index.php\/wp-json\/wp\/v2\/users\/1"}],"replies":[{"embeddable":true,"href":"https:\/\/noticiasdestaque.com.br\/index.php\/wp-json\/wp\/v2\/comments?post=51335"}],"version-history":[{"count":0,"href":"https:\/\/noticiasdestaque.com.br\/index.php\/wp-json\/wp\/v2\/posts\/51335\/revisions"}],"wp:featuredmedia":[{"embeddable":true,"href":"https:\/\/noticiasdestaque.com.br\/index.php\/wp-json\/wp\/v2\/media\/51336"}],"wp:attachment":[{"href":"https:\/\/noticiasdestaque.com.br\/index.php\/wp-json\/wp\/v2\/media?parent=51335"}],"wp:term":[{"taxonomy":"category","embeddable":true,"href":"https:\/\/noticiasdestaque.com.br\/index.php\/wp-json\/wp\/v2\/categories?post=51335"},{"taxonomy":"post_tag","embeddable":true,"href":"https:\/\/noticiasdestaque.com.br\/index.php\/wp-json\/wp\/v2\/tags?post=51335"}],"curies":[{"name":"wp","href":"https:\/\/api.w.org\/{rel}","templated":true}]}}