{"id":51331,"date":"2026-04-08T04:25:00","date_gmt":"2026-04-08T07:25:00","guid":{"rendered":"https:\/\/noticiasdestaque.com.br\/index.php\/2026\/04\/08\/ciclone-extratropical-mantem-tempo-severo-na-regiao-sul-ate-esta-quarta-feira-8\/"},"modified":"2026-04-08T04:25:00","modified_gmt":"2026-04-08T07:25:00","slug":"ciclone-extratropical-mantem-tempo-severo-na-regiao-sul-ate-esta-quarta-feira-8","status":"publish","type":"post","link":"https:\/\/noticiasdestaque.com.br\/index.php\/2026\/04\/08\/ciclone-extratropical-mantem-tempo-severo-na-regiao-sul-ate-esta-quarta-feira-8\/","title":{"rendered":"Ciclone extratropical mant\u00e9m tempo severo na Regi\u00e3o Sul at\u00e9 esta quarta-feira (8)"},"content":{"rendered":"<p>\t\t\t\t\t\t\t\t\t\t\t<audio controls class=\"b61_audio_player\" data-noticia=\"88791\" src=\"https:\/\/brasil61.com\/rails\/active_storage\/blobs\/eyJfcmFpbHMiOnsibWVzc2FnZSI6IkJBaHBBeUlSQkE9PSIsImV4cCI6bnVsbCwicHVyIjoiYmxvYl9pZCJ9fQ==--97fa73d356d2292dff04694bb84364d12f8b6b67\/BRAS2616212A\"><\/audio><\/p>\n<p>A atua\u00e7\u00e3o de um<strong> ciclone extratropical<\/strong>, associada a uma frente fria, ainda mant\u00e9m o<strong> tempo severo na Regi\u00e3o Sul <\/strong>do pa\u00eds at\u00e9 esta quarta-feira (8). A previs\u00e3o inclui chuva moderada a forte, rajadas de vento, descargas el\u00e9tricas e possibilidade de granizo em \u00e1reas isoladas.<\/p>\n<\/p>\n<p dir=\"ltr\">Ap\u00f3s os<strong> temporais registrados entre segunda (6) e ter\u00e7a-feira (7)<\/strong>, os maiores acumulados de chuva foram observados no Oeste do Rio Grande do Sul, com volumes superiores a 100 mil\u00edmetros em 24 horas. Em algumas \u00e1reas, os acumulados j\u00e1 se aproximam de 200 mm ao longo da semana.<\/p>\n<p dir=\"ltr\">Nesta quarta-feira (8), as <strong>instabilidades <\/strong>seguem atuando principalmente durante a madrugada e in\u00edcio da manh\u00e3 em regi\u00f5es do Norte, Nordeste, Serra e Litoral Norte, al\u00e9m do Extremo Sul. Ao longo do dia, a tend\u00eancia \u00e9 de diminui\u00e7\u00e3o gradual da chuva, com per\u00edodos de nebulosidade.<\/p>\n<p dir=\"ltr\">Mesmo com a redu\u00e7\u00e3o das instabilidades, ainda h\u00e1<strong> previs\u00e3o de rajadas de vento entre 60 e 80 km\/h, com possibilidade de atingir os 90 km\/h em pontos do Litoral Sul<\/strong>. O mar permanece agitado, com risco de ressaca.<\/p>\n<p dir=\"ltr\">No cen\u00e1rio hidrol\u00f3gico, a<strong> eleva\u00e7\u00e3o dos n\u00edveis de rios e c\u00f3rregos exige aten\u00e7\u00e3o<\/strong>, especialmente no Oeste e Centro do Rio Grande do Sul. H\u00e1 <strong>risco de alagamentos em \u00e1reas urbanas e cheias em pequenos cursos d\u2019\u00e1gua<\/strong>. J\u00e1 os rios de maior porte devem ter eleva\u00e7\u00e3o moderada, sem indicativo de grandes inunda\u00e7\u00f5es.<\/p>\n<p dir=\"ltr\">A partir desta quarta-feira at\u00e9 o dia 11, a tend\u00eancia \u00e9 de tempo mais est\u00e1vel na Regi\u00e3o Sul. No entanto, uma nova \u00e1rea de baixa press\u00e3o pode voltar a provocar instabilidades nos pr\u00f3ximos dias.<\/p>\n<p>\t\t\t\t\t\t\t\t\t\t<img loading=\"lazy\" decoding=\"async\" src=\"https:\/\/brasil61.com\/api\/v1\/serve_pixel\/17677\/88791\" alt=\"Pixel Brasil 61\" class=\"b61_pixel\" width=\"0\" height=\"0\"><\/p>\n<input type=\"hidden\" id=\"baseurl\" value=\"https:\/\/noticiasdestaque.com.br\"><input type=\"hidden\" id=\"audio_nonce\" value=\"9fd43fe80e\">","protected":false},"excerpt":{"rendered":"<p>Chuva intensa, ventos de at\u00e9 90 km\/h e risco de alagamentos ainda atingem a regi\u00e3o; volumes j\u00e1 superam 100 mm em \u00e1reas do RS<\/p>\n","protected":false},"author":1,"featured_media":51332,"comment_status":"open","ping_status":"open","sticky":false,"template":"","format":"standard","meta":{"fifu_image_url":"","fifu_image_alt":"","footnotes":""},"categories":[58],"tags":[],"class_list":["post-51331","post","type-post","status-publish","format-standard","has-post-thumbnail","hentry","category-cotidiano"],"distributor_meta":false,"distributor_terms":false,"distributor_media":false,"distributor_original_site_name":"Noticias em Destaque","distributor_original_site_url":"https:\/\/noticiasdestaque.com.br","push-errors":false,"_links":{"self":[{"href":"https:\/\/noticiasdestaque.com.br\/index.php\/wp-json\/wp\/v2\/posts\/51331","targetHints":{"allow":["GET"]}}],"collection":[{"href":"https:\/\/noticiasdestaque.com.br\/index.php\/wp-json\/wp\/v2\/posts"}],"about":[{"href":"https:\/\/noticiasdestaque.com.br\/index.php\/wp-json\/wp\/v2\/types\/post"}],"author":[{"embeddable":true,"href":"https:\/\/noticiasdestaque.com.br\/index.php\/wp-json\/wp\/v2\/users\/1"}],"replies":[{"embeddable":true,"href":"https:\/\/noticiasdestaque.com.br\/index.php\/wp-json\/wp\/v2\/comments?post=51331"}],"version-history":[{"count":0,"href":"https:\/\/noticiasdestaque.com.br\/index.php\/wp-json\/wp\/v2\/posts\/51331\/revisions"}],"wp:featuredmedia":[{"embeddable":true,"href":"https:\/\/noticiasdestaque.com.br\/index.php\/wp-json\/wp\/v2\/media\/51332"}],"wp:attachment":[{"href":"https:\/\/noticiasdestaque.com.br\/index.php\/wp-json\/wp\/v2\/media?parent=51331"}],"wp:term":[{"taxonomy":"category","embeddable":true,"href":"https:\/\/noticiasdestaque.com.br\/index.php\/wp-json\/wp\/v2\/categories?post=51331"},{"taxonomy":"post_tag","embeddable":true,"href":"https:\/\/noticiasdestaque.com.br\/index.php\/wp-json\/wp\/v2\/tags?post=51331"}],"curies":[{"name":"wp","href":"https:\/\/api.w.org\/{rel}","templated":true}]}}