{"id":51313,"date":"2026-04-07T18:00:00","date_gmt":"2026-04-07T21:00:00","guid":{"rendered":"https:\/\/noticiasdestaque.com.br\/index.php\/2026\/04\/07\/previsao-do-tempo-instabilidade-provoca-chuvas-no-nordeste-nesta-quarta-feira-8\/"},"modified":"2026-04-07T18:00:00","modified_gmt":"2026-04-07T21:00:00","slug":"previsao-do-tempo-instabilidade-provoca-chuvas-no-nordeste-nesta-quarta-feira-8","status":"publish","type":"post","link":"https:\/\/noticiasdestaque.com.br\/index.php\/2026\/04\/07\/previsao-do-tempo-instabilidade-provoca-chuvas-no-nordeste-nesta-quarta-feira-8\/","title":{"rendered":"PREVIS\u00c3O DO TEMPO: instabilidade provoca chuvas no Nordeste nesta quarta-feira (8)"},"content":{"rendered":"<p>\t\t\t\t\t\t\t\t\t\t\t<audio controls class=\"b61_audio_player\" data-noticia=\"88771\" src=\"https:\/\/brasil61.com\/rails\/active_storage\/blobs\/eyJfcmFpbHMiOnsibWVzc2FnZSI6IkJBaHBBd0VSQkE9PSIsImV4cCI6bnVsbCwicHVyIjoiYmxvYl9pZCJ9fQ==--b7c993fdc15780efedf3a0f7f64d40798462276f\/PTND265009A\"><\/audio><\/p>\n<p>\u00a0<\/p>\n<\/p>\n<p>O<strong> Instituto Nacional de Meteorologia<\/strong> (<a href=\"https:\/\/portal.inmet.gov.br\/\">Inmet<\/a>) emitiu alerta de perigo de chuvas intensas para a Regi\u00e3o Nordeste nesta quarta-feira (8).<\/p>\n<p>No <strong>Maranh\u00e3o<\/strong>, a <strong>chuva <\/strong>ser\u00e1 mais intensa em Nova Olinda do Maranh\u00e3o e Turia\u00e7u, na Regi\u00e3o Norte do estado.\u00a0<\/p>\n<p>No <strong>Piau\u00ed<\/strong>, h\u00e1 <strong>pancadas isoladas<\/strong> em Santa Rosa do Piau\u00ed, S\u00e3o Jos\u00e9 do Piau\u00ed e S\u00e3o Francisco do Piau\u00ed, na Regi\u00e3o Sudeste.<\/p>\n<p>No <strong>Cear\u00e1<\/strong>, <strong>chove <\/strong>com trovoadas em Morada Nova e Tabuleiro do Norte, na Regi\u00e3o Jaguaribe.<\/p>\n<p>No <strong>Rio Grande do Norte<\/strong>, a previs\u00e3o \u00e9 de <strong>chuva <\/strong>em S\u00e3o Rafael e Santana do Matos, na Regi\u00e3o Central.<\/p>\n<p>Na <strong>Para\u00edba<\/strong>, h\u00e1 <strong>precipita\u00e7\u00f5es <\/strong>em S\u00e3o Bentinho, Pianc\u00f3 e Sousa, na Regi\u00e3o do Sert\u00e3o. Em <strong>Pernambuco<\/strong>, a <strong>instabilidade <\/strong>atinge Flores e Serra Talhada, tamb\u00e9m no Sert\u00e3o.<\/p>\n<p><strong>Alagoas <\/strong>e <strong>Sergipe <\/strong>t\u00eam muitas <strong>nuvens com possibilidade de chuva isolada<\/strong>.\u00a0<\/p>\n<p>Na <strong>Bahia<\/strong>, a <strong>chuva <\/strong>deve ocorrer de forma isolada na Regi\u00e3o Litor\u00e2nea.<\/p>\n<p>Entre as capitais, a temperatura m\u00ednima prevista \u00e9 de 23\u00b0C em Macei\u00f3. J\u00e1 a m\u00e1xima pode chegar a 31\u00b0C, em Salvador. A umidade relativa do ar varia entre 60% e 100%.<\/p>\n<h2>5 motivos para acompanhar as previs\u00f5es do tempo<\/h2>\n<ul>\n<li>Agricultura: garantia de uma boa colheita;<\/li>\n<li>Marinha: prote\u00e7\u00e3o de marinheiros, navios e passageiros;<\/li>\n<li>Aeron\u00e1utica: seguran\u00e7a de pilotos, aeronaves e passageiros;<\/li>\n<li>Pesca: condi\u00e7\u00f5es favor\u00e1veis e seguras para a atividade;<\/li>\n<li>Turismo: garantia de passeios e viagens tranquilas e agrad\u00e1veis.<\/li>\n<\/ul>\n<h2>Import\u00e2ncia das observa\u00e7\u00f5es meteorol\u00f3gicas no INMET<\/h2>\n<p>As observa\u00e7\u00f5es meteorol\u00f3gicas do <a href=\"https:\/\/portal.inmet.gov.br\/\">INMET<\/a> s\u00e3o essenciais para previs\u00f5es em tempo real, estat\u00edsticas clim\u00e1ticas e coopera\u00e7\u00e3o internacional. Esses dados precisos ajudam a estudar o clima passado e a produzir Normais Climatol\u00f3gicas conforme a <strong>Organiza\u00e7\u00e3o Meteorol\u00f3gica Mundial<\/strong> (<a href=\"https:\/\/worldweather.wmo.int\/pt\/home.html\">OMM<\/a>).<\/p>\n<p>As informa\u00e7\u00f5es s\u00e3o do <strong>Instituto Nacional de Meteorologia <\/strong>(<a href=\"https:\/\/portal.inmet.gov.br\/\">Inmet<\/a>).<br \/>\n\u00a0<\/p>\n<p>\t\t\t\t\t\t\t\t\t\t<img loading=\"lazy\" decoding=\"async\" src=\"https:\/\/brasil61.com\/api\/v1\/serve_pixel\/17677\/88771\" alt=\"Pixel Brasil 61\" class=\"b61_pixel\" width=\"0\" height=\"0\"><\/p>\n<input type=\"hidden\" id=\"baseurl\" value=\"https:\/\/noticiasdestaque.com.br\"><input type=\"hidden\" id=\"audio_nonce\" value=\"9fd43fe80e\">","protected":false},"excerpt":{"rendered":"<p>No Maranh\u00e3o, a chuva ser\u00e1 mais intensa em Nova Olinda do Maranh\u00e3o e Turia\u00e7u, na Regi\u00e3o Norte do estado<\/p>\n","protected":false},"author":1,"featured_media":51314,"comment_status":"open","ping_status":"open","sticky":false,"template":"","format":"standard","meta":{"fifu_image_url":"","fifu_image_alt":"","footnotes":""},"categories":[58],"tags":[],"class_list":["post-51313","post","type-post","status-publish","format-standard","has-post-thumbnail","hentry","category-cotidiano"],"distributor_meta":false,"distributor_terms":false,"distributor_media":false,"distributor_original_site_name":"Noticias em Destaque","distributor_original_site_url":"https:\/\/noticiasdestaque.com.br","push-errors":false,"_links":{"self":[{"href":"https:\/\/noticiasdestaque.com.br\/index.php\/wp-json\/wp\/v2\/posts\/51313","targetHints":{"allow":["GET"]}}],"collection":[{"href":"https:\/\/noticiasdestaque.com.br\/index.php\/wp-json\/wp\/v2\/posts"}],"about":[{"href":"https:\/\/noticiasdestaque.com.br\/index.php\/wp-json\/wp\/v2\/types\/post"}],"author":[{"embeddable":true,"href":"https:\/\/noticiasdestaque.com.br\/index.php\/wp-json\/wp\/v2\/users\/1"}],"replies":[{"embeddable":true,"href":"https:\/\/noticiasdestaque.com.br\/index.php\/wp-json\/wp\/v2\/comments?post=51313"}],"version-history":[{"count":0,"href":"https:\/\/noticiasdestaque.com.br\/index.php\/wp-json\/wp\/v2\/posts\/51313\/revisions"}],"wp:featuredmedia":[{"embeddable":true,"href":"https:\/\/noticiasdestaque.com.br\/index.php\/wp-json\/wp\/v2\/media\/51314"}],"wp:attachment":[{"href":"https:\/\/noticiasdestaque.com.br\/index.php\/wp-json\/wp\/v2\/media?parent=51313"}],"wp:term":[{"taxonomy":"category","embeddable":true,"href":"https:\/\/noticiasdestaque.com.br\/index.php\/wp-json\/wp\/v2\/categories?post=51313"},{"taxonomy":"post_tag","embeddable":true,"href":"https:\/\/noticiasdestaque.com.br\/index.php\/wp-json\/wp\/v2\/tags?post=51313"}],"curies":[{"name":"wp","href":"https:\/\/api.w.org\/{rel}","templated":true}]}}