{"id":51303,"date":"2026-04-07T04:25:00","date_gmt":"2026-04-07T07:25:00","guid":{"rendered":"https:\/\/noticiasdestaque.com.br\/index.php\/2026\/04\/07\/la-nina-fenomeno-provoca-perdas-de-ate-50-na-produtividade-da-soja-no-rs\/"},"modified":"2026-04-07T04:25:00","modified_gmt":"2026-04-07T07:25:00","slug":"la-nina-fenomeno-provoca-perdas-de-ate-50-na-produtividade-da-soja-no-rs","status":"publish","type":"post","link":"https:\/\/noticiasdestaque.com.br\/index.php\/2026\/04\/07\/la-nina-fenomeno-provoca-perdas-de-ate-50-na-produtividade-da-soja-no-rs\/","title":{"rendered":"La Ni\u00f1a: fen\u00f4meno provoca perdas de at\u00e9 50% na produtividade da soja no RS"},"content":{"rendered":"<p>\t\t\t\t\t\t\t\t\t\t\t<audio controls class=\"b61_audio_player\" data-noticia=\"88751\" src=\"https:\/\/brasil61.com\/rails\/active_storage\/blobs\/eyJfcmFpbHMiOnsibWVzc2FnZSI6IkJBaHBBeGtRQkE9PSIsImV4cCI6bnVsbCwicHVyIjoiYmxvYl9pZCJ9fQ==--4713dd7ccd22ba7db9244131f64950c5b4a6630b\/BRAS2616201A\"><\/audio><\/p>\n<p>A <strong>safra de ver\u00e3o 2025\/2026 na Regi\u00e3o Sul <\/strong>do Brasil tem sido <strong>marcada por desafios causados por uma queda de bra\u00e7o entre a produtividade e o clima<\/strong>. Sob a <strong>influ\u00eancia do fen\u00f4meno La Ni\u00f1a<\/strong>, que historicamente <strong>reduz o volume de chuvas na parte meridional do pa\u00eds<\/strong>, produtores ga\u00fachos, catarinenses e paranaenses enfrentam um <strong>ciclo de chuvas mais irregulares e a redu\u00e7\u00e3o dos acumulados em rela\u00e7\u00e3o \u00e0s taxas normais para o per\u00edodo, impactando boa parte da safra<\/strong>.<\/p>\n<p>O <a href=\"https:\/\/portal.inmet.gov.br\/noticias\/tempo-mais-seco-favorece-a-colheita-de-gr%C3%A3os-mas-limita-o-desenvolvimento-das-culturas-de-segunda-safra-na-regi%C3%A3o-sul\">monitoramento do Inmet<\/a> indicou que, apesar das dificuldades, o <strong>centro-sul e leste da regi\u00e3o ainda conseguiram volumes pontuais de at\u00e9 457,4 mm em esta\u00e7\u00f5es como Morretes (PR), devido a instabilidades locais, contrastando com o quadro geral de seca imposto pelo fen\u00f4meno de larga escala<\/strong>.<\/p>\n<p>No<strong> Rio Grande do Sul<\/strong>, o <strong>impacto do fen\u00f4meno foi sentido com maior rigor<\/strong>. O estado <strong>registrou volumes de chuva consideravelmente inferiores \u00e0 m\u00e9dia hist\u00f3rica<\/strong> durante meses <strong>cruciais para o enchimento de gr\u00e3os<\/strong>. Embora fevereiro de 2026 tenha apresentado uma <strong>leve melhora em rela\u00e7\u00e3o a janeiro, as precipita\u00e7\u00f5es ocorreram de forma concentrada<\/strong>, mantendo per\u00edodos prolongados de solo seco. Esse <strong>cen\u00e1rio de escassez h\u00eddrica severa resultou em perdas irrevers\u00edveis na produ\u00e7\u00e3o de soja<\/strong>, especialmente nas regi\u00f5es oeste e noroeste do estado, onde o armazenamento de \u00e1gua no solo caiu para n\u00edveis cr\u00edticos.<\/p>\n<p>Em <strong>Santa Catarina<\/strong>, a <strong>irregularidade das chuvas tamb\u00e9m imp\u00f4s desafios severos \u00e0s col\u00f4nias agr\u00edcolas<\/strong>. No extremo oeste catarinense, os <strong>acumulados de chuva ficaram abaixo de 150 mm, o que limitou o potencial produtivo das lavouras de primeira safra<\/strong>. As <strong>temperaturas m\u00e1ximas m\u00e9dias elevadas, que em algumas localidades superaram os 33 \u00b0C , aceleraram a evapotranspira\u00e7\u00e3o<\/strong>, reduzindo rapidamente a reserva h\u00eddrica dispon\u00edvel. O cen\u00e1rio <strong>s\u00f3 n\u00e3o foi mais grave devido a pancadas de ver\u00e3o isoladas<\/strong> que, embora intensas em curto per\u00edodo, <strong>garantiram uma sobreviv\u00eancia m\u00ednima em \u00e1reas do centro-leste do estado<\/strong>.<\/p>\n<p>No <strong>Paran\u00e1<\/strong>, o panorama <strong>apresentou maior contraste regional<\/strong>. Enquanto <strong>o centro-sul e o leste paranaense conseguiram manter n\u00edveis satisfat\u00f3rios de armazenamento de \u00e1gua no solo (acima de 70%)<\/strong>, beneficiando a matura\u00e7\u00e3o e colheita, as <strong>por\u00e7\u00f5es oeste e noroeste sofreram com a influ\u00eancia direta do tempo seco<\/strong>. Em Marechal C\u00e2ndido Rondon, por exemplo, as<strong> temperaturas m\u00e1ximas chegaram a m\u00e9dias de 34,4 \u00b0C, intensificando o estresse t\u00e9rmico sobre as plantas<\/strong>. O tempo firme, se por um lado agilizou a entrada das colheitadeiras no campo, por outro, <strong>limitou drasticamente o estabelecimento inicial das culturas de segunda safra<\/strong>.<\/p>\n<h2>La Ni\u00f1a<\/h2>\n<p>O <strong>fen\u00f4meno La Ni\u00f1a<\/strong>, <strong>caracterizado pelo resfriamento das \u00e1guas do Pac\u00edfico Equatorial<\/strong>, foi o <strong>principal motor dessa din\u00e2mica<\/strong>. Mesmo em fase de transi\u00e7\u00e3o para a neutralidade clim\u00e1tica no final do primeiro trimestre de 2026, os <strong>efeitos residuais da seca acumulada durante o ver\u00e3o deixaram um rastro de preju\u00edzos<\/strong>.<\/p>\n<p>O Inmet aponta que a<strong> baixa trafegabilidade e as janelas de plantio apertadas para a safrinha s\u00e3o consequ\u00eancias diretas desse ciclo, exigindo que o agricultor sulista adote, cada vez mais, estrat\u00e9gias de manejo de solo e seguro agr\u00edcola para mitigar a volatilidade clim\u00e1tica que se tornou a marca desta temporada<\/strong>.<\/p>\n<p>\u00a0<\/p>\n<p>As informa\u00e7\u00f5es s\u00e3o do Instituto Nacional de Meteorologia (Inmet).<\/p>\n<p>\t\t\t\t\t\t\t\t\t\t<img loading=\"lazy\" decoding=\"async\" src=\"https:\/\/brasil61.com\/api\/v1\/serve_pixel\/17677\/88751\" alt=\"Pixel Brasil 61\" class=\"b61_pixel\" width=\"0\" height=\"0\"><\/p>\n<input type=\"hidden\" id=\"baseurl\" value=\"https:\/\/noticiasdestaque.com.br\"><input type=\"hidden\" id=\"audio_nonce\" value=\"62ca87eee3\">","protected":false},"excerpt":{"rendered":"<p>A irregularidade das chuvas e as altas temperaturas tamb\u00e9m limitam o potencial produtivo das lavouras<\/p>\n","protected":false},"author":1,"featured_media":51304,"comment_status":"open","ping_status":"open","sticky":false,"template":"","format":"standard","meta":{"fifu_image_url":"","fifu_image_alt":"","footnotes":""},"categories":[58],"tags":[],"class_list":["post-51303","post","type-post","status-publish","format-standard","has-post-thumbnail","hentry","category-cotidiano"],"distributor_meta":false,"distributor_terms":false,"distributor_media":false,"distributor_original_site_name":"Noticias em Destaque","distributor_original_site_url":"https:\/\/noticiasdestaque.com.br","push-errors":false,"_links":{"self":[{"href":"https:\/\/noticiasdestaque.com.br\/index.php\/wp-json\/wp\/v2\/posts\/51303","targetHints":{"allow":["GET"]}}],"collection":[{"href":"https:\/\/noticiasdestaque.com.br\/index.php\/wp-json\/wp\/v2\/posts"}],"about":[{"href":"https:\/\/noticiasdestaque.com.br\/index.php\/wp-json\/wp\/v2\/types\/post"}],"author":[{"embeddable":true,"href":"https:\/\/noticiasdestaque.com.br\/index.php\/wp-json\/wp\/v2\/users\/1"}],"replies":[{"embeddable":true,"href":"https:\/\/noticiasdestaque.com.br\/index.php\/wp-json\/wp\/v2\/comments?post=51303"}],"version-history":[{"count":0,"href":"https:\/\/noticiasdestaque.com.br\/index.php\/wp-json\/wp\/v2\/posts\/51303\/revisions"}],"wp:featuredmedia":[{"embeddable":true,"href":"https:\/\/noticiasdestaque.com.br\/index.php\/wp-json\/wp\/v2\/media\/51304"}],"wp:attachment":[{"href":"https:\/\/noticiasdestaque.com.br\/index.php\/wp-json\/wp\/v2\/media?parent=51303"}],"wp:term":[{"taxonomy":"category","embeddable":true,"href":"https:\/\/noticiasdestaque.com.br\/index.php\/wp-json\/wp\/v2\/categories?post=51303"},{"taxonomy":"post_tag","embeddable":true,"href":"https:\/\/noticiasdestaque.com.br\/index.php\/wp-json\/wp\/v2\/tags?post=51303"}],"curies":[{"name":"wp","href":"https:\/\/api.w.org\/{rel}","templated":true}]}}