{"id":51285,"date":"2026-04-06T04:45:00","date_gmt":"2026-04-06T07:45:00","guid":{"rendered":"https:\/\/noticiasdestaque.com.br\/index.php\/2026\/04\/06\/sao-paulo-e-minas-gerais-lideram-ranking-das-migracoes-para-o-mercado-livre-em-2025-2\/"},"modified":"2026-04-06T04:45:00","modified_gmt":"2026-04-06T07:45:00","slug":"sao-paulo-e-minas-gerais-lideram-ranking-das-migracoes-para-o-mercado-livre-em-2025-2","status":"publish","type":"post","link":"https:\/\/noticiasdestaque.com.br\/index.php\/2026\/04\/06\/sao-paulo-e-minas-gerais-lideram-ranking-das-migracoes-para-o-mercado-livre-em-2025-2\/","title":{"rendered":"S\u00e3o Paulo e Minas Gerais lideram ranking das migra\u00e7\u00f5es para o mercado livre em 2025"},"content":{"rendered":"<p>\t\t\t\t\t\t\t\t\t\t\t<audio controls class=\"b61_audio_player\" data-noticia=\"88736\" src=\"https:\/\/brasil61.com\/rails\/active_storage\/blobs\/eyJfcmFpbHMiOnsibWVzc2FnZSI6IkJBaHBBOElQQkE9PSIsImV4cCI6bnVsbCwicHVyIjoiYmxvYl9pZCJ9fQ==--3a1f5aa637dac5175f1fd24b4109d1dc321af030\/BRAS2616196A\"><\/audio><\/p>\n<p><strong>Em 2025, o Brasil registrou a entrada de mais de 21 mil novas unidades consumidoras no mercado livre de energia. S\u00e3o Paulo lidera o ranking estadual, com 6.114 migra\u00e7\u00f5es. Os dados constam em <a href=\"https:\/\/www.ccee.org.br\/o\/ccee\/documentos\/CCEE_1226128\" target=\"_blank\">estudo<\/a> divulgado pela C\u00e2mara de Comercializa\u00e7\u00e3o de Energia El\u00e9trica <a href=\"https:\/\/www.ccee.org.br\/\" target=\"_blank\">(CCEE)<\/a>.<\/strong><\/p>\n<p>Paran\u00e1 e Minas Gerais aparecem em seguida, com 2.214 e 1.743 migra\u00e7\u00f5es, respectivamente. Confira o ranking completo por estado:<br \/>\nRanking por estado<\/p>\n<ol>\n<li>S\u00e3o Paulo \u2013 6.114<\/li>\n<li>Paran\u00e1 \u2013 2.214<\/li>\n<li>Minas Gerais \u2013 1.743<\/li>\n<li>Rio Grande do Sul \u2013 1.581<\/li>\n<li>Santa Catarina \u2013 1.344<\/li>\n<li>Rio de Janeiro \u2013 1.233<\/li>\n<li>Bahia \u2013 881<\/li>\n<li>Cear\u00e1 \u2013 872<\/li>\n<li>Mato Grosso \u2013 821<\/li>\n<li>Par\u00e1 \u2013 690<\/li>\n<li>Goi\u00e1s \u2013 584<\/li>\n<li>Pernambuco \u2013 582<\/li>\n<li>Esp\u00edrito Santo \u2013 437<\/li>\n<li>Mato Grosso do Sul \u2013 386<\/li>\n<li>Distrito Federal \u2013 309<\/li>\n<li>Maranh\u00e3o \u2013 296<\/li>\n<li>Rio Grande do Norte \u2013 262<\/li>\n<li>Para\u00edba \u2013 235<\/li>\n<li>Rond\u00f4nia \u2013 201<\/li>\n<li>Amazonas \u2013 197<\/li>\n<li>Piau\u00ed \u2013 194<\/li>\n<li>Tocantins \u2013 152<\/li>\n<li>Sergipe \u2013 128<\/li>\n<li>Alagoas \u2013 116<\/li>\n<li>Acre \u2013 49<\/li>\n<li>Amap\u00e1 \u2013 27<\/li>\n<li>Roraima \u2013 sem informa\u00e7\u00f5es<\/li>\n<\/ol>\n<p>O Mercado Livre de Energia \u00e9 um ambiente competitivo de negocia\u00e7\u00e3o de energia el\u00e9trica no qual os consumidores e os fornecedores podem negociar livremente todas as condi\u00e7\u00f5es comerciais, como pre\u00e7o, quantidade de energia, per\u00edodo de suprimento, pagamento, entre outros aspectos.<\/p>\n<h2>Cen\u00e1rio por regi\u00e3o e setor econ\u00f4mico<\/h2>\n<p><strong>No campo regional, o destaque \u00e9 para o Sudeste, com 9.527 novas unidades consumidoras em 2025. O Sul aparece em seguida, com 5.139 migra\u00e7\u00f5es. O Nordeste, configura em terceiro, com um total de 3.566, enquanto o Centro-Oeste conta com 2.100 novas unidades. J\u00e1 o Norte registrou 1.316.<\/strong><\/p>\n<p><strong>VEJA MAIS:<\/strong><\/p>\n<ul>\n<li><a href=\"https:\/\/brasil61.com\/n\/ministerio-das-comunicacoes-e-anatel-publicam-edital-de-licitacao-da-faixa-de-700-mhz-para-ampliar-conectividade-no-brasil-mcom260311\" target=\"_blank\">Minist\u00e9rio das Comunica\u00e7\u00f5es e Anatel publicam edital de licita\u00e7\u00e3o da faixa de 700 MHz para ampliar conectividade no Brasil<\/a><\/li>\n<li><a href=\"https:\/\/brasil61.com\/n\/estados-e-municipios-recebem-r-3-1-bilhoes-em-participacoes-especiais-da-anp-veja-a-lista-bras2615916\" target=\"_blank\">Estados e munic\u00edpios recebem R$ 3,1 bilh\u00f5es em participa\u00e7\u00f5es especiais da ANP; veja a lista<\/a><\/li>\n<\/ul>\n<p><strong>Em rela\u00e7\u00e3o aos setores econ\u00f4micos, o destaque \u00e9 para servi\u00e7os, que passou de 6.648 unidades consumidoras para 7.458, no per\u00edodo analisado.<\/strong> Com\u00e9rcio tamb\u00e9m teve boa ades\u00e3o, ao sair de 4.098 para 6.379 unidades consumidoras. Confira o resultado de outras atividades:\u00a0<\/p>\n<ul>\n<li>Aliment\u00edcios \u2014 de 1.940 para 3.194<\/li>\n<li>Saneamento \u2014 de 1.790 para 2.248<\/li>\n<li>Manufaturados diversos \u2014 de 1.780 para 2.984<\/li>\n<li>Minerais n\u00e3o met\u00e1licos \u2014 de 904 para 1.195<\/li>\n<li>Metalurgia e produtos de metal \u2014 de 665 para 939<\/li>\n<li>Madeira, papel e celulose \u2014 de 433 para 507<\/li>\n<li>Transporte \u2014 de 302 para 317<\/li>\n<li>Qu\u00edmicos \u2014 de 299 para 363<\/li>\n<li>Telecomunica\u00e7\u00f5es \u2014 de (n\u00e3o informado) para 282<\/li>\n<li>T\u00eaxteis \u2014 de 251 para 521<\/li>\n<li>Ve\u00edculos \u2014 de 159 para 291<\/li>\n<li>Bebidas \u2014 de (n\u00e3o informado) para 167<\/li>\n<li>Extra\u00e7\u00e3o de minerais met\u00e1licas \u2014 de 35 para 28<\/li>\n<\/ul>\n<p><strong>Energias renov\u00e1veis no Brasil<\/strong><\/p>\n<p><strong><a href=\"https:\/\/brasil61.com\/n\/baterias-podem-impulsionar-mercado-de-energias-renovaveis-em-mais-de-r-70-bilhoes-bras2615497\" target=\"_blank\">O Brasil \u00e9 apontado como o terceiro pa\u00eds que mais gera energia a partir de fontes renov\u00e1veis no mundo. <\/a>A informa\u00e7\u00e3o \u00e9 da Ag\u00eancia Internacional de Energia Renov\u00e1vel (Irena, em ingl\u00eas), com dados at\u00e9 abril de 2024.<\/strong><\/p>\n<p>Ao todo, o pa\u00eds contabiliza 213 gigawatts de capacidade instalada, atr\u00e1s apenas da China (1.800 GW) e dos Estados Unidos (428 GW). No entanto, o Operador Nacional do Sistema El\u00e9trico (ONS) estima que aproximadamente 17% dessa energia \u00e9 desperdi\u00e7ada devido \u00e0 falta de armazenamento ou integra\u00e7\u00e3o do sistema el\u00e9trico. A Regi\u00e3o Nordeste, onde 70,6% da eletricidade \u00e9 gerada a partir de fontes solar ou e\u00f3lica, \u00e9 a mais afetada por essa limita\u00e7\u00e3o.<br \/>\n\u00a0<\/p>\n<p>\t\t\t\t\t\t\t\t\t\t<img loading=\"lazy\" decoding=\"async\" src=\"https:\/\/brasil61.com\/api\/v1\/serve_pixel\/17677\/88736\" alt=\"Pixel Brasil 61\" class=\"b61_pixel\" width=\"0\" height=\"0\"><\/p>\n<input type=\"hidden\" id=\"baseurl\" value=\"https:\/\/noticiasdestaque.com.br\"><input type=\"hidden\" id=\"audio_nonce\" value=\"62ca87eee3\">","protected":false},"excerpt":{"rendered":"<p>Entre os setores econ\u00f4micos, servi\u00e7os e com\u00e9rcio s\u00e3o os que registram o maior crescimento de ades\u00f5es<\/p>\n","protected":false},"author":1,"featured_media":51286,"comment_status":"open","ping_status":"open","sticky":false,"template":"","format":"standard","meta":{"fifu_image_url":"","fifu_image_alt":"","footnotes":""},"categories":[59],"tags":[],"class_list":["post-51285","post","type-post","status-publish","format-standard","has-post-thumbnail","hentry","category-economia"],"distributor_meta":false,"distributor_terms":false,"distributor_media":false,"distributor_original_site_name":"Noticias em Destaque","distributor_original_site_url":"https:\/\/noticiasdestaque.com.br","push-errors":false,"_links":{"self":[{"href":"https:\/\/noticiasdestaque.com.br\/index.php\/wp-json\/wp\/v2\/posts\/51285","targetHints":{"allow":["GET"]}}],"collection":[{"href":"https:\/\/noticiasdestaque.com.br\/index.php\/wp-json\/wp\/v2\/posts"}],"about":[{"href":"https:\/\/noticiasdestaque.com.br\/index.php\/wp-json\/wp\/v2\/types\/post"}],"author":[{"embeddable":true,"href":"https:\/\/noticiasdestaque.com.br\/index.php\/wp-json\/wp\/v2\/users\/1"}],"replies":[{"embeddable":true,"href":"https:\/\/noticiasdestaque.com.br\/index.php\/wp-json\/wp\/v2\/comments?post=51285"}],"version-history":[{"count":0,"href":"https:\/\/noticiasdestaque.com.br\/index.php\/wp-json\/wp\/v2\/posts\/51285\/revisions"}],"wp:featuredmedia":[{"embeddable":true,"href":"https:\/\/noticiasdestaque.com.br\/index.php\/wp-json\/wp\/v2\/media\/51286"}],"wp:attachment":[{"href":"https:\/\/noticiasdestaque.com.br\/index.php\/wp-json\/wp\/v2\/media?parent=51285"}],"wp:term":[{"taxonomy":"category","embeddable":true,"href":"https:\/\/noticiasdestaque.com.br\/index.php\/wp-json\/wp\/v2\/categories?post=51285"},{"taxonomy":"post_tag","embeddable":true,"href":"https:\/\/noticiasdestaque.com.br\/index.php\/wp-json\/wp\/v2\/tags?post=51285"}],"curies":[{"name":"wp","href":"https:\/\/api.w.org\/{rel}","templated":true}]}}