{"id":5128,"date":"2023-02-20T11:36:22","date_gmt":"2023-02-20T14:36:22","guid":{"rendered":"https:\/\/noticiasdestaque.com.br\/index.php\/2023\/02\/20\/campanha-de-vacinacao-dos-yanomami-comeca-no-dia\/"},"modified":"2023-02-20T11:36:22","modified_gmt":"2023-02-20T14:36:22","slug":"campanha-de-vacinacao-dos-yanomami-comeca-no-dia","status":"publish","type":"post","link":"https:\/\/noticiasdestaque.com.br\/index.php\/2023\/02\/20\/campanha-de-vacinacao-dos-yanomami-comeca-no-dia\/","title":{"rendered":"Campanha de vacina\u00e7\u00e3o dos yanomami come\u00e7a no dia 25"},"content":{"rendered":"<style> bloco.meta {font-style: italic; color: #666;font-weight: 600;font-size: .8em; \/* line-height: .3em; *\/}  text h2 { font-weight: 700 !important;  color: #062f46 !important;} text img { width: none; left: none;}<\/style>\n<\/p>\n<p>Come\u00e7a no dia 25 de fevereiro a campanha de vacina\u00e7\u00e3o nas comunidades ind\u00edgenas do territ\u00f3rio yanomami e na Casa de Apoio \u00e0 Sa\u00fade Ind\u00edgena (Casai) em Boa Vista. De acordo com o boletim di\u00e1rio atualizado nesta quinta-feira (16) pelo Centro de Opera\u00e7\u00f5es de Emerg\u00eancias (COE) do governo federal, ser\u00e3o aplicadas vacinas do calend\u00e1rio de rotina para crian\u00e7as e adultos, incluindo as <a href=\"https:\/\/agenciabrasil.ebc.com.br\/saude\/noticia\/2023-02\/saude-antecipa-vacinacao-contra-covid-19-em-terra-yanomami\" target=\"_blank\" rel=\"noopener\">bivalentes para covid-19<\/a>. Os imunizantes ser\u00e3o enviados para comunidades de Surucucu, Kataroa, Maloca Paapi\u00fa, Auaris, Miss\u00e3o Catrimani e Waputha.<\/p>\n<p>A popula\u00e7\u00e3o yanomami vive uma crise humanit\u00e1ria grave. Afetados pela presen\u00e7a do garimpo ilegal em suas terras, os ind\u00edgenas dessa regi\u00e3o convivem com destrui\u00e7\u00e3o ambiental, contamina\u00e7\u00e3o da \u00e1gua, propaga\u00e7\u00e3o de doen\u00e7as e viol\u00eancia. A situa\u00e7\u00e3o \u00e9 hist\u00f3rica, mas se agravou nos \u00faltimos quatro anos. Segundo o COE, neste momento os m\u00e9dicos lidam com 54 casos de desnutri\u00e7\u00e3o, 41 de pneumonia, 24 casos de diarreia aguda e 26 de mal\u00e1ria. At\u00e9 esta quinta, 157 ind\u00edgenas tiveram alta ap\u00f3s tratamento de diferentes doen\u00e7as e agravamentos de sa\u00fade. <\/p>\n<p class=\"alt-font font-italic my-2 small text-info\">\n                                                Edi\u00e7\u00e3o:   F\u00e1bio Massalli                    <\/p>\n<p>            <!-- blog End --><\/p>\n<p>            <!-- tag and share --><\/p>\n<p> Fonte: EBC <\/p>\n<input type=\"hidden\" id=\"baseurl\" value=\"https:\/\/noticiasdestaque.com.br\"><input type=\"hidden\" id=\"audio_nonce\" value=\"eb7638fb71\">","protected":false},"excerpt":{"rendered":"<p>Etnia ind\u00edgena vive uma crise humanit\u00e1ria grave<\/p>\n","protected":false},"author":1,"featured_media":5129,"comment_status":"open","ping_status":"open","sticky":false,"template":"","format":"standard","meta":{"fifu_image_url":"","fifu_image_alt":"","footnotes":""},"categories":[51],"tags":[],"class_list":["post-5128","post","type-post","status-publish","format-standard","has-post-thumbnail","hentry","category-saude"],"distributor_meta":false,"distributor_terms":false,"distributor_media":false,"distributor_original_site_name":"Portal de Recupera\u00e7\u00e3o","distributor_original_site_url":"https:\/\/portalderecuperacao.com","push-errors":false,"_links":{"self":[{"href":"https:\/\/noticiasdestaque.com.br\/index.php\/wp-json\/wp\/v2\/posts\/5128","targetHints":{"allow":["GET"]}}],"collection":[{"href":"https:\/\/noticiasdestaque.com.br\/index.php\/wp-json\/wp\/v2\/posts"}],"about":[{"href":"https:\/\/noticiasdestaque.com.br\/index.php\/wp-json\/wp\/v2\/types\/post"}],"author":[{"embeddable":true,"href":"https:\/\/noticiasdestaque.com.br\/index.php\/wp-json\/wp\/v2\/users\/1"}],"replies":[{"embeddable":true,"href":"https:\/\/noticiasdestaque.com.br\/index.php\/wp-json\/wp\/v2\/comments?post=5128"}],"version-history":[{"count":0,"href":"https:\/\/noticiasdestaque.com.br\/index.php\/wp-json\/wp\/v2\/posts\/5128\/revisions"}],"wp:featuredmedia":[{"embeddable":true,"href":"https:\/\/noticiasdestaque.com.br\/index.php\/wp-json\/wp\/v2\/media\/5129"}],"wp:attachment":[{"href":"https:\/\/noticiasdestaque.com.br\/index.php\/wp-json\/wp\/v2\/media?parent=5128"}],"wp:term":[{"taxonomy":"category","embeddable":true,"href":"https:\/\/noticiasdestaque.com.br\/index.php\/wp-json\/wp\/v2\/categories?post=5128"},{"taxonomy":"post_tag","embeddable":true,"href":"https:\/\/noticiasdestaque.com.br\/index.php\/wp-json\/wp\/v2\/tags?post=5128"}],"curies":[{"name":"wp","href":"https:\/\/api.w.org\/{rel}","templated":true}]}}