{"id":51277,"date":"2026-04-06T04:30:00","date_gmt":"2026-04-06T07:30:00","guid":{"rendered":"https:\/\/noticiasdestaque.com.br\/index.php\/2026\/04\/06\/sem-compensacao-nova-faixa-de-isencao-do-imposto-de-renda-afeta-servicos-essenciais-como-saude-e-educacao-dizem-especialistas\/"},"modified":"2026-04-06T04:30:00","modified_gmt":"2026-04-06T07:30:00","slug":"sem-compensacao-nova-faixa-de-isencao-do-imposto-de-renda-afeta-servicos-essenciais-como-saude-e-educacao-dizem-especialistas","status":"publish","type":"post","link":"https:\/\/noticiasdestaque.com.br\/index.php\/2026\/04\/06\/sem-compensacao-nova-faixa-de-isencao-do-imposto-de-renda-afeta-servicos-essenciais-como-saude-e-educacao-dizem-especialistas\/","title":{"rendered":"Sem compensa\u00e7\u00e3o, nova faixa de isen\u00e7\u00e3o do Imposto de Renda afeta servi\u00e7os essenciais, como sa\u00fade e educa\u00e7\u00e3o, dizem especialistas"},"content":{"rendered":"<p>\t\t\t\t\t\t\t\t\t\t\t<audio controls class=\"b61_audio_player\" data-noticia=\"88728\" src=\"https:\/\/brasil61.com\/rails\/active_storage\/blobs\/eyJfcmFpbHMiOnsibWVzc2FnZSI6IkJBaHBBN1lQQkE9PSIsImV4cCI6bnVsbCwicHVyIjoiYmxvYl9pZCJ9fQ==--d56ec46e71348926cb0e0412e33d04ef9e657e3f\/BRAS2616189A\"><\/audio><\/p>\n<p><strong>Em 2026, entrou em vigor a nova faixa de isen\u00e7\u00e3o do Imposto de Renda. O novo formato beneficia integralmente quem ganha at\u00e9 R$ 5 mil por m\u00eas, al\u00e9m de prever uma desonera\u00e7\u00e3o gradual para quem recebe at\u00e9 R$ 7.350. Essa medida, por\u00e9m, acarreta perda de arrecada\u00e7\u00e3o por parte dos munic\u00edpios.<\/strong><\/p>\n<p>O especialista em or\u00e7amento p\u00fablico Cesar Lima explica que o governo at\u00e9 anunciou a\u00e7\u00f5es de compensa\u00e7\u00e3o com o objetivo de garantir um retorno efetivo dos valores aos cofres das prefeituras, mas n\u00e3o h\u00e1 garantia de que isso ser\u00e1 cumprido. <strong>Diante disso, ele considera que existe a possibilidade de a execu\u00e7\u00e3o de servi\u00e7os b\u00e1sicos destinados \u00e0 popula\u00e7\u00e3o ficar comprometida.<\/strong><\/p>\n<p>\u201cDe maneira geral, vai impactar em todos os servi\u00e7os que o munic\u00edpio presta, como nas \u00e1reas de sa\u00fade e educa\u00e7\u00e3o. Alguns j\u00e1 prestam seguran\u00e7a p\u00fablica atrav\u00e9s de suas guardas civis municipais. Ent\u00e3o, isso, com certeza, vai fazer falta para os munic\u00edpios, o que muito provavelmente pode preceder de bloqueios or\u00e7ament\u00e1rios nos munic\u00edpios\u201d, afirma.<\/p>\n<p><strong>VEJA MAIS:\u00a0<\/strong><\/p>\n<ul>\n<li><a href=\"https:\/\/brasil61.com\/n\/isencao-ampliada-do-imposto-de-renda-pode-reduzir-receita-de-aproximadamente-1-7-mil-municipios-bras2616041.amp\" target=\"_blank\">Isen\u00e7\u00e3o ampliada do Imposto de Renda pode reduzir receita de aproximadamente 1,7 mil munic\u00edpios<\/a><\/li>\n<li><a href=\"https:\/\/brasil61.com\/n\/tendencia-de-queda-nos-valores-do-fpm-pode-estar-relacionada-a-nova-faixa-de-isencao-do-imposto-de-renda-bras2616035\" target=\"_blank\">Tend\u00eancia de queda nos valores do FPM pode estar relacionada \u00e0 nova faixa de isen\u00e7\u00e3o do Imposto de Renda<\/a><\/li>\n<\/ul>\n<p><strong>De acordo com o governo federal, com o intuito de reduzir a queda na arrecada\u00e7\u00e3o, foi restabelecida em 2026 a cobran\u00e7a de imposto sobre a distribui\u00e7\u00e3o de lucros e dividendos. <\/strong>Para pessoas f\u00edsicas residentes no Brasil, incide uma al\u00edquota de 10% sobre os valores que excederem R$ 50 mil por m\u00eas \u2014 ou R$ 600 mil por ano \u2014 recebidos de cada empresa.<\/p>\n<p>O especialista em or\u00e7amento Dalmo Palmeira destaca que os c\u00e1lculos n\u00e3o s\u00e3o claros e, portanto, deixam uma lacuna de entendimento sobre os efeitos da compensa\u00e7\u00e3o.<\/p>\n<p>Ele tamb\u00e9m afirma que a legisla\u00e7\u00e3o estabelece que, caso a repara\u00e7\u00e3o n\u00e3o seja cumprida, a Uni\u00e3o assume essa responsabilidade. <strong>No entanto, n\u00e3o h\u00e1 especifica\u00e7\u00e3o sobre a origem dos recursos que seriam utilizados para essa compensa\u00e7\u00e3o. Diante disso, Palmeira entende que at\u00e9 mesmo o pagamento do funcionalismo p\u00fablico pode ser afetado.<\/strong><\/p>\n<p>\u201cIsso a\u00ed envolve sa\u00fade, educa\u00e7\u00e3o, infraestrutura, mas, inclusive, outras \u00e1reas tamb\u00e9m podem ser atingidas. A depender da estrutura do financiamento do or\u00e7amento de cada munic\u00edpio, pode, inclusive, afetar a dificuldade para o pagamento da folha de pessoal por conta dessa redu\u00e7\u00e3o da receita\u201d, pontua.<\/p>\n<h2>Impacto na arrecada\u00e7\u00e3o municipal e nos repasses do FPM<\/h2>\n<p><strong>Um estudo publicado pela Confedera\u00e7\u00e3o Nacional de Munic\u00edpios (CNM) aponta que, caso essa compensa\u00e7\u00e3o n\u00e3o seja realizada, a medida poder\u00e1 retirar ao menos R$ 9,5 bilh\u00f5es por ano dos cofres municipais.<\/strong><\/p>\n<p>Do total estimado de perdas, cerca de R$ 5 bilh\u00f5es referem-se \u00e0 redu\u00e7\u00e3o da arrecada\u00e7\u00e3o pr\u00f3pria do Imposto de Renda, enquanto aproximadamente R$ 4,5 bilh\u00f5es dizem respeito \u00e0 diminui\u00e7\u00e3o dos recursos do Fundo de Participa\u00e7\u00e3o dos Munic\u00edpios (FPM).<\/p>\n<p>\t\t\t\t\t\t\t\t\t\t<img loading=\"lazy\" decoding=\"async\" src=\"https:\/\/brasil61.com\/api\/v1\/serve_pixel\/17677\/88728\" alt=\"Pixel Brasil 61\" class=\"b61_pixel\" width=\"0\" height=\"0\"><\/p>\n<input type=\"hidden\" id=\"baseurl\" value=\"https:\/\/noticiasdestaque.com.br\"><input type=\"hidden\" id=\"audio_nonce\" value=\"9fd43fe80e\">","protected":false},"excerpt":{"rendered":"<p>Estudo da CNM estima que, caso as medidas compensat\u00f3rias n\u00e3o sejam cumpridas, o impacto nos cofres municipais pode chegar a pelo menos R$ 9,5 bilh\u00f5es por ano<\/p>\n","protected":false},"author":1,"featured_media":51278,"comment_status":"open","ping_status":"open","sticky":false,"template":"","format":"standard","meta":{"fifu_image_url":"","fifu_image_alt":"","footnotes":""},"categories":[59],"tags":[],"class_list":["post-51277","post","type-post","status-publish","format-standard","has-post-thumbnail","hentry","category-economia"],"distributor_meta":false,"distributor_terms":false,"distributor_media":false,"distributor_original_site_name":"Noticias em Destaque","distributor_original_site_url":"https:\/\/noticiasdestaque.com.br","push-errors":false,"_links":{"self":[{"href":"https:\/\/noticiasdestaque.com.br\/index.php\/wp-json\/wp\/v2\/posts\/51277","targetHints":{"allow":["GET"]}}],"collection":[{"href":"https:\/\/noticiasdestaque.com.br\/index.php\/wp-json\/wp\/v2\/posts"}],"about":[{"href":"https:\/\/noticiasdestaque.com.br\/index.php\/wp-json\/wp\/v2\/types\/post"}],"author":[{"embeddable":true,"href":"https:\/\/noticiasdestaque.com.br\/index.php\/wp-json\/wp\/v2\/users\/1"}],"replies":[{"embeddable":true,"href":"https:\/\/noticiasdestaque.com.br\/index.php\/wp-json\/wp\/v2\/comments?post=51277"}],"version-history":[{"count":0,"href":"https:\/\/noticiasdestaque.com.br\/index.php\/wp-json\/wp\/v2\/posts\/51277\/revisions"}],"wp:featuredmedia":[{"embeddable":true,"href":"https:\/\/noticiasdestaque.com.br\/index.php\/wp-json\/wp\/v2\/media\/51278"}],"wp:attachment":[{"href":"https:\/\/noticiasdestaque.com.br\/index.php\/wp-json\/wp\/v2\/media?parent=51277"}],"wp:term":[{"taxonomy":"category","embeddable":true,"href":"https:\/\/noticiasdestaque.com.br\/index.php\/wp-json\/wp\/v2\/categories?post=51277"},{"taxonomy":"post_tag","embeddable":true,"href":"https:\/\/noticiasdestaque.com.br\/index.php\/wp-json\/wp\/v2\/tags?post=51277"}],"curies":[{"name":"wp","href":"https:\/\/api.w.org\/{rel}","templated":true}]}}