{"id":51263,"date":"2026-04-05T04:05:00","date_gmt":"2026-04-05T07:05:00","guid":{"rendered":"https:\/\/noticiasdestaque.com.br\/index.php\/2026\/04\/05\/mais-de-80-dos-estados-aderem-a-proposta-do-governo-federal-para-auxilio-diesel\/"},"modified":"2026-04-05T04:05:00","modified_gmt":"2026-04-05T07:05:00","slug":"mais-de-80-dos-estados-aderem-a-proposta-do-governo-federal-para-auxilio-diesel","status":"publish","type":"post","link":"https:\/\/noticiasdestaque.com.br\/index.php\/2026\/04\/05\/mais-de-80-dos-estados-aderem-a-proposta-do-governo-federal-para-auxilio-diesel\/","title":{"rendered":"Mais de 80% dos estados aderem \u00e0 proposta do governo federal para \u2018aux\u00edlio-diesel\u2019"},"content":{"rendered":"<p>\t\t\t\t\t\t\t\t\t\t\t<audio controls class=\"b61_audio_player\" data-noticia=\"88716\" src=\"https:\/\/brasil61.com\/rails\/active_storage\/blobs\/eyJfcmFpbHMiOnsibWVzc2FnZSI6IkJBaHBBOEVQQkE9PSIsImV4cCI6bnVsbCwicHVyIjoiYmxvYl9pZCJ9fQ==--d97599be5194346bd2b8599c4b16e9f925eb8f14\/BRAS2616184A\"><\/audio><\/p>\n<p>Vinte e dois dos 27 estados brasileiros sinalizaram concordar com a proposta do governo federal de criar um subs\u00eddio para a importa\u00e7\u00e3o de diesel. A posi\u00e7\u00e3o foi anunciada pelo <a href=\"https:\/\/www.gov.br\/fazenda\/pt-br\">Minist\u00e9rio da Fazenda<\/a>, em nota conjunta com o <a href=\"https:\/\/comsefaz.org.br\/novo\/\">Comit\u00ea dos Secret\u00e1rios de Fazenda dos Estados e do Distrito Federal (Comsefaz)<\/a>.<\/p>\n<ol>\n<li>Acre (AC);<\/li>\n<li>Alagoas (AL);<\/li>\n<li>Amazonas (AM);<\/li>\n<li>Bahia (BA);<\/li>\n<li>Cear\u00e1 (CE);<\/li>\n<li>Distrito Federal (DF);<\/li>\n<li>Esp\u00edrito Santo (ES);<\/li>\n<li>Maranh\u00e3o (MA);<\/li>\n<li>Mato Grosso (MT);<\/li>\n<li>Mato Grosso do Sul (MS);<\/li>\n<li>Minas Gerais (MG);<\/li>\n<li>Para\u00edba (PB);<\/li>\n<li>Paran\u00e1 (PR);<\/li>\n<li>Pernambuco (PE);<\/li>\n<li>Piau\u00ed (PI);<\/li>\n<li>Rio Grande do Norte (RN);<\/li>\n<li>Rio Grande do Sul (RS);<\/li>\n<li>Roraima (RR);<\/li>\n<li>Santa Catarina (SC);<\/li>\n<li>S\u00e3o Paulo (SP);<\/li>\n<li>Sergipe (SE); e<\/li>\n<li>Tocantins (TO).<\/li>\n<\/ol>\n<p>Inicialmente, o governo do DF havia rejeitado o convite, mas voltou atr\u00e1s nesta quarta-feira (1\u00ba). Amap\u00e1, Goi\u00e1s, Par\u00e1 e Rio de Janeiro esperam a publica\u00e7\u00e3o da medida provis\u00f3ria para decidir se v\u00e3o aderir \u00e0 iniciativa. J\u00e1 o governo de Rond\u00f4nia manifestou posi\u00e7\u00e3o contr\u00e1ria em nota, na qual afirma que \u201c\u00e9 muito duvidoso que esta a\u00e7\u00e3o se reflita na redu\u00e7\u00e3o do pre\u00e7o do diesel na bomba.\u201d<\/p>\n<p>O novo ministro da Fazenda, Dario Durigan, disse que o texto detalhando a pol\u00edtica sai ainda esta semana. A inten\u00e7\u00e3o \u00e9 implementar um aux\u00edlio de at\u00e9 R$ 1,20 por litro de diesel durante dois meses para empresas importadoras. Metade desse valor ser\u00e1 paga pela Uni\u00e3o e os outros R$ 0,60 ser\u00e3o divididos proporcionalmente pelos governos estaduais participantes, de acordo com o volume do combust\u00edvel consumido.<\/p>\n<p>O impacto nos cofres dos estados seria de cerca de R$ 1,5 bilh\u00e3o. A compensa\u00e7\u00e3o ser\u00e1 feita por meio da reten\u00e7\u00e3o de parte do <a href=\"https:\/\/www.tesourotransparente.gov.br\/temas\/estados-e-municipios\/transferencias-a-estados-e-municipios\">Fundo de Participa\u00e7\u00e3o dos Estados (FPE)<\/a> de cada unidade da federa\u00e7\u00e3o.<\/p>\n<h2>Estrat\u00e9gias<\/h2>\n<p>A nova estrat\u00e9gia substitui a proposta inicial de zerar o <a href=\"https:\/\/brasil61.com\/noticias\/tag\/icms\">Imposto sobre Circula\u00e7\u00e3o de Mercadorias e Servi\u00e7os (ICMS)<\/a> nos estados e se soma \u00e0 isen\u00e7\u00e3o federal do PIS\/Cofins e \u00e0 subven\u00e7\u00e3o de R$ 0,32 por litro j\u00e1 concedida pela Uni\u00e3o.<\/p>\n<p>Esses movimentos surgem como provid\u00eancia do governo federal para conter a alta dos pre\u00e7os dos combust\u00edveis no mercado internacional, influenciada principalmente pela <a href=\"https:\/\/brasil61.com\/n\/conflito-no-oriente-medio-pode-ter-efeitos-indiretos-sobre-a-economia-brasileira-aponta-professora-bras2615979\">guerra no Oriente M\u00e9dio<\/a>. Atualmente, cerca de 30% do diesel consumido no Brasil \u00e9 importado. Assim, as medidas tamb\u00e9m buscam mitigar o impacto inflacion\u00e1rio, conter a eleva\u00e7\u00e3o do custo do frete, o risco de desabastecimento e trazer maior estabilidade ao mercado no curto prazo.<\/p>\n<p>\t\t\t\t\t\t\t\t\t\t<img loading=\"lazy\" decoding=\"async\" src=\"https:\/\/brasil61.com\/api\/v1\/serve_pixel\/17677\/88716\" alt=\"Pixel Brasil 61\" class=\"b61_pixel\" width=\"0\" height=\"0\"><\/p>\n<input type=\"hidden\" id=\"baseurl\" value=\"https:\/\/noticiasdestaque.com.br\"><input type=\"hidden\" id=\"audio_nonce\" value=\"62ca87eee3\">","protected":false},"excerpt":{"rendered":"<p>Iniciativa prev\u00ea subs\u00eddio de R$ 1,20 por litro do combust\u00edvel para suavizar impacto do conflito no Oriente M\u00e9dio<\/p>\n","protected":false},"author":1,"featured_media":51264,"comment_status":"open","ping_status":"open","sticky":false,"template":"","format":"standard","meta":{"fifu_image_url":"","fifu_image_alt":"","footnotes":""},"categories":[59],"tags":[],"class_list":["post-51263","post","type-post","status-publish","format-standard","has-post-thumbnail","hentry","category-economia"],"distributor_meta":false,"distributor_terms":false,"distributor_media":false,"distributor_original_site_name":"Noticias em Destaque","distributor_original_site_url":"https:\/\/noticiasdestaque.com.br","push-errors":false,"_links":{"self":[{"href":"https:\/\/noticiasdestaque.com.br\/index.php\/wp-json\/wp\/v2\/posts\/51263","targetHints":{"allow":["GET"]}}],"collection":[{"href":"https:\/\/noticiasdestaque.com.br\/index.php\/wp-json\/wp\/v2\/posts"}],"about":[{"href":"https:\/\/noticiasdestaque.com.br\/index.php\/wp-json\/wp\/v2\/types\/post"}],"author":[{"embeddable":true,"href":"https:\/\/noticiasdestaque.com.br\/index.php\/wp-json\/wp\/v2\/users\/1"}],"replies":[{"embeddable":true,"href":"https:\/\/noticiasdestaque.com.br\/index.php\/wp-json\/wp\/v2\/comments?post=51263"}],"version-history":[{"count":0,"href":"https:\/\/noticiasdestaque.com.br\/index.php\/wp-json\/wp\/v2\/posts\/51263\/revisions"}],"wp:featuredmedia":[{"embeddable":true,"href":"https:\/\/noticiasdestaque.com.br\/index.php\/wp-json\/wp\/v2\/media\/51264"}],"wp:attachment":[{"href":"https:\/\/noticiasdestaque.com.br\/index.php\/wp-json\/wp\/v2\/media?parent=51263"}],"wp:term":[{"taxonomy":"category","embeddable":true,"href":"https:\/\/noticiasdestaque.com.br\/index.php\/wp-json\/wp\/v2\/categories?post=51263"},{"taxonomy":"post_tag","embeddable":true,"href":"https:\/\/noticiasdestaque.com.br\/index.php\/wp-json\/wp\/v2\/tags?post=51263"}],"curies":[{"name":"wp","href":"https:\/\/api.w.org\/{rel}","templated":true}]}}