{"id":51231,"date":"2026-04-03T04:50:00","date_gmt":"2026-04-03T07:50:00","guid":{"rendered":"https:\/\/noticiasdestaque.com.br\/index.php\/2026\/04\/03\/ministerio-da-agricultura-no-comando-de-andre-de-paula-nova-gestao-mira-tecnologia-e-seguranca-para-impulsionar-producao\/"},"modified":"2026-04-03T04:50:00","modified_gmt":"2026-04-03T07:50:00","slug":"ministerio-da-agricultura-no-comando-de-andre-de-paula-nova-gestao-mira-tecnologia-e-seguranca-para-impulsionar-producao","status":"publish","type":"post","link":"https:\/\/noticiasdestaque.com.br\/index.php\/2026\/04\/03\/ministerio-da-agricultura-no-comando-de-andre-de-paula-nova-gestao-mira-tecnologia-e-seguranca-para-impulsionar-producao\/","title":{"rendered":"Minist\u00e9rio da Agricultura: no comando de Andr\u00e9 de Paula, nova gest\u00e3o mira tecnologia e seguran\u00e7a para impulsionar produ\u00e7\u00e3o"},"content":{"rendered":"<p>\t\t\t\t\t\t\t\t\t\t\t<audio controls class=\"b61_audio_player\" data-noticia=\"88724\" src=\"https:\/\/brasil61.com\/rails\/active_storage\/blobs\/eyJfcmFpbHMiOnsibWVzc2FnZSI6IkJBaHBBNlVQQkE9PSIsImV4cCI6bnVsbCwicHVyIjoiYmxvYl9pZCJ9fQ==--59caece65fe7d8694f4749a5408c82addc818d44\/MAPA260052A\"><\/audio><\/p>\n<p><strong>O <a href=\"https:\/\/www.gov.br\/agricultura\/pt-br\" target=\"_blank\">Minist\u00e9rio da Agricultura<\/a> passou por mudan\u00e7a de comando na quarta-feira (1\u00ba), em Bras\u00edlia, com a posse de Andr\u00e9 de Paula no lugar de Carlos F\u00e1varo. A cerim\u00f4nia foi realizada na sede da Embrapa e marcou a transi\u00e7\u00e3o em meio \u00e0 manuten\u00e7\u00e3o das diretrizes estrat\u00e9gicas do setor, considerado um dos pilares da economia brasileira.<\/strong><\/p>\n<p>Com mais de quatro d\u00e9cadas de trajet\u00f3ria na vida p\u00fablica, Andr\u00e9 de Paula assume o cargo ap\u00f3s chefiar o <a href=\"https:\/\/www.gov.br\/mpa\/pt-br\" target=\"_blank\">Minist\u00e9rio da Pesca e Aquicultura<\/a> desde janeiro de 2023. Natural de Recife (PE) e formado em Direito pela Universidade Federal de Pernambuco (UFPE), o novo ministro construiu sua carreira nos poderes Legislativo e Executivo, com atua\u00e7\u00e3o em \u00e1reas como produ\u00e7\u00e3o rural, reforma agr\u00e1ria, meio ambiente e desenvolvimento sustent\u00e1vel.<\/p>\n<h2>Prioridades da nova gest\u00e3o<\/h2>\n<p>Ao tomar posse, o ministro destacou que dar\u00e1 continuidade \u00e0s pol\u00edticas j\u00e1 em curso, com foco na estabilidade e previsibilidade do setor.<\/p>\n<p>\u201cEu assumo hoje o Minist\u00e9rio da Agricultura e Pecu\u00e1ria ap\u00f3s uma experi\u00eancia que levarei comigo por toda a vida p\u00fablica. A honra de ter servido como Ministro do Estado da Pesca e de Cultura. Inicio essa nova etapa com um senso exato da dimens\u00e3o dessa miss\u00e3o, mais ampla ou mais desafiadora. Sem d\u00favida alguma, esse \u00e9 o passo mais largo da minha trajet\u00f3ria pessoal e profissional&#8221;, afirmou.<\/p>\n<p><strong>Entre os principais eixos da gest\u00e3o, Andr\u00e9 de Paula ressaltou o avan\u00e7o tecnol\u00f3gico no campo, incluindo automa\u00e7\u00e3o e uso de intelig\u00eancia artificial, al\u00e9m do fortalecimento institucional da Embrapa.<\/strong><\/p>\n<p>\u201cEstaremos atentos \u00e0s transforma\u00e7\u00f5es tecnol\u00f3gicas que moldam o futuro do agro. Inova\u00e7\u00e3o, automa\u00e7\u00e3o e o uso estrat\u00e9gico da intelig\u00eancia artificial j\u00e1 s\u00e3o realidade no campo e ser\u00e3o cada vez mais decisivos\u201d, disse.<\/p>\n<p>\u201cA Embrapa deve ser fortalecida, com base t\u00e9cnica e vis\u00e3o estrat\u00e9gica. Produzir alimentos hoje exige qualidade, seguran\u00e7a e sustentabilidade. A defesa agropecu\u00e1ria segue como pilar essencial. Nosso sistema sanit\u00e1rio \u00e9 um ativo estrat\u00e9gico e continuar\u00e1 sendo tratado como prioridade\u201d, acrescentou.<\/p>\n<p><strong>VEJA MAIS:<\/strong><\/p>\n<ul>\n<li><a href=\"https:\/\/brasil61.com\/n\/saneamento-basico-28-municipios-atingem-universalizacao-no-abastecimento-de-agua-aponta-trata-brasil-bras2616167\" target=\"_blank\">Saneamento b\u00e1sico: 28 munic\u00edpios atingem universaliza\u00e7\u00e3o no abastecimento de \u00e1gua, aponta Trata Brasil<\/a><\/li>\n<li><a href=\"https:\/\/brasil61.com\/n\/financiada-pelo-governo-federal-barragem-jaguari-e-inaugurada-no-rs-pmdr264095\" target=\"_blank\">Financiada pelo Governo Federal, Barragem Jaguari \u00e9 inaugurada no RS<\/a><\/li>\n<\/ul>\n<p>O ministro tamb\u00e9m reconheceu o trabalho do antecessor e do governo federal.<\/p>\n<p>\u201c\u00c9 preciso reconhecer os resultados do Mapa sob a condu\u00e7\u00e3o do ministro Carlos F\u00e1varo e a lideran\u00e7a do presidente Luiz In\u00e1cio Lula da Silva, que consolidaram o Brasil como pot\u00eancia global. A gest\u00e3o de F\u00e1varo foi marcada por seriedade e compromisso p\u00fablico, deixando uma base s\u00f3lida, institucional, t\u00e9cnica e estrat\u00e9gica, que orienta o presente e projeta o pa\u00eds para o futuro\u201d, declarou.<\/p>\n<h2>Despedida destaca avan\u00e7os e moderniza\u00e7\u00e3o<\/h2>\n<p><strong>Em seu pronunciamento, Carlos F\u00e1varo pontuou os resultados obtidos durante sua gest\u00e3o, com \u00eanfase na expans\u00e3o das exporta\u00e7\u00f5es e na moderniza\u00e7\u00e3o do setor.<\/strong><\/p>\n<p>\u201cHoje, por exemplo, tive a alegria de saber que o primeiro navio brasileiro carregado de DDG, coproduto da produ\u00e7\u00e3o de etanol \u00e0 base de milho, j\u00e1 est\u00e1 sendo carregado e segue para a China. S\u00e3o oportunidades que t\u00eam transformado a realidade do Brasil e levado mais dignidade aos brasileiros. \u00c9 a prova de que as exporta\u00e7\u00f5es brasileiras v\u00e3o continuar crescendo, sendo cada vez mais fortes, expressivas e relevantes\u201d, afirmou.<\/p>\n<p>\u201cEnfim, \u00e9 uma presta\u00e7\u00e3o de contas, talvez um pouco longa, mas resultado de muito trabalho e do esfor\u00e7o de muitas pessoas ao longo desse per\u00edodo. Andr\u00e9, siga em frente. Voc\u00ea \u00e9 t\u00e3o ou mais competente e vai liderar esse time do Minist\u00e9rio, construindo ainda mais resultados\u201d, finalizou.<\/p>\n<h2>Agro segue como motor da economia<\/h2>\n<p>A mudan\u00e7a ocorre em um cen\u00e1rio de continuidade das pol\u00edticas voltadas ao fortalecimento do agroneg\u00f3cio. O setor permanece como um dos principais motores da economia nacional, com crescimento sustentado por inova\u00e7\u00e3o, expans\u00e3o de mercados e pr\u00e1ticas mais sustent\u00e1veis.<\/p>\n<h2>Balan\u00e7o aponta recordes e expans\u00e3o internacional<\/h2>\n<p><strong>Durante a cerim\u00f4nia, F\u00e1varo apresentou um balan\u00e7o de sua gest\u00e3o, destacando a abertura de 555 novos mercados internacionais em tr\u00eas anos. O resultado foi atribu\u00eddo \u00e0 intensifica\u00e7\u00e3o da diplomacia comercial, ao di\u00e1logo com parceiros externos e ao fortalecimento da credibilidade sanit\u00e1ria do pa\u00eds.<\/strong><\/p>\n<p>No per\u00edodo, tamb\u00e9m houve amplia\u00e7\u00e3o significativa do cr\u00e9dito rural, com a execu\u00e7\u00e3o de R$ 1,547 trilh\u00e3o por meio dos Planos Safra \u2014 mais que o dobro do volume registrado na gest\u00e3o anterior. O montante contribuiu para o aumento da capacidade produtiva, gera\u00e7\u00e3o de empregos e expans\u00e3o de investimentos no campo.<\/p>\n<p><strong>Programas como o Caminho Verde Brasil e o Eco Invest mobilizaram mais de R$ 50 bilh\u00f5es para recupera\u00e7\u00e3o de \u00e1reas degradadas, permitindo a reincorpora\u00e7\u00e3o de cerca de 4,5 milh\u00f5es de hectares ao sistema produtivo. Os dados tamb\u00e9m indicam crescimento de 11,7% do agroneg\u00f3cio em 2025, al\u00e9m de uma produ\u00e7\u00e3o recorde superior a 1,3 bilh\u00e3o de toneladas.<\/strong><\/p>\n<p>A gest\u00e3o destacou ainda avan\u00e7os na defesa agropecu\u00e1ria, com respostas r\u00e1pidas a crises sanit\u00e1rias, amplia\u00e7\u00e3o do acesso de pequenos produtores ao mercado por meio do SISBI e moderniza\u00e7\u00e3o de sistemas p\u00fablicos, al\u00e9m do fortalecimento de institui\u00e7\u00f5es estrat\u00e9gicas e investimentos em infraestrutura rural.<br \/>\n\u00a0<\/p>\n<p>\t\t\t\t\t\t\t\t\t\t<img loading=\"lazy\" decoding=\"async\" src=\"https:\/\/brasil61.com\/api\/v1\/serve_pixel\/17677\/88724\" alt=\"Pixel Brasil 61\" class=\"b61_pixel\" width=\"0\" height=\"0\"><\/p>\n<input type=\"hidden\" id=\"baseurl\" value=\"https:\/\/noticiasdestaque.com.br\"><input type=\"hidden\" id=\"audio_nonce\" value=\"6a24ca502e\">","protected":false},"excerpt":{"rendered":"<p>Ao assumir o cargo, novo o ministro ressaltou que pretende manter as pol\u00edticas j\u00e1 em andamento, priorizando a estabilidade e a previsibilidade no setor<\/p>\n","protected":false},"author":1,"featured_media":51232,"comment_status":"open","ping_status":"open","sticky":false,"template":"","format":"standard","meta":{"fifu_image_url":"","fifu_image_alt":"","footnotes":""},"categories":[48],"tags":[],"class_list":["post-51231","post","type-post","status-publish","format-standard","has-post-thumbnail","hentry","category-mundo"],"distributor_meta":false,"distributor_terms":false,"distributor_media":false,"distributor_original_site_name":"Noticias em Destaque","distributor_original_site_url":"https:\/\/noticiasdestaque.com.br","push-errors":false,"_links":{"self":[{"href":"https:\/\/noticiasdestaque.com.br\/index.php\/wp-json\/wp\/v2\/posts\/51231","targetHints":{"allow":["GET"]}}],"collection":[{"href":"https:\/\/noticiasdestaque.com.br\/index.php\/wp-json\/wp\/v2\/posts"}],"about":[{"href":"https:\/\/noticiasdestaque.com.br\/index.php\/wp-json\/wp\/v2\/types\/post"}],"author":[{"embeddable":true,"href":"https:\/\/noticiasdestaque.com.br\/index.php\/wp-json\/wp\/v2\/users\/1"}],"replies":[{"embeddable":true,"href":"https:\/\/noticiasdestaque.com.br\/index.php\/wp-json\/wp\/v2\/comments?post=51231"}],"version-history":[{"count":0,"href":"https:\/\/noticiasdestaque.com.br\/index.php\/wp-json\/wp\/v2\/posts\/51231\/revisions"}],"wp:featuredmedia":[{"embeddable":true,"href":"https:\/\/noticiasdestaque.com.br\/index.php\/wp-json\/wp\/v2\/media\/51232"}],"wp:attachment":[{"href":"https:\/\/noticiasdestaque.com.br\/index.php\/wp-json\/wp\/v2\/media?parent=51231"}],"wp:term":[{"taxonomy":"category","embeddable":true,"href":"https:\/\/noticiasdestaque.com.br\/index.php\/wp-json\/wp\/v2\/categories?post=51231"},{"taxonomy":"post_tag","embeddable":true,"href":"https:\/\/noticiasdestaque.com.br\/index.php\/wp-json\/wp\/v2\/tags?post=51231"}],"curies":[{"name":"wp","href":"https:\/\/api.w.org\/{rel}","templated":true}]}}