{"id":51229,"date":"2026-04-03T04:30:00","date_gmt":"2026-04-03T07:30:00","guid":{"rendered":"https:\/\/noticiasdestaque.com.br\/index.php\/2026\/04\/03\/sao-paulo-sp-trabalhadores-da-regiao-metropolitana-de-sp-sao-beneficiados-com-o-imposto-de-renda-zero\/"},"modified":"2026-04-05T22:40:56","modified_gmt":"2026-04-06T01:40:56","slug":"sao-paulo-sp-trabalhadores-da-regiao-metropolitana-de-sp-sao-beneficiados-com-o-imposto-de-renda-zero","status":"publish","type":"post","link":"https:\/\/noticiasdestaque.com.br\/index.php\/2026\/04\/03\/sao-paulo-sp-trabalhadores-da-regiao-metropolitana-de-sp-sao-beneficiados-com-o-imposto-de-renda-zero\/","title":{"rendered":"S\u00c3O PAULO (SP): Trabalhadores da regi\u00e3o metropolitana de SP s\u00e3o beneficiados com o Imposto de Renda Zero"},"content":{"rendered":"<p>\t\t\t\t\t\t\t\t\t\t<audio controls class=\"b61_audio_player\" data-noticia=\"88171\" src=\"https:\/\/brasil61.com\/rails\/active_storage\/blobs\/eyJfcmFpbHMiOnsibWVzc2FnZSI6IkJBaHBBeEVNQkE9PSIsImV4cCI6bnVsbCwicHVyIjoiYmxvYl9pZCJ9fQ==--b9afb4eef51518a3be9e18ee4428e678ce45c66a\/MFAZ260010C\"><\/audio><\/p>\n<p><strong>Quase 5,5 milh\u00f5es de trabalhadores no estado de S\u00e3o Paulo ser\u00e3o beneficiados pelas novas regras do Imposto de Renda<\/strong>. Quem ganha at\u00e9 R$ 5.000,00 por m\u00eas est\u00e1 na faixa do Imposto de Renda Zero. Quem recebe entre R$ 5.000,00 e R$ 7.350,00 ter\u00e1 redu\u00e7\u00e3o no desconto e passar\u00e1 a pagar menos.<\/p>\n<p>A mudan\u00e7a foi garantida por lei sancionada em novembro de 2025, com impacto percebido a partir do pagamento de fevereiro.<\/p>\n<p>Segundo dados do <a href=\"https:\/\/www.gov.br\/secom\/pt-br\/assuntos\/noticias-regionalizadas\/isencao-do-ir\/fev-26\" target=\"_blank\">Centro de Estudos Tribut\u00e1rios e Aduaneiros da Receita Federal<\/a>, quase 3.500.000 trabalhadores paulistas ganham at\u00e9 R$ 5.000,00 e deixam de pagar o imposto. Outros 1.800.000 ter\u00e3o desconto menor no contracheque.<\/p>\n<p>E o impacto aparece no or\u00e7amento das fam\u00edlias.<\/p>\n<p>No bairro do Cambuci da capital paulista, o analista de marketing Douglas Pedroso, de 32 anos, recebe R$ 5.200,00 por m\u00eas e est\u00e1 entre os trabalhadores que ter\u00e3o redu\u00e7\u00e3o no desconto do Imposto de Renda.<\/p>\n<p>Douglas vive com a esposa e a filha de tr\u00eas anos. Agora, com o desconto menor, ele j\u00e1 faz as contas sobre o impacto no or\u00e7amento familiar.<\/p>\n<p>\u201cVou encarar esse dinheiro como uma grana extra, tipo, todo m\u00eas vai ter 350 reais a mais sobrando no or\u00e7amento\u201d<\/p>\n<p>A redu\u00e7\u00e3o no desconto para trabalhadores como o Douglas faz parte do conjunto de mudan\u00e7as na tabela do Imposto de Renda.\u00a0<\/p>\n<p>Para manter o equil\u00edbrio fiscal e compensar a redu\u00e7\u00e3o na arrecada\u00e7\u00e3o, a nova legisla\u00e7\u00e3o prev\u00ea um aumento na tributa\u00e7\u00e3o sobre altas rendas, a partir de R$ 600 mil\u00a0anuais. A estimativa \u00e9 que aproximadamente 3.500\u00a0contribuintes sejam alcan\u00e7ados. Nesse caso, a cobran\u00e7a ser\u00e1 gradual, com al\u00edquota m\u00e1xima de at\u00e9 10%\u00a0sobre os rendimentos. Quem j\u00e1 paga esse percentual, ou mais, n\u00e3o ter\u00e1 altera\u00e7\u00f5es.<\/p>\n<p>A lei tamb\u00e9m estabelece limites para evitar que a soma dos tributos pagos pela empresa e pelo contribuinte ultrapasse percentuais definidos para empresas financeiras e n\u00e3o financeiras. Caso isso ocorra, haver\u00e1 restitui\u00e7\u00e3o na declara\u00e7\u00e3o anual.<\/p>\n<p>Saiba mais em <a href=\"http:\/\/gov.br\/receitafederal\" target=\"_blank\">gov.br<\/a>.\u00a0<br \/>\n\u00a0<\/p>\n<p>\t\t\t\t\t\t\t\t\t<img loading=\"lazy\" decoding=\"async\" src=\"https:\/\/brasil61.com\/api\/v1\/serve_pixel\/17677\/88171\" alt=\"Pixel Brasil 61\" class=\"b61_pixel\" width=\"0\" height=\"0\"><\/p>\n<input type=\"hidden\" id=\"baseurl\" value=\"https:\/\/noticiasdestaque.com.br\"><input type=\"hidden\" id=\"audio_nonce\" value=\"6a24ca502e\">","protected":false},"excerpt":{"rendered":"<p>Novas regras isentam quem ganha at\u00e9 R$ 5 mil e beneficiam quase cinco milh\u00f5es e meio de trabalhadores<\/p>\n","protected":false},"author":1,"featured_media":51276,"comment_status":"open","ping_status":"open","sticky":false,"template":"","format":"standard","meta":{"fifu_image_url":"","fifu_image_alt":"","footnotes":""},"categories":[59],"tags":[],"class_list":["post-51229","post","type-post","status-publish","format-standard","has-post-thumbnail","hentry","category-economia"],"distributor_meta":false,"distributor_terms":false,"distributor_media":false,"distributor_original_site_name":"Noticias em Destaque","distributor_original_site_url":"https:\/\/noticiasdestaque.com.br","push-errors":false,"_links":{"self":[{"href":"https:\/\/noticiasdestaque.com.br\/index.php\/wp-json\/wp\/v2\/posts\/51229","targetHints":{"allow":["GET"]}}],"collection":[{"href":"https:\/\/noticiasdestaque.com.br\/index.php\/wp-json\/wp\/v2\/posts"}],"about":[{"href":"https:\/\/noticiasdestaque.com.br\/index.php\/wp-json\/wp\/v2\/types\/post"}],"author":[{"embeddable":true,"href":"https:\/\/noticiasdestaque.com.br\/index.php\/wp-json\/wp\/v2\/users\/1"}],"replies":[{"embeddable":true,"href":"https:\/\/noticiasdestaque.com.br\/index.php\/wp-json\/wp\/v2\/comments?post=51229"}],"version-history":[{"count":1,"href":"https:\/\/noticiasdestaque.com.br\/index.php\/wp-json\/wp\/v2\/posts\/51229\/revisions"}],"predecessor-version":[{"id":51275,"href":"https:\/\/noticiasdestaque.com.br\/index.php\/wp-json\/wp\/v2\/posts\/51229\/revisions\/51275"}],"wp:featuredmedia":[{"embeddable":true,"href":"https:\/\/noticiasdestaque.com.br\/index.php\/wp-json\/wp\/v2\/media\/51276"}],"wp:attachment":[{"href":"https:\/\/noticiasdestaque.com.br\/index.php\/wp-json\/wp\/v2\/media?parent=51229"}],"wp:term":[{"taxonomy":"category","embeddable":true,"href":"https:\/\/noticiasdestaque.com.br\/index.php\/wp-json\/wp\/v2\/categories?post=51229"},{"taxonomy":"post_tag","embeddable":true,"href":"https:\/\/noticiasdestaque.com.br\/index.php\/wp-json\/wp\/v2\/tags?post=51229"}],"curies":[{"name":"wp","href":"https:\/\/api.w.org\/{rel}","templated":true}]}}