{"id":51225,"date":"2026-04-03T04:15:00","date_gmt":"2026-04-03T07:15:00","guid":{"rendered":"https:\/\/noticiasdestaque.com.br\/index.php\/2026\/04\/03\/infogripe-casos-de-influenza-a-seguem-em-alta-em-todo-pais\/"},"modified":"2026-04-03T04:15:00","modified_gmt":"2026-04-03T07:15:00","slug":"infogripe-casos-de-influenza-a-seguem-em-alta-em-todo-pais","status":"publish","type":"post","link":"https:\/\/noticiasdestaque.com.br\/index.php\/2026\/04\/03\/infogripe-casos-de-influenza-a-seguem-em-alta-em-todo-pais\/","title":{"rendered":"InfoGripe: casos de Influenza A seguem em alta em todo pa\u00eds"},"content":{"rendered":"<p>\t\t\t\t\t\t\t\t\t\t\t<audio controls class=\"b61_audio_player\" data-noticia=\"88684\" src=\"https:\/\/brasil61.com\/rails\/active_storage\/blobs\/eyJfcmFpbHMiOnsibWVzc2FnZSI6IkJBaHBBMzRQQkE9PSIsImV4cCI6bnVsbCwicHVyIjoiYmxvYl9pZCJ9fQ==--6fc073f3c5524ba93e76152e9e68617ada009ace\/BRAS2616175A\"><\/audio><\/p>\n<p><strong>Os casos de influenza A continuam em crescimento em todo o pa\u00eds<\/strong>. Esse \u00e9 destaque do mais recente <a href=\"https:\/\/agencia.fiocruz.br\/sites\/agencia.fiocruz.br\/files\/Resumo_InfoGripe_2026_12.pdf\" target=\"_blank\">Boletim InfoGripe<\/a> da <a href=\"https:\/\/fiocruz.br\/\" target=\"_blank\">Funda\u00e7\u00e3o Oswaldo Cruz (Fiocruz)<\/a>, divulgado nesta quarta-feira (1\u00ba).\u00a0<\/p>\n<p>Segundo a an\u00e1lise, a maioria dos estados das regi\u00f5es <strong>Norte, Centro-Oeste, Nordeste e Sudeste<\/strong> apresenta n\u00edveis de atividade de <strong>S\u00edndrome Respirat\u00f3ria Aguda Grave (SRAG) <\/strong>classificados como <strong>alerta, risco ou alto risco<\/strong>, com tend\u00eancia de crescimento.<\/p>\n<p>Grande parte dos casos registrados est\u00e1 associada \u00e0 <strong>influenza A, ao v\u00edrus sincicial respirat\u00f3rio (VSR) e ao rinov\u00edrus <\/strong>\u2014 agentes que podem evoluir para <strong>quadros<\/strong> <strong>graves e levar a \u00f3bito<\/strong>.<\/p>\n<p>Diante desse cen\u00e1rio, a pesquisadora do Boletim InfoGripe, <strong>Tatiana Portella<\/strong>, destaca que a principal forma de preven\u00e7\u00e3o \u00e9 a vacina\u00e7\u00e3o.<\/p>\n<p>\u201cPor isso, \u00e9 fundamental que pessoas dos <strong>grupos priorit\u00e1rios como idosos, crian\u00e7as, pessoas com comorbidades e profissionais da sa\u00fade e da educa\u00e7\u00e3o<\/strong> estejam em dia com a <strong>vacina contra a influenza<\/strong>. Tamb\u00e9m \u00e9 importante que <strong>gestantes a partir da 28\u00aa semana recebam a vacina contra o VSR<\/strong>, garantindo <strong>prote\u00e7\u00e3o aos beb\u00eas desde o nascimento<\/strong>\u201d, afirma em nota.<\/p>\n<h2>Campanha de vacina\u00e7\u00e3o contra a gripe<\/h2>\n<p><strong>A campanha de vacina\u00e7\u00e3o contra a gripe j\u00e1 come\u00e7ou nas regi\u00f5es Nordeste, Centro-Oeste, Sul e Sudeste<\/strong>. O objetivo \u00e9 ampliar a cobertura vacinal antes do per\u00edodo de maior contamina\u00e7\u00e3o do v\u00edrus, no inverno. Coordenada pelo Minist\u00e9rio da Sa\u00fade, <strong>a a\u00e7\u00e3o segue at\u00e9 30 de maio<\/strong>.\u00a0<\/p>\n<p>A vacina disponibilizada pelo <strong>SUS <\/strong>protege contra os principais v\u00edrus em circula\u00e7\u00e3o, incluindo <strong>influenza A<\/strong> (H1N1 e H3N2) e <strong>influenza B<\/strong>. \u00a0<\/p>\n<p>Devem procurar as Unidades B\u00e1sicas de Sa\u00fade (UBS) <strong>crian\u00e7as de 6 meses a menores de 6 anos, gestantes e pessoas com 60 anos ou mais<\/strong>. A campanha tamb\u00e9m contempla outros grupos considerados de maior risco, como:<\/p>\n<ul>\n<li>pu\u00e9rperas (at\u00e9 45 dias ap\u00f3s o parto),\u00a0<\/li>\n<li>trabalhadores da sa\u00fade e da educa\u00e7\u00e3o,\u00a0<\/li>\n<li>povos ind\u00edgenas,\u00a0<\/li>\n<li>quilombolas;<\/li>\n<li>pessoas em situa\u00e7\u00e3o de rua;<\/li>\n<li>pessoas com comorbidades ou defici\u00eancia permanente;<\/li>\n<li>caminhoneiros,\u00a0<\/li>\n<li>trabalhadores do transporte coletivo;<\/li>\n<li>trabalhadores portu\u00e1rios e dos correios;\u00a0<\/li>\n<li>profissionais das for\u00e7as de seguran\u00e7a e das for\u00e7as armadas;<\/li>\n<li>popula\u00e7\u00e3o privada de liberdade; e<\/li>\n<li>jovens em medidas socioeducativas.\u00a0<\/li>\n<\/ul>\n<h2>Situa\u00e7\u00e3o nos estados<\/h2>\n<p>Segundo o levantamento, houve sinais de <strong>queda <\/strong>nos casos de<strong> influenza A<\/strong> no <strong>Par\u00e1, Cear\u00e1 e Pernambuco<\/strong>. No entanto, os casos continuam em <strong>crescimento <\/strong>na maior parte do <strong>Nordeste <\/strong>\u2014 incluindo Maranh\u00e3o, Piau\u00ed, Rio Grande do Norte, Para\u00edba, Alagoas, Sergipe e Bahia \u2014 e em<strong> todos os estados do<\/strong> <strong>Sudeste<\/strong>. Tamb\u00e9m h\u00e1 aumento em parte do <strong>Norte <\/strong>(Amap\u00e1 e Rond\u00f4nia), do<strong> Centro-Oeste <\/strong>(Mato Grosso e Mato Grosso do Sul) e no <strong>Paran\u00e1<\/strong>.<\/p>\n<p>Os casos de SRAG causados por <strong>VSR <\/strong>seguem em alta em diversos estados do <strong>Norte <\/strong>(Acre, Amazonas, Par\u00e1 e Rond\u00f4nia), <strong>Nordeste <\/strong>(Para\u00edba, Pernambuco, Alagoas, Sergipe e Bahia) e <strong>Centro-Oeste<\/strong> (Mato Grosso, Goi\u00e1s e Distrito Federal). No <strong>Sudeste<\/strong>, h\u00e1 sinais iniciais de crescimento em<strong> S\u00e3o Paulo, Minas Gerais e Esp\u00edrito Santo<\/strong>.<\/p>\n<p>J\u00e1 os casos de <strong>rinov\u00edrus <\/strong>continuam aumentando em estados do <strong>Norte <\/strong>(Amap\u00e1, Acre, Amazonas, Par\u00e1 e Rond\u00f4nia), <strong>Nordeste <\/strong>(Alagoas, Rio Grande do Norte, Para\u00edba e Bahia) e <strong>Sudeste <\/strong>(Minas Gerais, Rio de Janeiro e Esp\u00edrito Santo). Por outro lado, h\u00e1<strong> <\/strong>ind\u00edcios de<strong> interrup\u00e7\u00e3o do crescimento <\/strong>em estados do <strong>Centro-Oeste e Sul<\/strong>, al\u00e9m de <strong>Maranh\u00e3o, Cear\u00e1, Pernambuco, Sergipe e S\u00e3o Paulo<\/strong>.<\/p>\n<p>Tatiana Portella refor\u00e7a que pessoas que vivem em estados com alta incid\u00eancia de SRAG devem <strong>utilizar m\u00e1scaras em locais fechados e com maior aglomera\u00e7\u00e3o<\/strong>, especialmente aquelas que fazem parte de <strong>grupos de risco<\/strong>. \u201cAl\u00e9m disso, \u00e9 importante manter a higiene, como <strong>lavar sempre as m\u00e3os<\/strong>. Em caso de <strong>sintomas <\/strong>de gripe ou resfriado, o ideal \u00e9 <strong>manter o isolamento<\/strong>\u201d, recomenda.<\/p>\n<h2>Preval\u00eancia dos v\u00edrus<\/h2>\n<p>Nas \u00faltimas quatro semanas epidemiol\u00f3gicas, a distribui\u00e7\u00e3o dos v\u00edrus entre os casos positivos de SRAG foi a seguinte:<\/p>\n<ul>\n<li><strong>27,4%<\/strong> de influenza A<\/li>\n<li><strong>1,5%<\/strong> de influenza B<\/li>\n<li><strong>17,7% <\/strong>de VSR<\/li>\n<li><strong>45,3% <\/strong>de rinov\u00edrus<\/li>\n<li><strong>7,3%<\/strong> de Sars-CoV-2 (Covid-19)<\/li>\n<\/ul>\n<p>Entre os \u00f3bitos, a presen\u00e7a dos mesmos agentes foi:<\/p>\n<ul>\n<li><strong>36,9%<\/strong> de influenza A<\/li>\n<li><strong>2,5%<\/strong> de influenza B<\/li>\n<li><strong>5,9%<\/strong> de VSR<\/li>\n<li><strong>30%<\/strong> de rinov\u00edrus<\/li>\n<li><strong>25,6%<\/strong> de Sars-CoV-2 (Covid-19)<\/li>\n<\/ul>\n<p>O levantamento do <strong>InfoGripe <\/strong>tem como base os dados inseridos no Sistema de Informa\u00e7\u00e3o da Vigil\u00e2ncia Epidemiol\u00f3gica da Gripe, atualizados at\u00e9 28 de mar\u00e7o, e \u00e9 referente \u00e0 Semana Epidemiol\u00f3gica (SE) 12. Confira outros detalhes no <a href=\"https:\/\/fiocruz.br\/noticia\/2026\/04\/infogripe-numero-de-casos-de-influenza-continua-aumentando-no-pais\" target=\"_blank\">link<\/a>.<\/p>\n<p><strong>VEJA MAIS:<\/strong><\/p>\n<ul>\n<li><a href=\"https:\/\/brasil61.com\/n\/vacinacao-contra-a-gripe-comeca-neste-sabado-28-veja-quem-pode-se-vacinar-bras2616116\" target=\"_blank\">Vacina\u00e7\u00e3o contra a gripe come\u00e7a neste s\u00e1bado (28): veja quem pode se vacinar<\/a><\/li>\n<li><a href=\"https:\/\/brasil61.com\/n\/dengue-2026-brasil-deve-registrar-1-8-milhao-de-casos-com-pico-em-sp-e-mg-bras2616149\" target=\"_blank\">Dengue 2026: Brasil deve registrar 1,8 milh\u00e3o de casos, com pico em SP e MG<\/a><\/li>\n<\/ul>\n<p>\t\t\t\t\t\t\t\t\t\t<img loading=\"lazy\" decoding=\"async\" src=\"https:\/\/brasil61.com\/api\/v1\/serve_pixel\/17677\/88684\" alt=\"Pixel Brasil 61\" class=\"b61_pixel\" width=\"0\" height=\"0\"><\/p>\n<input type=\"hidden\" id=\"baseurl\" value=\"https:\/\/noticiasdestaque.com.br\"><input type=\"hidden\" id=\"audio_nonce\" value=\"581f3017e1\">","protected":false},"excerpt":{"rendered":"<p>Boletim da Fiocruz aponta aumento de SRAG em grande parte dos estados e refor\u00e7a import\u00e2ncia da vacina\u00e7\u00e3o<\/p>\n","protected":false},"author":1,"featured_media":51226,"comment_status":"open","ping_status":"open","sticky":false,"template":"","format":"standard","meta":{"fifu_image_url":"","fifu_image_alt":"","footnotes":""},"categories":[51],"tags":[],"class_list":["post-51225","post","type-post","status-publish","format-standard","has-post-thumbnail","hentry","category-saude"],"distributor_meta":false,"distributor_terms":false,"distributor_media":false,"distributor_original_site_name":"Noticias em Destaque","distributor_original_site_url":"https:\/\/noticiasdestaque.com.br","push-errors":false,"_links":{"self":[{"href":"https:\/\/noticiasdestaque.com.br\/index.php\/wp-json\/wp\/v2\/posts\/51225","targetHints":{"allow":["GET"]}}],"collection":[{"href":"https:\/\/noticiasdestaque.com.br\/index.php\/wp-json\/wp\/v2\/posts"}],"about":[{"href":"https:\/\/noticiasdestaque.com.br\/index.php\/wp-json\/wp\/v2\/types\/post"}],"author":[{"embeddable":true,"href":"https:\/\/noticiasdestaque.com.br\/index.php\/wp-json\/wp\/v2\/users\/1"}],"replies":[{"embeddable":true,"href":"https:\/\/noticiasdestaque.com.br\/index.php\/wp-json\/wp\/v2\/comments?post=51225"}],"version-history":[{"count":0,"href":"https:\/\/noticiasdestaque.com.br\/index.php\/wp-json\/wp\/v2\/posts\/51225\/revisions"}],"wp:featuredmedia":[{"embeddable":true,"href":"https:\/\/noticiasdestaque.com.br\/index.php\/wp-json\/wp\/v2\/media\/51226"}],"wp:attachment":[{"href":"https:\/\/noticiasdestaque.com.br\/index.php\/wp-json\/wp\/v2\/media?parent=51225"}],"wp:term":[{"taxonomy":"category","embeddable":true,"href":"https:\/\/noticiasdestaque.com.br\/index.php\/wp-json\/wp\/v2\/categories?post=51225"},{"taxonomy":"post_tag","embeddable":true,"href":"https:\/\/noticiasdestaque.com.br\/index.php\/wp-json\/wp\/v2\/tags?post=51225"}],"curies":[{"name":"wp","href":"https:\/\/api.w.org\/{rel}","templated":true}]}}