{"id":51216,"date":"2026-04-02T04:55:00","date_gmt":"2026-04-02T07:55:00","guid":{"rendered":"https:\/\/noticiasdestaque.com.br\/index.php\/2026\/04\/02\/reducao-da-jornada-de-trabalho-pode-elevar-precos-em-62-aponta-cni\/"},"modified":"2026-04-02T04:55:00","modified_gmt":"2026-04-02T07:55:00","slug":"reducao-da-jornada-de-trabalho-pode-elevar-precos-em-62-aponta-cni","status":"publish","type":"post","link":"https:\/\/noticiasdestaque.com.br\/index.php\/2026\/04\/02\/reducao-da-jornada-de-trabalho-pode-elevar-precos-em-62-aponta-cni\/","title":{"rendered":"Redu\u00e7\u00e3o da jornada de trabalho pode elevar pre\u00e7os em 6,2%, aponta CNI"},"content":{"rendered":"<p>\t\t\t\t\t\t\t\t\t\t\t<audio controls class=\"b61_audio_player\" data-noticia=\"88669\" src=\"https:\/\/brasil61.com\/rails\/active_storage\/blobs\/eyJfcmFpbHMiOnsibWVzc2FnZSI6IkJBaHBBeTRQQkE9PSIsImV4cCI6bnVsbCwicHVyIjoiYmxvYl9pZCJ9fQ==--43d9dd24e89a6c1bd67c9baed2a62304a07f33c4\/PIND264730A\"><\/audio><\/p>\n<p>A poss\u00edvel <strong>redu\u00e7\u00e3o da jornada de trabalho <\/strong>de 44 para 40 horas semanais pode provocar um <strong>aumento m\u00e9dio de 6,2% nos pre\u00e7os de produtos e servi\u00e7os<\/strong> ao consumidor. A estimativa \u00e9 de um <a href=\"https:\/\/static.portaldaindustria.com.br\/portaldaindustria\/noticias\/media\/filer_public\/04\/f0\/04f04592-0f48-4da1-bd33-7343e8e04706\/impacto_da_reducao_da_escala_de_trabalho_nos_precos_ao_consumidor.pdf\" target=\"_blank\">estudo in\u00e9dito<\/a> da <a href=\"https:\/\/cni.portaldaindustria.com.br\/home\" target=\"_blank\">Confedera\u00e7\u00e3o Nacional da Ind\u00fastria (CNI)<\/a>.<\/p>\n<p>Segundo o levantamento, diversos segmentos da economia devem sentir o impacto. Entre os principais aumentos projetados est\u00e3o:<\/p>\n<ul>\n<li><strong>compras em supermercados<\/strong>: 5,7%<\/li>\n<li><strong>alimenta\u00e7\u00e3o fora de casa<\/strong>: 6,2%<\/li>\n<li><strong>produtos agropecu\u00e1rios<\/strong>: 4%<\/li>\n<li><strong>produtos industrializados<\/strong>: 6%<\/li>\n<li><strong>roupas e cal\u00e7ados<\/strong>: 6,6%<\/li>\n<\/ul>\n<p>No setor de <strong>servi\u00e7os<\/strong>, o reajuste m\u00e9dio pode chegar a <strong>6,5%<\/strong>, com destaque para:<\/p>\n<ul>\n<li><strong>manicure, cabeleireiro e pintura residencial<\/strong>: 6,5%<\/li>\n<li><strong>servi\u00e7os de internet<\/strong>: 7,2%<\/li>\n<\/ul>\n<h2>Impacto da redu\u00e7\u00e3o da jornada<\/h2>\n<p>O estudo simula os impactos na economia caso <strong>a redu\u00e7\u00e3o das horas trabalhadas <\/strong>seja compensada pela <strong>contrata\u00e7\u00e3o de novos empregados<\/strong>. A estimativa indica que <strong>as horas trabalhadas n\u00e3o ser\u00e3o totalmente recompostas<\/strong>. Al\u00e9m disso, <strong>o custo da hora de trabalho<\/strong> <strong>tende a aumentar<\/strong>, provocando <strong>aumento de pre\u00e7os ao longo de toda a cadeia produtiva<\/strong> at\u00e9 chegar ao consumidor final.<\/p>\n<p>A <strong>ind\u00fastria <\/strong>aparece como o <strong>setor mais afetado<\/strong>, com <strong>queda estimada de 4,34% nas horas trabalhadas<\/strong>. Em seguida v\u00eam:<\/p>\n<ul>\n<li><strong>com\u00e9rcio<\/strong>: -4,03%<\/li>\n<li><strong>servi\u00e7os<\/strong>: -2,44%<\/li>\n<li><strong>constru\u00e7\u00e3o civil<\/strong>: -2,04%<\/li>\n<li><strong>agropecu\u00e1ria<\/strong>: -1,70%<\/li>\n<\/ul>\n<p>O gerente de An\u00e1lise Econ\u00f4mica da CNI, <strong>Marcelo Azevedo<\/strong>, afirma que<strong> a redu\u00e7\u00e3o da jornada impacta diretamente a produ\u00e7\u00e3o<\/strong>.<\/p>\n<p>\u201cPara que a produ\u00e7\u00e3o se mantenha, as empresas v\u00e3o fazer contrata\u00e7\u00f5es, e isso traz custos. Isso n\u00e3o acontece em uma empresa espec\u00edfica, \u00e9 algo generalizado. Ent\u00e3o a empresa ter\u00e1 um aumento de custo ao comprar insumos e contratar servi\u00e7os, porque as outras empresas passar\u00e3o pelo mesmo problema. \u00c9 um efeito que vai se acumulando nos custos das empresas e vai se disseminando pela economia at\u00e9 o consumidor final\u201d, explica.<\/p>\n<h2>Debate mais aprofundado<\/h2>\n<p>A CNI acompanha propostas em tramita\u00e7\u00e3o no Congresso Nacional que tratam da redu\u00e7\u00e3o da jornada, como a <a href=\"https:\/\/www25.senado.leg.br\/web\/atividade\/materias\/-\/materia\/124067\" target=\"_blank\">PEC 148\/2015<\/a> e a <a href=\"https:\/\/www.camara.leg.br\/proposicoesWeb\/fichadetramitacao?idProposicao=2485341\" target=\"_blank\">PEC 8\/2025<\/a>.<\/p>\n<p>O presidente da entidade, <strong>Ricardo Alban<\/strong>, defende que o tema <strong>n\u00e3o seja votado de forma apressada, especialmente em ano eleitoral<\/strong>, e que haja um <strong>debate mais aprofundado e transparente <\/strong>com a sociedade e os setores produtivos.<\/p>\n<p>\u201cA hist\u00f3ria recente contempor\u00e2nea da rela\u00e7\u00e3o capital-trabalho sempre foi feita de uma transi\u00e7\u00e3o entre a melhoria das condi\u00e7\u00f5es de trabalho e a redu\u00e7\u00e3o de uma poss\u00edvel jornada de forma gradativa e com muito entendimento, sempre atrav\u00e9s de negocia\u00e7\u00f5es. N\u00f3s queremos fazer isso. Mas tem que ser de forma sustent\u00e1vel. N\u00f3s precisamos aumentar a produtividade. Ningu\u00e9m tem d\u00favidas de que produtividade \u00e9 que determina as melhores condi\u00e7\u00f5es de trabalho.\u201d<\/p>\n<p>Alban tamb\u00e9m avalia que o momento n\u00e3o \u00e9 adequado para esse tipo de discuss\u00e3o, diante do <strong>cen\u00e1rio econ\u00f4mico internacional<\/strong>.<\/p>\n<p>Para ele, a<strong> alta global da infla\u00e7\u00e3o<\/strong>, impulsionada pelo aumento nos <strong>pre\u00e7os do petr\u00f3leo <\/strong>em meio a <strong>conflitos no Oriente M\u00e9dio<\/strong>, j\u00e1 pressiona os custos. Nesse contexto, a redu\u00e7\u00e3o da jornada poderia agravar ainda mais a infla\u00e7\u00e3o.<\/p>\n<p><strong>VEJA MAIS:<\/strong><\/p>\n<ul>\n<li><a href=\"https:\/\/brasil61.com\/n\/reducao-da-jornada-de-trabalho-pode-elevar-custos-das-empresas-em-ate-r-267-bilhoes-ao-ano-estima-cni-bras2615932\" target=\"_blank\">Redu\u00e7\u00e3o da jornada de trabalho pode elevar custos das empresas em at\u00e9 R$ 267 bilh\u00f5es ao ano, estima CNI<\/a><\/li>\n<li><a href=\"https:\/\/brasil61.com\/n\/reducao-da-jornada-de-44-para-36-horas-elevaria-custo-do-trabalho-por-hora-em-22-aponta-estudo-cacb260136\" target=\"_blank\">Redu\u00e7\u00e3o da jornada de 44 para 36 horas elevaria custo do trabalho por hora em 22%, aponta estudo<\/a><\/li>\n<\/ul>\n<p>\t\t\t\t\t\t\t\t\t\t<img loading=\"lazy\" decoding=\"async\" src=\"https:\/\/brasil61.com\/api\/v1\/serve_pixel\/17677\/88669\" alt=\"Pixel Brasil 61\" class=\"b61_pixel\" width=\"0\" height=\"0\"><\/p>\n<input type=\"hidden\" id=\"baseurl\" value=\"https:\/\/noticiasdestaque.com.br\"><input type=\"hidden\" id=\"audio_nonce\" value=\"6a24ca502e\">","protected":false},"excerpt":{"rendered":"<p>Queda nas horas trabalhadas e aumento dos custos com contrata\u00e7\u00f5es podem afetar pre\u00e7os na ind\u00fastria, no com\u00e9rcio e nos servi\u00e7os, revela estudo in\u00e9dito<\/p>\n","protected":false},"author":1,"featured_media":51217,"comment_status":"open","ping_status":"open","sticky":false,"template":"","format":"standard","meta":{"fifu_image_url":"","fifu_image_alt":"","footnotes":""},"categories":[59],"tags":[],"class_list":["post-51216","post","type-post","status-publish","format-standard","has-post-thumbnail","hentry","category-economia"],"distributor_meta":false,"distributor_terms":false,"distributor_media":false,"distributor_original_site_name":"Noticias em Destaque","distributor_original_site_url":"https:\/\/noticiasdestaque.com.br","push-errors":false,"_links":{"self":[{"href":"https:\/\/noticiasdestaque.com.br\/index.php\/wp-json\/wp\/v2\/posts\/51216","targetHints":{"allow":["GET"]}}],"collection":[{"href":"https:\/\/noticiasdestaque.com.br\/index.php\/wp-json\/wp\/v2\/posts"}],"about":[{"href":"https:\/\/noticiasdestaque.com.br\/index.php\/wp-json\/wp\/v2\/types\/post"}],"author":[{"embeddable":true,"href":"https:\/\/noticiasdestaque.com.br\/index.php\/wp-json\/wp\/v2\/users\/1"}],"replies":[{"embeddable":true,"href":"https:\/\/noticiasdestaque.com.br\/index.php\/wp-json\/wp\/v2\/comments?post=51216"}],"version-history":[{"count":0,"href":"https:\/\/noticiasdestaque.com.br\/index.php\/wp-json\/wp\/v2\/posts\/51216\/revisions"}],"wp:featuredmedia":[{"embeddable":true,"href":"https:\/\/noticiasdestaque.com.br\/index.php\/wp-json\/wp\/v2\/media\/51217"}],"wp:attachment":[{"href":"https:\/\/noticiasdestaque.com.br\/index.php\/wp-json\/wp\/v2\/media?parent=51216"}],"wp:term":[{"taxonomy":"category","embeddable":true,"href":"https:\/\/noticiasdestaque.com.br\/index.php\/wp-json\/wp\/v2\/categories?post=51216"},{"taxonomy":"post_tag","embeddable":true,"href":"https:\/\/noticiasdestaque.com.br\/index.php\/wp-json\/wp\/v2\/tags?post=51216"}],"curies":[{"name":"wp","href":"https:\/\/api.w.org\/{rel}","templated":true}]}}