{"id":51210,"date":"2026-04-02T04:40:00","date_gmt":"2026-04-02T07:40:00","guid":{"rendered":"https:\/\/noticiasdestaque.com.br\/index.php\/2026\/04\/02\/confianca-empresarial-recua-pelo-segundo-mes-seguido-em-marco-segundo-fgv-ibre\/"},"modified":"2026-04-02T04:40:00","modified_gmt":"2026-04-02T07:40:00","slug":"confianca-empresarial-recua-pelo-segundo-mes-seguido-em-marco-segundo-fgv-ibre","status":"publish","type":"post","link":"https:\/\/noticiasdestaque.com.br\/index.php\/2026\/04\/02\/confianca-empresarial-recua-pelo-segundo-mes-seguido-em-marco-segundo-fgv-ibre\/","title":{"rendered":"Confian\u00e7a Empresarial recua pelo segundo m\u00eas seguido em mar\u00e7o, segundo FGV IBRE"},"content":{"rendered":"<p>\t\t\t\t\t\t\t\t\t\t\t<audio controls class=\"b61_audio_player\" data-noticia=\"88671\" src=\"https:\/\/brasil61.com\/rails\/active_storage\/blobs\/eyJfcmFpbHMiOnsibWVzc2FnZSI6IkJBaHBBelVQQkE9PSIsImV4cCI6bnVsbCwicHVyIjoiYmxvYl9pZCJ9fQ==--6414f7b3e0a77704bb5860b2b6f83694d8fef9d3\/BRAS2616173A\"><\/audio><\/p>\n<p>Divulgado nesta quarta-feira (1\u00ba) pela Funda\u00e7\u00e3o Get\u00falio Vargas (FGV), o <b>\u00cdndice de Confian\u00e7a Empresarial (ICE)<\/b> do FGV IBRE <b>recuou 0,4 ponto em mar\u00e7o<\/b>,<b> alcan\u00e7ando 91,9 pontos, em sua segunda queda consecutiva ap\u00f3s cinco meses em alta<\/b> \u2014 nos quais acumulou alta de 4,3 pontos. Em m\u00e9dias m\u00f3veis trimestrais, o <b>ICE registrou queda de 0,1 ponto, revertendo a tend\u00eancia de alta observada no per\u00edodo recente<\/b>.<\/p>\n<p>O <b>ICE consolida os \u00edndices de confian\u00e7a dos quatro setores cobertos pelas Sondagens Empresariais produzidas pela FGV IBRE: Ind\u00fastria, Servi\u00e7os, Com\u00e9rcio e Constru\u00e7\u00e3o<\/b>. Em mar\u00e7o, a <b>confian\u00e7a recuou no \u00cdndice de Confian\u00e7a do Com\u00e9rcio (ICC), que passou a 84,6 pontos ap\u00f3s perda de 2,7 pontos, e no \u00cdndice de Confian\u00e7a de Servi\u00e7os (ICS), que caiu 1,8 ponto, para 88,4 pontos<\/b>. Nos dois casos, a <b>queda foi predominantemente determinada pela piora das expectativas para os pr\u00f3ximos meses<\/b>. O <b>\u00cdndice da Ind\u00fastria (ICI) manteve-se relativamente est\u00e1vel ao avan\u00e7ar 0,1 ponto, para 96,8 pontos, enquanto o da Constru\u00e7\u00e3o (ICC) registrou um avan\u00e7o de 2,1 pontos, passando a 93,6 pontos<\/b>.<\/p>\n<p>O levantamento mostrou que houve <b>avan\u00e7o da confian\u00e7a empresarial em 20 dos 49 segmentos integrantes do ICE no m\u00eas de mar\u00e7o<\/b>, dissemina\u00e7\u00e3o <b>inferior \u00e0 observada em fevereiro<\/b>. O <b>destaque positivo foi o setor de Constru\u00e7\u00e3o, no qual 73% dos segmentos registraram alta da confian\u00e7a em mar\u00e7o<\/b>.<\/p>\n<p>O <b>\u00cdndice da Situa\u00e7\u00e3o Atual Empresarial (ISA-E) avan\u00e7ou 0,3 ponto, para 93,3 pontos<\/b>, <b>interrompendo a estabilidade de fevereiro e sinalizando para uma discreta evolu\u00e7\u00e3o da atividade no m\u00eas<\/b>. Entre seus componentes, o <b>indicador que mede o n\u00edvel de demanda no momento presente avan\u00e7ou 1,6 ponto, para 95,4 pontos<\/b>, enquanto o <b>indicador que mede a satisfa\u00e7\u00e3o com a situa\u00e7\u00e3o atual dos neg\u00f3cios recuou 1,0 ponto, para 91,3 pontos<\/b>.<\/p>\n<p>Por sua vez, o <b>\u00cdndice de Expectativas Empresariais (IE-E) recuou 1,1 ponto<\/b>, <b>alcan\u00e7ando 90,5 pontos<\/b>. O <b>recuo reflete, sobretudo, a deteriora\u00e7\u00e3o das expectativas para os pr\u00f3ximos seis meses, indicando que as preocupa\u00e7\u00f5es dos empres\u00e1rios se projetam para al\u00e9m do segundo trimestre<\/b>. Enquanto isso, o <b>componente que mede as perspectivas de evolu\u00e7\u00e3o dos neg\u00f3cios nesse horizonte recuou 1,9 ponto, para 89,4 pontos<\/b>, enquanto o <b>indicador referente \u00e0 demanda esperada para os tr\u00eas meses seguintes cedeu 0,3 ponto, para 91,8 pontos<\/b>.<\/p>\n<p>Na avalia\u00e7\u00e3o do pesquisador do FGV IBRE Aloisio Campelo Jr., apesar de ter sido <b>parcialmente atenuada pela melhora na avalia\u00e7\u00e3o da situa\u00e7\u00e3o corrente dos neg\u00f3cios<\/b>, <b>a piora das expectativas foi determinante para a queda da confian\u00e7a empresarial em mar\u00e7o<\/b>. \u201cO conflito no Oriente M\u00e9dio, ao pressionar os pre\u00e7os do petr\u00f3leo e a infla\u00e7\u00e3o dom\u00e9stica, tem levado os empres\u00e1rios a adotar uma postura mais cautelosa em rela\u00e7\u00e3o aos pr\u00f3ximos meses\u201d, acrescentou.<\/p>\n<p>\u00a0<\/p>\n<p>Confira <a href=\"https:\/\/portalibre.fgv.br\/system\/files\/divulgacao\/noticias\/mat-complementar\/2026-04\/%C3%8Dndice%20de%20Confian%C3%A7a%20Empresarial%20FGV_press%20release_Mar26.pdf\">aqui os resultados completos da sondagem<\/a>.<\/p>\n<p>\u00a0<\/p>\n<p>Com informa\u00e7\u00f5es do FGV IBRE.<\/p>\n<p>\t\t\t\t\t\t\t\t\t\t<img loading=\"lazy\" decoding=\"async\" src=\"https:\/\/brasil61.com\/api\/v1\/serve_pixel\/17677\/88671\" alt=\"Pixel Brasil 61\" class=\"b61_pixel\" width=\"0\" height=\"0\"><\/p>\n<input type=\"hidden\" id=\"baseurl\" value=\"https:\/\/noticiasdestaque.com.br\"><input type=\"hidden\" id=\"audio_nonce\" value=\"6a24ca502e\">","protected":false},"excerpt":{"rendered":"<p>Queda foi determinada pela piora das expectativas para os pr\u00f3ximos meses, relacionadas ao conflito no Oriente M\u00e9dio, pre\u00e7os do petr\u00f3leo e infla\u00e7\u00e3o dom\u00e9stica<\/p>\n","protected":false},"author":1,"featured_media":51211,"comment_status":"open","ping_status":"open","sticky":false,"template":"","format":"standard","meta":{"fifu_image_url":"","fifu_image_alt":"","footnotes":""},"categories":[59],"tags":[],"class_list":["post-51210","post","type-post","status-publish","format-standard","has-post-thumbnail","hentry","category-economia"],"distributor_meta":false,"distributor_terms":false,"distributor_media":false,"distributor_original_site_name":"Noticias em Destaque","distributor_original_site_url":"https:\/\/noticiasdestaque.com.br","push-errors":false,"_links":{"self":[{"href":"https:\/\/noticiasdestaque.com.br\/index.php\/wp-json\/wp\/v2\/posts\/51210","targetHints":{"allow":["GET"]}}],"collection":[{"href":"https:\/\/noticiasdestaque.com.br\/index.php\/wp-json\/wp\/v2\/posts"}],"about":[{"href":"https:\/\/noticiasdestaque.com.br\/index.php\/wp-json\/wp\/v2\/types\/post"}],"author":[{"embeddable":true,"href":"https:\/\/noticiasdestaque.com.br\/index.php\/wp-json\/wp\/v2\/users\/1"}],"replies":[{"embeddable":true,"href":"https:\/\/noticiasdestaque.com.br\/index.php\/wp-json\/wp\/v2\/comments?post=51210"}],"version-history":[{"count":0,"href":"https:\/\/noticiasdestaque.com.br\/index.php\/wp-json\/wp\/v2\/posts\/51210\/revisions"}],"wp:featuredmedia":[{"embeddable":true,"href":"https:\/\/noticiasdestaque.com.br\/index.php\/wp-json\/wp\/v2\/media\/51211"}],"wp:attachment":[{"href":"https:\/\/noticiasdestaque.com.br\/index.php\/wp-json\/wp\/v2\/media?parent=51210"}],"wp:term":[{"taxonomy":"category","embeddable":true,"href":"https:\/\/noticiasdestaque.com.br\/index.php\/wp-json\/wp\/v2\/categories?post=51210"},{"taxonomy":"post_tag","embeddable":true,"href":"https:\/\/noticiasdestaque.com.br\/index.php\/wp-json\/wp\/v2\/tags?post=51210"}],"curies":[{"name":"wp","href":"https:\/\/api.w.org\/{rel}","templated":true}]}}