{"id":51181,"date":"2026-04-01T04:55:00","date_gmt":"2026-04-01T07:55:00","guid":{"rendered":"https:\/\/noticiasdestaque.com.br\/index.php\/2026\/04\/01\/com-investimento-de-r-196-milhoes-apexbrasil-e-abimde-renovam-parceria-para-fortalecer-setor-de-defesa\/"},"modified":"2026-04-01T04:55:00","modified_gmt":"2026-04-01T07:55:00","slug":"com-investimento-de-r-196-milhoes-apexbrasil-e-abimde-renovam-parceria-para-fortalecer-setor-de-defesa","status":"publish","type":"post","link":"https:\/\/noticiasdestaque.com.br\/index.php\/2026\/04\/01\/com-investimento-de-r-196-milhoes-apexbrasil-e-abimde-renovam-parceria-para-fortalecer-setor-de-defesa\/","title":{"rendered":"Com investimento de R$ 19,6 milh\u00f5es, ApexBrasil e ABIMDE renovam parceria para fortalecer setor de Defesa"},"content":{"rendered":"<p>\t\t\t\t\t\t\t\t\t\t\t<audio controls class=\"b61_audio_player\" data-noticia=\"88646\" src=\"https:\/\/brasil61.com\/rails\/active_storage\/blobs\/eyJfcmFpbHMiOnsibWVzc2FnZSI6IkJBaHBBN0VPQkE9PSIsImV4cCI6bnVsbCwicHVyIjoiYmxvYl9pZCJ9fQ==--1f487d67abad784e0ce6559d0b32f5c7c3abdbe9\/APEX260118A\"><\/audio><\/p>\n<p><strong>Com investimento de R$ 19,6 milh\u00f5es, a Ag\u00eancia Brasileira de Promo\u00e7\u00e3o de Exporta\u00e7\u00f5es e Investimentos <a href=\"https:\/\/apexbrasil.com.br\/\" target=\"_blank\">(ApexBrasil)<\/a> renovou, na segunda-feira (30), em Bras\u00edlia (DF), o conv\u00eanio com a Associa\u00e7\u00e3o Brasileira das Ind\u00fastrias de Materiais de Defesa e Seguran\u00e7a <a href=\"https:\/\/abimde.org.br\/pt-br\/\" target=\"_blank\">(ABIMDE)<\/a>.<\/strong> A iniciativa prev\u00ea o apoio a 74 empresas ao longo de dois anos, com foco na amplia\u00e7\u00e3o das exporta\u00e7\u00f5es do setor.<\/p>\n<p>A assinatura contou com a presen\u00e7a do ministro da Defesa, Jos\u00e9 M\u00facio; do presidente da ApexBrasil, Jorge Viana; do presidente da ABIMDE, Luiz Teixeira; do vice-presidente global de Rela\u00e7\u00f5es Institucionais da <a href=\"https:\/\/embraer.com\/\" target=\"_blank\">Embraer<\/a>, Jos\u00e9 Serrador; al\u00e9m de outras autoridades.<\/p>\n<p><strong>Do total de empresas beneficiadas, cerca de 40% j\u00e1 atuam no mercado externo. O objetivo do conv\u00eanio \u00e9 fortalecer a presen\u00e7a internacional dessas companhias por meio da participa\u00e7\u00e3o em feiras internacionais e da realiza\u00e7\u00e3o de projetos compradores, ampliando sua inser\u00e7\u00e3o em mercados estrat\u00e9gicos.<\/strong><\/p>\n<p>\u201cInvestir em Defesa, trabalhar na ind\u00fastria, \u00e9 voc\u00ea tamb\u00e9m investir em inova\u00e7\u00e3o que chega na sociedade, \u00e9 algo extraordin\u00e1rio. Onde tiver eventos, seja dentro ou fora do Brasil, a gente tem uma condi\u00e7\u00e3o de estar presente, levando empresas, levando o que a gente faz na tecnologia e tudo o que o Brasil precisa\u201d, afirmou Jorge Viana.<\/p>\n<p>A execu\u00e7\u00e3o da parceria ser\u00e1 feita em articula\u00e7\u00e3o com o <a href=\"https:\/\/www.gov.br\/defesa\/pt-br\" target=\"_blank\">Minist\u00e9rio da Defesa<\/a>, respons\u00e1vel pela estrat\u00e9gia de longo prazo do setor, e com o Minist\u00e9rio das Rela\u00e7\u00f5es Exteriores, que atua na aproxima\u00e7\u00e3o com governos de pa\u00edses potenciais compradores. A atua\u00e7\u00e3o conjunta busca aumentar a competitividade das empresas brasileiras e ampliar sua participa\u00e7\u00e3o no com\u00e9rcio internacional.<\/p>\n<p><strong>VEJA MAIS:<\/strong><\/p>\n<ul>\n<li><a href=\"https:\/\/brasil61.com\/n\/apexbrasil-e-ministerio-da-saude-promovem-dialogos-estrategicos-com-reino-unido-e-america-latina-apex260116\" target=\"_blank\">ApexBrasil e Minist\u00e9rio da Sa\u00fade promovem di\u00e1logos estrat\u00e9gicos com Reino Unido e Am\u00e9rica Latina<\/a><\/li>\n<li><a href=\"https:\/\/brasil61.com\/n\/industria-brasileira-ganha-projecao-global-na-hannover-messe-2026-apex260115\" target=\"_blank\">Ind\u00fastria brasileira ganha proje\u00e7\u00e3o global na Hannover Messe 2026<\/a><\/li>\n<\/ul>\n<p>Durante a cerim\u00f4nia, o ministro Jos\u00e9 M\u00facio destacou a relev\u00e2ncia econ\u00f4mica e estrat\u00e9gica da ind\u00fastria. \u201cEu estou aqui hoje para falar da Defesa, com o produtor de equipamentos de Defesa, o empregado na igreja superior, o cientista que trabalha para que isso aconte\u00e7a. N\u00f3s temos uma ind\u00fastria de Defesa modern\u00edssima, podendo ser muito mais moderna\u201d, disse.<\/p>\n<p>\u201cRepresentamos 2,9% do nosso PIB, e poder\u00edamos ser muito mais. S\u00e3o 3 milh\u00f5es de empregos que tamb\u00e9m poderiam ser ampliados\u201d, complementou M\u00facio.<\/p>\n<p><strong>Nos \u00faltimos anos, o setor de Defesa e seguran\u00e7a tem ganhado import\u00e2ncia crescente na economia brasileira, reunindo empresas com elevado n\u00edvel de inova\u00e7\u00e3o e capacidade produtiva.<\/strong><\/p>\n<p>Para a ApexBrasil, a renova\u00e7\u00e3o do conv\u00eanio refor\u00e7a o compromisso das institui\u00e7\u00f5es em impulsionar o desenvolvimento da \u00e1rea, ampliar exporta\u00e7\u00f5es e atrair investimentos, consolidando o Brasil como fornecedor competitivo no mercado global.<\/p>\n<p>Na avalia\u00e7\u00e3o de Luiz Teixeira, o acordo \u00e9 estrat\u00e9gico para sustentar o crescimento do setor. \u201cO apoio da Apex refor\u00e7a a nossa estrat\u00e9gia de realmente fortalecer a ind\u00fastria l\u00e1 fora\u201d, destacou.<\/p>\n<p>\u201cTemos a base industrial brasileira, que tem investido bastante em inova\u00e7\u00e3o e no desenvolvimento de novos produtos, e vemos o seu crescimento, como no ano passado, quando houve aumento de 100% nas exporta\u00e7\u00f5es de um ano para o outro. Acho que ainda n\u00e3o potencializamos totalmente esse crescimento para os pr\u00f3ximos anos\u201d, refor\u00e7ou Teixeira.<\/p>\n<p>A iniciativa est\u00e1 alinhada \u00e0 estrat\u00e9gia da ApexBrasil de fomentar setores intensivos em tecnologia e inova\u00e7\u00e3o, buscando expandir a atua\u00e7\u00e3o internacional das empresas brasileiras. Ao mesmo tempo, fortalece a base industrial nacional, promovendo a gera\u00e7\u00e3o de empregos, o ganho de competitividade e a afirma\u00e7\u00e3o do Brasil como um participante de destaque no mercado global de Defesa e seguran\u00e7a.<br \/>\n\u00a0<\/p>\n<p>\t\t\t\t\t\t\t\t\t\t<img loading=\"lazy\" decoding=\"async\" src=\"https:\/\/brasil61.com\/api\/v1\/serve_pixel\/17677\/88646\" alt=\"Pixel Brasil 61\" class=\"b61_pixel\" width=\"0\" height=\"0\"><\/p>\n<input type=\"hidden\" id=\"baseurl\" value=\"https:\/\/noticiasdestaque.com.br\"><input type=\"hidden\" id=\"audio_nonce\" value=\"9fd43fe80e\">","protected":false},"excerpt":{"rendered":"<p>A a\u00e7\u00e3o vai beneficiar 74 empresas durante um per\u00edodo de dois anos, com o objetivo de ampliar as vendas do setor para o mercado externo<\/p>\n","protected":false},"author":1,"featured_media":51182,"comment_status":"open","ping_status":"open","sticky":false,"template":"","format":"standard","meta":{"fifu_image_url":"","fifu_image_alt":"","footnotes":""},"categories":[48],"tags":[],"class_list":["post-51181","post","type-post","status-publish","format-standard","has-post-thumbnail","hentry","category-mundo"],"distributor_meta":false,"distributor_terms":false,"distributor_media":false,"distributor_original_site_name":"Noticias em Destaque","distributor_original_site_url":"https:\/\/noticiasdestaque.com.br","push-errors":false,"_links":{"self":[{"href":"https:\/\/noticiasdestaque.com.br\/index.php\/wp-json\/wp\/v2\/posts\/51181","targetHints":{"allow":["GET"]}}],"collection":[{"href":"https:\/\/noticiasdestaque.com.br\/index.php\/wp-json\/wp\/v2\/posts"}],"about":[{"href":"https:\/\/noticiasdestaque.com.br\/index.php\/wp-json\/wp\/v2\/types\/post"}],"author":[{"embeddable":true,"href":"https:\/\/noticiasdestaque.com.br\/index.php\/wp-json\/wp\/v2\/users\/1"}],"replies":[{"embeddable":true,"href":"https:\/\/noticiasdestaque.com.br\/index.php\/wp-json\/wp\/v2\/comments?post=51181"}],"version-history":[{"count":0,"href":"https:\/\/noticiasdestaque.com.br\/index.php\/wp-json\/wp\/v2\/posts\/51181\/revisions"}],"wp:featuredmedia":[{"embeddable":true,"href":"https:\/\/noticiasdestaque.com.br\/index.php\/wp-json\/wp\/v2\/media\/51182"}],"wp:attachment":[{"href":"https:\/\/noticiasdestaque.com.br\/index.php\/wp-json\/wp\/v2\/media?parent=51181"}],"wp:term":[{"taxonomy":"category","embeddable":true,"href":"https:\/\/noticiasdestaque.com.br\/index.php\/wp-json\/wp\/v2\/categories?post=51181"},{"taxonomy":"post_tag","embeddable":true,"href":"https:\/\/noticiasdestaque.com.br\/index.php\/wp-json\/wp\/v2\/tags?post=51181"}],"curies":[{"name":"wp","href":"https:\/\/api.w.org\/{rel}","templated":true}]}}