{"id":51179,"date":"2026-04-01T04:50:00","date_gmt":"2026-04-01T07:50:00","guid":{"rendered":"https:\/\/noticiasdestaque.com.br\/index.php\/2026\/04\/01\/apexbrasil-expande-peiex-em-sao-paulo-e-atende-mais-de-480-empresas\/"},"modified":"2026-04-01T23:37:41","modified_gmt":"2026-04-02T02:37:41","slug":"apexbrasil-expande-peiex-em-sao-paulo-e-atende-mais-de-480-empresas","status":"publish","type":"post","link":"https:\/\/noticiasdestaque.com.br\/index.php\/2026\/04\/01\/apexbrasil-expande-peiex-em-sao-paulo-e-atende-mais-de-480-empresas\/","title":{"rendered":"ApexBrasil expande PEIEX em S\u00e3o Paulo e atende mais de 480 empresas"},"content":{"rendered":"<p>\t\t\t\t\t\t\t\t\t\t<audio controls class=\"b61_audio_player\" data-noticia=\"88644\" src=\"https:\/\/brasil61.com\/rails\/active_storage\/blobs\/eyJfcmFpbHMiOnsibWVzc2FnZSI6IkJBaHBBN0FPQkE9PSIsImV4cCI6bnVsbCwicHVyIjoiYmxvYl9pZCJ9fQ==--2f60a06f89ea6f8d759cfb1d3b97a222ea3c3460\/APEX260117A\"><\/audio><\/p>\n<p><strong>A Ag\u00eancia Brasileira de Promo\u00e7\u00e3o de Exporta\u00e7\u00f5es e Investimentos <a href=\"https:\/\/apexbrasil.com.br\/\" target=\"_blank\">(ApexBrasil)<\/a> expandiu em S\u00e3o Paulo os n\u00facleos do Programa de Qualifica\u00e7\u00e3o para Exporta\u00e7\u00e3o (PEIEX), refor\u00e7ando a prepara\u00e7\u00e3o de empresas brasileiras para o mercado internacional. <\/strong>O programa oferece suporte t\u00e9cnico, diagn\u00f3stico empresarial e elabora\u00e7\u00e3o de planos de exporta\u00e7\u00e3o, contribuindo para ampliar a presen\u00e7a do Brasil no com\u00e9rcio exterior.<\/p>\n<p><strong>O lan\u00e7amento de novos n\u00facleos do Programa, realizado na sexta-feira (27), contou com a participa\u00e7\u00e3o do vice-presidente da Rep\u00fablica e ministro do Desenvolvimento, Ind\u00fastria, Com\u00e9rcio e Servi\u00e7os <a href=\"https:\/\/www.gov.br\/mdic\/pt-br\" target=\"_blank\">(MDIC)<\/a>, Geraldo Alckmin; do presidente da ApexBrasil, Jorge Viana e do diretor de Gest\u00e3o Corporativa da ApexBrasil, Floriano Pesaro, entre outros. \u00a0<\/strong><\/p>\n<p>O presidente da ApexBrasil, Jorge Viana, destacou a relev\u00e2ncia hist\u00f3rica e pr\u00e1tica do PEIEX.<\/p>\n<p>\u201cEsse programa foi criado no primeiro governo do presidente Lula, que criou tanto a Apex quanto o PEIEX, visando qualificar empresas para que elas possam exportar. N\u00e3o \u00e9 uma coisa simples ser exportador: voc\u00ea precisa vencer muita burocracia, muitas regras, e o programa vem fortalecer os que buscam seguir esse caminho com mais confian\u00e7a e previsibilidade\u201d, enfatizou.<\/p>\n<p><strong>Com a expans\u00e3o, novos n\u00facleos foram instalados nas regi\u00f5es da Grande S\u00e3o Paulo, Bauru, Campinas, Ribeir\u00e3o Preto, S\u00e3o Jos\u00e9 do Rio Preto e Sorocaba, garantindo maior cobertura do programa em importantes polos produtivos do estado.<\/strong><\/p>\n<p>O vice-presidente Geraldo Alckmin destacou o impacto da internacionaliza\u00e7\u00e3o para as empresas.<\/p>\n<p>\u201cExportem bastante, conquistem mercados. A Apex existe para isso: ajudar voc\u00eas a conquistarem mercados e trazer investimentos para o Brasil. S\u00e3o duas miss\u00f5es: vender mais e atrair mais investimentos. Empresa que exporta d\u00e1 um upgrade, muda de patamar. Alguns tipos de empresa n\u00e3o existiriam se n\u00e3o exportassem\u201d, pontuou.<\/p>\n<p>Tamb\u00e9m estiveram presentes no lan\u00e7amento o secret\u00e1rio de Desenvolvimento Industrial, Inova\u00e7\u00e3o, Com\u00e9rcio e Servi\u00e7os de SP, Uallace Moreira; a gerente de Competitividade da ApexBrasil, Clarissa Furtado; e o gerente da Unidade de Acesso a Mercados e Servi\u00e7os Financeiros do Sebrae-SP, Jos\u00e9 Alexandre Pereira Ara\u00fajo.<\/p>\n<h2>PEIEX: participa\u00e7\u00e3o de empresas em S\u00e3o Paulo<\/h2>\n<p><strong>Atualmente, 486 empresas participam do PEIEX em S\u00e3o Paulo, sendo que 226 j\u00e1 conclu\u00edram o processo com a entrega do Plano de Exporta\u00e7\u00e3o, enquanto 260 seguem em atendimento. Dessas, 388 produzem bens e 98 atuam no setor de servi\u00e7os.<\/strong><\/p>\n<p><strong>VEJA MAIS:<\/strong><\/p>\n<ul>\n<li><a href=\"https:\/\/brasil61.com\/n\/apexbrasil-e-ministerio-da-saude-promovem-dialogos-estrategicos-com-reino-unido-e-america-latina-apex260116\" target=\"_blank\">ApexBrasil e Minist\u00e9rio da Sa\u00fade promovem di\u00e1logos estrat\u00e9gicos com Reino Unido e Am\u00e9rica Latina<\/a><\/li>\n<li><a href=\"https:\/\/brasil61.com\/n\/industria-brasileira-ganha-projecao-global-na-hannover-messe-2026-apex260115\" target=\"_blank\">Ind\u00fastria brasileira ganha proje\u00e7\u00e3o global na Hannover Messe 2026<\/a><\/li>\n<\/ul>\n<p>Empres\u00e1rios que j\u00e1 participaram do programa destacam os benef\u00edcios, como \u00e9 o caso de Andr\u00e9 Benvenuti, propriet\u00e1rio da Benvenuti Com\u00e9rcio de Frutas.<\/p>\n<p>\u201cSabemos das dificuldades que \u00e9 exportar. Quando n\u00f3s iniciamos, h\u00e1 um ano e meio, esse era o meu objetivo desde o come\u00e7o. Mas a gente sabe que existem v\u00e1rias barreiras e v\u00e1rios acordos para que isso aconte\u00e7a. E a gente precisa de uma base, que \u00e9 a forma\u00e7\u00e3o, a educa\u00e7\u00e3o, a capacita\u00e7\u00e3o. O PEIEX nos d\u00e1 esse suporte, essa parceria de nos fortalecer por meio de rodadas de neg\u00f3cio e do incentivo \u00e0 capacita\u00e7\u00e3o\u201d, relatou.<\/p>\n<p>O PEIEX \u00e9 realizado em parceria com o Sebrae-SP e a Faculdade Sebrae, atendendo mais de 100 munic\u00edpios paulistas. Setores estrat\u00e9gicos incluem alimentos e bebidas, moda, cosm\u00e9ticos, artesanato e m\u00e1quinas e equipamentos.<\/p>\n<h2>Sobre o PEIEX<\/h2>\n<p><strong>O programa integra a estrat\u00e9gia da ApexBrasil de ampliar a base exportadora nacional, qualificar empresas e diversificar a pauta de exporta\u00e7\u00f5es brasileiras.<\/strong><\/p>\n<p>Desde sua cria\u00e7\u00e3o em 2004, o PEIEX \u00e9 o principal programa da ApexBrasil voltado \u00e0 capacita\u00e7\u00e3o de empresas para o mercado internacional, oferecendo atendimento individualizado para companhias de todos os portes e setores interessadas em exportar.<br \/>\n\u00a0<\/p>\n<p>\t\t\t\t\t\t\t\t\t<img loading=\"lazy\" decoding=\"async\" src=\"https:\/\/brasil61.com\/api\/v1\/serve_pixel\/17677\/88644\" alt=\"Pixel Brasil 61\" class=\"b61_pixel\" width=\"0\" height=\"0\"><\/p>\n<input type=\"hidden\" id=\"baseurl\" value=\"https:\/\/noticiasdestaque.com.br\"><input type=\"hidden\" id=\"audio_nonce\" value=\"9fd43fe80e\">","protected":false},"excerpt":{"rendered":"<p>O PEIEX, desenvolvido em conjunto com o Sebrae-SP e a Faculdade Sebrae, oferece atendimento a empresas de mais de 100 munic\u00edpios em todo o estado de S\u00e3o Paulo<\/p>\n","protected":false},"author":1,"featured_media":51205,"comment_status":"open","ping_status":"open","sticky":false,"template":"","format":"standard","meta":{"fifu_image_url":"","fifu_image_alt":"","footnotes":""},"categories":[48],"tags":[],"class_list":["post-51179","post","type-post","status-publish","format-standard","has-post-thumbnail","hentry","category-mundo"],"distributor_meta":false,"distributor_terms":false,"distributor_media":false,"distributor_original_site_name":"Noticias em Destaque","distributor_original_site_url":"https:\/\/noticiasdestaque.com.br","push-errors":false,"_links":{"self":[{"href":"https:\/\/noticiasdestaque.com.br\/index.php\/wp-json\/wp\/v2\/posts\/51179","targetHints":{"allow":["GET"]}}],"collection":[{"href":"https:\/\/noticiasdestaque.com.br\/index.php\/wp-json\/wp\/v2\/posts"}],"about":[{"href":"https:\/\/noticiasdestaque.com.br\/index.php\/wp-json\/wp\/v2\/types\/post"}],"author":[{"embeddable":true,"href":"https:\/\/noticiasdestaque.com.br\/index.php\/wp-json\/wp\/v2\/users\/1"}],"replies":[{"embeddable":true,"href":"https:\/\/noticiasdestaque.com.br\/index.php\/wp-json\/wp\/v2\/comments?post=51179"}],"version-history":[{"count":1,"href":"https:\/\/noticiasdestaque.com.br\/index.php\/wp-json\/wp\/v2\/posts\/51179\/revisions"}],"predecessor-version":[{"id":51204,"href":"https:\/\/noticiasdestaque.com.br\/index.php\/wp-json\/wp\/v2\/posts\/51179\/revisions\/51204"}],"wp:featuredmedia":[{"embeddable":true,"href":"https:\/\/noticiasdestaque.com.br\/index.php\/wp-json\/wp\/v2\/media\/51205"}],"wp:attachment":[{"href":"https:\/\/noticiasdestaque.com.br\/index.php\/wp-json\/wp\/v2\/media?parent=51179"}],"wp:term":[{"taxonomy":"category","embeddable":true,"href":"https:\/\/noticiasdestaque.com.br\/index.php\/wp-json\/wp\/v2\/categories?post=51179"},{"taxonomy":"post_tag","embeddable":true,"href":"https:\/\/noticiasdestaque.com.br\/index.php\/wp-json\/wp\/v2\/tags?post=51179"}],"curies":[{"name":"wp","href":"https:\/\/api.w.org\/{rel}","templated":true}]}}